{"id":552420,"date":"2025-11-23T01:20:16","date_gmt":"2025-11-23T01:20:16","guid":{"rendered":"https:\/\/www.europesays.com\/fr\/552420\/"},"modified":"2025-11-23T01:20:16","modified_gmt":"2025-11-23T01:20:16","slug":"france-australie-fabien-galthie-on-est-moins-en-place-moins-fort-quil-y-a-4-ans","status":"publish","type":"post","link":"https:\/\/www.europesays.com\/fr\/552420\/","title":{"rendered":"France &#8211; Australie. Fabien Galthi\u00e9\u00a0: \u00ab\u00a0On est moins en place, moins fort qu\u2019il y a 4 ans\u00a0\u00bb"},"content":{"rendered":"<p>\n                Parfois agac\u00e9 par la tonalit\u00e9 des questions apr\u00e8s une large victoire malgr\u00e9 une performance brouillonne en premi\u00e8re p\u00e9riode, mais plus aboutie en seconde, le s\u00e9lectionneur du XV de France Fabien Galthi\u00e9 a confirm\u00e9 que son \u00e9quipe ne se trouvait pas encore au niveau o\u00f9 elle devrait \u00eatre. Pourtant, il se dit serein.\n            <\/p>\n<p><strong>Quel est votre bilan de cette tourn\u00e9e d\u2019automne\u00a0?<\/strong><\/p>\n<p>Trois matchs face \u00e0 de tr\u00e8s beaux adversaires, des profils d\u2019\u00e9quipes tr\u00e8s diff\u00e9rents. On termine par une victoire, avec des choses tr\u00e8s positives et des choses moins positives. Mais il y a du contenu. Au final, il y a deux victoires, plus un premier match face \u00e0 l\u2019Afrique du Sud \u00e0 domicile o\u00f9 on a \u00e9t\u00e9 \u00e0 la hauteur pendant 72 minutes. Mais on a besoin d\u2019un peu plus de temps et de v\u00e9cu ensemble\u2026 C\u2019est comme \u00e7a. Il y a donc eu du bon et du moins bon.<\/p>\n<p><strong>Qu\u2019est-ce que vous consid\u00e9rez moins bon\u00a0?<\/strong><\/p>\n<p>Ce que tout le monde voit, on a encaiss\u00e9 cinq essais. Aujourd\u2019hui, les r\u00e8gles de World rugby favorisent l\u2019attaque. On a d\u2019ailleurs marqu\u00e9 beaucoup d\u2019essais aussi. Ce soir, on prend cinq essais, comme face \u00e0 l\u2019Afrique du Sud. Il y a quelque chose qui est r\u00e9current, qui est identifi\u00e9, mais qu\u2019on n\u2019a pas encore totalement rectifi\u00e9. Sauf pendant cette deuxi\u00e8me mi-temps et durant les vingt derni\u00e8res minutes face aux Fidji, c\u2019est la ma\u00eetrise de nos positions d\u00e9fensives sans le ballon. C\u2019est-\u00e0-dire la capacit\u00e9 \u00e0 tenir l\u2019\u00e9change sans se mettre \u00e0 la faute. Ce soir, on fait 8 fautes en premi\u00e8re mi-temps, on a donc d\u00e9fendu cinq ou six p\u00e9naltouches. C\u2019est basique.<\/p>\n<p><strong>\u00cates-vous donc rassur\u00e9\u00a0?<\/strong><\/p>\n<p>On ne cherche pas \u00e0 \u00eatre rassur\u00e9. On cherche \u00e0 jouer les matchs et les aborder avec le plus de force et de la meilleure pr\u00e9paration possible. \u00c0 ce niveau-l\u00e0, on sait que tous les adversaires sont redoutables. Cet adversaire-l\u00e0, on savait qu\u2019il \u00e9tait capable de retourner un match \u00e0 n\u2019importe quel moment, dans n\u2019importe quelles conditions. C\u2019est une \u00e9quipe qui joue tr\u00e8s vite. Donc, \u00ab\u00a0rassur\u00e9\u00a0\u00bb Ce n\u2019est pas le mot. On ne cherche pas \u00e0 \u00eatre rassur\u00e9. On cherche \u00e0 jouer avec confiance.<\/p>\n<p><strong>Vous avez d\u00e9clar\u00e9 sur TF1 que votre niveau de jeu \u00e0 mi-mandat \u00e9tait moins bon que le pr\u00e9c\u00e9dent bilan \u00e0 la m\u00eame p\u00e9riode. Pouvez-vous nous en dire plus\u00a0?<\/strong><\/p>\n<p>Oui, on est moins en place, on est moins fort qu\u2019il y a 4 ans. 4 ans, c\u2019\u00e9tait une s\u00e9rie de 14 victoires cons\u00e9cutives. \u00c7a ne nous a pas emp\u00each\u00e9s de perdre d\u2019un point face \u00e0 l\u2019Afrique du Sud (en quart de finale de la Coupe du monde). Je confirme donc\u00a0: nous ne sommes pas au m\u00eame niveau pour plein de petites raisons. Mais je le dis avec s\u00e9r\u00e9nit\u00e9.<\/p>\n<p><strong>Est-ce qu\u2019il y a finalement de l\u2019inqui\u00e9tude\u00a0?<\/strong><\/p>\n<p>Non, il n\u2019y a que du plaisir de jouer en \u00e9quipe de France. Si on vous \u00e9coute, chaque match nous a pos\u00e9 des probl\u00e8mes. Parfois, on a r\u00e9ussi \u00e0 les r\u00e9gler. Parfois, non, mais on a trouv\u00e9 d\u2019autres solutions Il y a tout de m\u00eame deux victoires face \u00e0 des adversaires diff\u00e9rents. Donc pas d\u2019inqui\u00e9tude, mais de la mati\u00e8re. On a bien identifi\u00e9 les formes de travail qui doivent nous amener \u00e0 progresser. Il nous reste 17 matchs pour cela avant la Coupe du monde. La seule chose qu\u2019on ne ma\u00eetrise pas, ce sont les blessures. D\u2019ailleurs, on se rend compte que les joueurs qui ont \u00e9t\u00e9 bless\u00e9s longtemps, je pense par exemple \u00e0 Anthony Jelonch ou encore \u00e0 Charles Ollivon, qui est sorti sur commotion, ont naturellement beaucoup de fra\u00eecheur.<\/p>\n<p><strong>N\u2019est ce pas finalement une aubaine de faire ce constat aujourd\u2019hui plut\u00f4t qu\u2019\u00e0 un an du Mondial\u00a0?<\/strong><\/p>\n<p>Je ne sais pas. \u00c0 vous entendre\u2026 Il faut qu\u2019on revoie le match. On a quand m\u00eame mis quasiment 50 points \u00e0 l\u2019Australie. Il y a eu 7 essais, il y a eu beaucoup de temps fort. Donc il y a beaucoup de choses positives.<\/p>\n<p><strong>Pourquoi avoir coach\u00e9 si tardivement\u00a0?<\/strong><\/p>\n<p>C\u2019\u00e9tait un choix. Pourquoi\u00a0? Parce qu\u2019on avait une \u00e9quipe tr\u00e8s exp\u00e9riment\u00e9e au d\u00e9part. C\u2019est quasiment notre record en termes de s\u00e9lection. On \u00e9tait au-dessus de 35 s\u00e9lections de moyenne. Pour \u00eatre plus pr\u00e9cis, je crois que c\u2019est 38. En revanche, on avait des finisseurs tr\u00e8s peu exp\u00e9riment\u00e9s, \u00e0 l\u2019exception d\u2019un ou deux joueurs. Nous avions donc d\u00e9cid\u00e9 de faire un coaching de performance par rapport \u00e0 notre ressenti ou un coaching sur blessure. C\u2019est ce qu\u2019on a fait. Et d\u2019ailleurs, \u00e7a s\u2019est bien pass\u00e9. Les finisseurs ont apport\u00e9 vraiment leur fra\u00eecheur et ils sont bien entr\u00e9s dans le match.<\/p>\n<p><strong>La France sera t\u00eate de s\u00e9rie pour le tirage au sort de la Coupe du monde. Contrat rempli\u00a0?<\/strong><\/p>\n<p>J\u2019ai vu qu\u2019il y avait un danger avant le match. Et c\u2019est vrai qu\u2019il existait. Maintenant, on va attendre. Mais le classement de World rugby, il est int\u00e9ressant. Parce que nous lorsque nous jouons 8 matchs, trois en novembre et cinq pendant le Tournoi, avec notre meilleure \u00e9quipe, les Australiens, eux, en ont jou\u00e9 16 cette ann\u00e9e. Les Anglais ont jou\u00e9 un match de plus que nous. Toutes les Nations jouent plus de matchs que nous et \u00e7a compte pour ce classement. Or, on ne peut pas jouer car nous respectons la r\u00e8gle 9 de World rugby et les fen\u00eatres internationales. Eux jouent hors fen\u00eatre. Nous sommes donc class\u00e9s avec deux fois moins de matchs que les autres, tout en restant dans les six meilleures \u00e9quipes du monde.<\/p>\n","protected":false},"excerpt":{"rendered":"Parfois agac\u00e9 par la tonalit\u00e9 des questions apr\u00e8s une large victoire malgr\u00e9 une performance brouillonne en premi\u00e8re p\u00e9riode,&hellip;\n","protected":false},"author":2,"featured_media":552421,"comment_status":"","ping_status":"","sticky":false,"template":"","format":"standard","meta":{"footnotes":""},"categories":[4],"tags":[11,1011,27,12,25],"class_list":{"0":"post-552420","1":"post","2":"type-post","3":"status-publish","4":"format-standard","5":"has-post-thumbnail","7":"category-france","8":"tag-actualites","9":"tag-fr","10":"tag-france","11":"tag-news","12":"tag-republique-francaise"},"share_on_mastodon":{"url":"https:\/\/pubeurope.com\/@fr\/115596389477043050","error":""},"_links":{"self":[{"href":"https:\/\/www.europesays.com\/fr\/wp-json\/wp\/v2\/posts\/552420","targetHints":{"allow":["GET"]}}],"collection":[{"href":"https:\/\/www.europesays.com\/fr\/wp-json\/wp\/v2\/posts"}],"about":[{"href":"https:\/\/www.europesays.com\/fr\/wp-json\/wp\/v2\/types\/post"}],"author":[{"embeddable":true,"href":"https:\/\/www.europesays.com\/fr\/wp-json\/wp\/v2\/users\/2"}],"replies":[{"embeddable":true,"href":"https:\/\/www.europesays.com\/fr\/wp-json\/wp\/v2\/comments?post=552420"}],"version-history":[{"count":0,"href":"https:\/\/www.europesays.com\/fr\/wp-json\/wp\/v2\/posts\/552420\/revisions"}],"wp:featuredmedia":[{"embeddable":true,"href":"https:\/\/www.europesays.com\/fr\/wp-json\/wp\/v2\/media\/552421"}],"wp:attachment":[{"href":"https:\/\/www.europesays.com\/fr\/wp-json\/wp\/v2\/media?parent=552420"}],"wp:term":[{"taxonomy":"category","embeddable":true,"href":"https:\/\/www.europesays.com\/fr\/wp-json\/wp\/v2\/categories?post=552420"},{"taxonomy":"post_tag","embeddable":true,"href":"https:\/\/www.europesays.com\/fr\/wp-json\/wp\/v2\/tags?post=552420"}],"curies":[{"name":"wp","href":"https:\/\/api.w.org\/{rel}","templated":true}]}}