{"id":552424,"date":"2025-11-23T01:23:17","date_gmt":"2025-11-23T01:23:17","guid":{"rendered":"https:\/\/www.europesays.com\/fr\/552424\/"},"modified":"2025-11-23T01:23:17","modified_gmt":"2025-11-23T01:23:17","slug":"bielle-biarrey-depoortere-lucu-les-notes-des-bleus-face-a-laustralie","status":"publish","type":"post","link":"https:\/\/www.europesays.com\/fr\/552424\/","title":{"rendered":"Bielle-Biarrey, Depoortere, Lucu, les notes des Bleus face \u00e0 l&rsquo;Australie"},"content":{"rendered":"<p style=\"text-align: justify;\"><a id=\"notesarrieres\"\/><strong>D\u00e9couvrez les notes du XV de France face \u00e0 l\u2019Australie ce samedi soir, apr\u00e8s <a href=\"https:\/\/dicodusport.fr\/blog\/une-avalanche-dessais-et-une-victoire-du-xv-de-france-face-a-laustralie\/\" target=\"_blank\" rel=\"noopener\">la victoire des Bleus sur le score de 48-33<\/a>.<\/strong><\/p>\n<p>Les notes de la charni\u00e8re<\/p>\n<p style=\"text-align: justify;\"><strong>Maxime Lucu \u2013 3<\/strong><\/p>\n<p style=\"text-align: justify;\"><strong>Le + :<\/strong> RAS<\/p>\n<p style=\"text-align: justify;\"><strong>Le \u2013 :<\/strong> Averti et p\u00e9nalis\u00e9 par les fautes r\u00e9p\u00e9t\u00e9es des siens (35\u00e8me). Trois plaquages manqu\u00e9s dans le premier acte, quatre au total. Offensivement, il a eu du mal \u00e0 bonifier les ballons.<\/p>\n<p style=\"text-align: justify;\"><strong>En bref :<\/strong> Match compliqu\u00e9 du Bordelo-B\u00e9glais, qui a souffert autant dans l\u2019organisation offensive que dans son implication d\u00e9fensive. Un carton jaune, peu d\u2019impact positif : insuffisant \u00e0 ce niveau. Remplac\u00e9 par <strong>Baptiste Jauneau (74\u00e8me)<\/strong>.<\/p>\n<p style=\"text-align: justify;\"><strong>Romain Ntamack \u2013 6<\/strong><\/p>\n<p style=\"text-align: justify;\"><strong>Le + :<\/strong> Passeur d\u00e9cisif pour <strong>Thomas Ramos<\/strong> (25\u00e8me). Bon plaquage (45\u00e8me) et implication d\u00e9fensive solide (7\/8 au plaquage).<\/p>\n<p style=\"text-align: justify;\"><strong>Le \u2013 :<\/strong> Seulement quatre courses dans tout le match, malgr\u00e9 une premi\u00e8re prise d\u2019initiative tr\u00e8s inspir\u00e9e. Il peut et doit attaquer plus souvent la ligne.<\/p>\n<p style=\"text-align: justify;\"><strong>En bref :<\/strong> Une passe d\u00e9cisive de grande classe, mais un manque de prise d\u2019initiatives dans le jeu. D\u00e9fensivement mieux que contre les Fidji. Bilan acceptable, mais frustrant offensivement.<\/p>\n<p>\n<a href=\"https:\/\/dicodusport.fr\/blog\/offres\/abonnements-sans-pub\/\" target=\"_blank\" rel=\"noopener\"><img loading=\"lazy\" decoding=\"async\" class=\"alignnone size-full wp-image-501284 perfmatters-lazy\" alt=\"\" width=\"1200\" height=\"200\" src=\"https:\/\/www.europesays.com\/fr\/wp-content\/uploads\/2025\/04\/Abonnements-sans-pubs-Dicodusport.png\"\/><\/a><\/p>\n<p>Les notes des trois-quarts<\/p>\n<p style=\"text-align: justify;\"><strong>Louis Bielle-Biarrey \u2013 8<\/strong><\/p>\n<p style=\"text-align: justify;\"><strong>Le + :<\/strong> Essai exceptionnel en solitaire (33\u00e8me), doubl\u00e9 (72\u00e8me). D\u00e9j\u00e0 passeur d\u00e9cisif sur le premier essai (9\u00e8me) puis sur le second de <strong>Depoort\u00e8re<\/strong> (52\u00e8me).<\/p>\n<p style=\"text-align: justify;\"><strong>Le \u2013 :<\/strong> Un ballon perdu trop facilement qui am\u00e8ne le 4\u00e8me essai australien (56\u00e8me).<\/p>\n<p style=\"text-align: justify;\"><strong>En bref :<\/strong> Un festival offensif : deux essais, deux passes d\u00e9cisives, quatre essais sur lesquels il est impliqu\u00e9. Une copie brillante, ternie seulement par un ballon arrach\u00e9. Libert\u00e9, \u00e9galit\u00e9, Louis Bielle-Biarrey.<\/p>\n<blockquote class=\"twitter-tweet\">\n<p dir=\"ltr\" lang=\"fr\">\ud83c\uddeb\ud83c\uddf7 France 19 \u2013 12 Australie \ud83c\udde6\ud83c\uddfa<\/p>\n<p>\u23f1 30\u2019 \u2013 Magnifique essai de Louis Bielle-Biarrey !<br \/>L\u2019ailier fait le show et file aplatir, suivi de la transformation r\u00e9ussie de Ramos. \u2705<\/p>\n<p>\ud83d\udcfa Suivez la rencontre en direct sur TF1 et en streaming sur TF1+ : <a href=\"https:\/\/t.co\/0kxE7LuyAo\">https:\/\/t.co\/0kxE7LuyAo<\/a> <a href=\"https:\/\/t.co\/B7K0HHrkoD\">pic.twitter.com\/B7K0HHrkoD<\/a><\/p>\n<p>\u2014 TF1 (@TF1) <a href=\"https:\/\/twitter.com\/TF1\/status\/1992337674989129738?ref_src=twsrc%5Etfw\" target=\"_blank\" rel=\"noopener\">November 22, 2025<\/a><\/p>\n<\/blockquote>\n<p style=\"text-align: justify;\"><strong>Ga\u00ebl Fickou \u2013 5<\/strong><\/p>\n<p style=\"text-align: justify;\"><strong>Le + :<\/strong> Match s\u00e9rieux en d\u00e9fense, huit plaquages r\u00e9ussis sur neuf.<\/p>\n<p style=\"text-align: justify;\"><strong>Le \u2013 :<\/strong> Peu d\u2019avanc\u00e9es (quatre courses, un m\u00e8tre gagn\u00e9). Offensivement trop timide.<\/p>\n<p style=\"text-align: justify;\"><strong>En bref :<\/strong> Correct, mais trop peu pour un joueur qui devait envoyer un message apr\u00e8s son absence lors du deuxi\u00e8me match. Il n\u2019a pas rassur\u00e9. Remplac\u00e9 par <strong><a href=\"https:\/\/dicodusport.fr\/blog\/qui-est-kalvin-gourgues-le-jeune-centre-qui-monte-au-stade-toulousain\/\" target=\"_blank\" rel=\"noopener\">Kalvin Gourgues<\/a> (65\u00e8me)<\/strong>, auteur d\u2019une entr\u00e9e tr\u00e8s convaincante, notamment sur la perc\u00e9e du 6\u00e8me essai (72\u00e8me).<\/p>\n<p><a href=\"https:\/\/dicodusport.fr\/blog\/xv-de-france-gregory-alldritt-et-gael-fickou-capitaines-declasses\/\" class=\"vlp-link\" title=\"XV de France : Gr\u00e9gory Alldritt et Ga\u00e9l Fickou, capitaines d\u00e9class\u00e9s ?\" target=\"_blank\" rel=\"noopener\"><img loading=\"lazy\" decoding=\"async\" style=\"max-width: 792px;\" width=\"792\" height=\"445\" class=\"attachment-800x445 size-800x445 perfmatters-lazy\" alt=\"XV de France Gr\u00e9gory Alldritt et Ga\u00ebl Fickou, capitaines d\u00e9class\u00e9s\" src=\"https:\/\/www.europesays.com\/fr\/wp-content\/uploads\/2025\/11\/XV-de-France-Gregory-Alldritt-et-Gael-Fickou-capitaines-declasses-.png\"  data-\/><\/p>\n<p>XV de France : Gr\u00e9gory Alldritt et Ga\u00e9l Fickou, capitaines d\u00e9class\u00e9s ?<\/p>\n<p>Gr\u00e9gory Alldritt absent de la feuille de match contre l&rsquo;Afrique du Sud, Ga\u00ebl Fickou non align\u00e9 contre les Fidji : deux cadres en d\u00e9classement ? On fait le point.<\/p>\n<p>Lire l&rsquo;article<\/p>\n<p>dicodusport.fr<\/p>\n<p style=\"text-align: justify;\"><strong>Nicolas Depoortere \u2013 7<\/strong><\/p>\n<p style=\"text-align: justify;\"><strong>Le + :<\/strong> Premier essai bien suivi (9\u00e8me), doubl\u00e9 (52\u00e8me). Deux actions d\u00e9fensives cl\u00e9s aboutissant \u00e0 une p\u00e9nalit\u00e9 (29\u00e8me, 61\u00e8me).<\/p>\n<p style=\"text-align: justify;\"><strong>Le \u2013 :<\/strong> Battu par Jorgensen sur le 4\u00e8me essai australien (56\u00e8me).<\/p>\n<p style=\"text-align: justify;\"><strong>En bref :<\/strong> Bon finisseur et interventions d\u00e9fensives pr\u00e9cieuses. Une prestation solide.<\/p>\n<p style=\"text-align: justify;\"><strong>Damian Penaud \u2013 4<\/strong><\/p>\n<p style=\"text-align: justify;\"><strong>Le + :<\/strong> RAS<\/p>\n<p style=\"text-align: justify;\"><strong>Le \u2013 :<\/strong> Une seule course avec ballon.<\/p>\n<p style=\"text-align: justify;\"><strong>En bref :<\/strong> Match trop discret. Malgr\u00e9 son statut et ses records, sa tourn\u00e9e ne restera pas dans les m\u00e9moires.<\/p>\n<p style=\"text-align: justify;\"><strong>Thomas Ramos \u2013 6<\/strong><\/p>\n<p style=\"text-align: justify;\"><strong>Le + :<\/strong> Deuxi\u00e8me essai (25\u00e8me). D\u00e9pass\u00e9e au d\u00e9part du 4\u00e8me essai (52\u00e8me). Belle relance (17\u00e8me).<\/p>\n<p style=\"text-align: justify;\"><strong>Le \u2013 :<\/strong> Manque son plaquage sur Angus Bell (22\u00e8me), il loupe deux coups de pied ce soir.<\/p>\n<p style=\"text-align: justify;\"><strong>En bref :<\/strong> Tourn\u00e9e en demi-teinte. Quelques fulgurances, mais pas \u00e0 son meilleur niveau.<\/p>\n<p>Fabien Galthi\u00e9 \u2013 5<\/p>\n<p style=\"text-align: justify;\"><strong>Le + :<\/strong> Une composition plus joueuse, un choix payant, puisque davantage de ballons jou\u00e9s \u00e0 la main.<\/p>\n<p style=\"text-align: justify;\"><strong>Le \u2013 :<\/strong> Changements trop tardifs. L\u2019impact de <strong>Gourgues<\/strong> aurait justifi\u00e9 une entr\u00e9e plus rapide.<\/p>\n<p style=\"text-align: justify;\"><strong>En bref :<\/strong> Bonne gestion du banc \u2014 enfin \u2014 m\u00eame si tardive. Il a laiss\u00e9 davantage d\u2019initiatives aux joueurs : une \u00e9volution attendue.<\/p>\n<p style=\"text-align: center;\"><a href=\"https:\/\/dicodusport.fr\/blog\/xv-de-france-bielle-biarrey-depoortere-lucu-les-notes-des-bleus-face-a-laustralie\/\" class=\"su-button su-button-style-flat\" style=\"color:#FFFFFF;background-color:#0057ae;border-color:#00468c;border-radius:4px\" target=\"_self\" rel=\"noopener\"> Retour aux notes des avants<\/a><\/p>\n<p><script async src=\"https:\/\/platform.twitter.com\/widgets.js\" charset=\"utf-8\"><\/script><\/p>\n","protected":false},"excerpt":{"rendered":"D\u00e9couvrez les notes du XV de France face \u00e0 l\u2019Australie ce samedi soir, apr\u00e8s la victoire des Bleus&hellip;\n","protected":false},"author":2,"featured_media":552425,"comment_status":"","ping_status":"","sticky":false,"template":"","format":"standard","meta":{"footnotes":""},"categories":[1416],"tags":[5035,2113,1011,27,479,2115,1468,517,60,66969,513],"class_list":{"0":"post-552424","1":"post","2":"type-post","3":"status-publish","4":"format-standard","5":"has-post-thumbnail","7":"category-rugby","8":"tag-australie","9":"tag-breve","10":"tag-fr","11":"tag-france","12":"tag-rugby","13":"tag-rugby-a-xv","14":"tag-rugby-football","15":"tag-sport","16":"tag-sports","17":"tag-tournee-dautomne","18":"tag-xv-de-france"},"share_on_mastodon":{"url":"https:\/\/pubeurope.com\/@fr\/115596402145381812","error":""},"_links":{"self":[{"href":"https:\/\/www.europesays.com\/fr\/wp-json\/wp\/v2\/posts\/552424","targetHints":{"allow":["GET"]}}],"collection":[{"href":"https:\/\/www.europesays.com\/fr\/wp-json\/wp\/v2\/posts"}],"about":[{"href":"https:\/\/www.europesays.com\/fr\/wp-json\/wp\/v2\/types\/post"}],"author":[{"embeddable":true,"href":"https:\/\/www.europesays.com\/fr\/wp-json\/wp\/v2\/users\/2"}],"replies":[{"embeddable":true,"href":"https:\/\/www.europesays.com\/fr\/wp-json\/wp\/v2\/comments?post=552424"}],"version-history":[{"count":0,"href":"https:\/\/www.europesays.com\/fr\/wp-json\/wp\/v2\/posts\/552424\/revisions"}],"wp:featuredmedia":[{"embeddable":true,"href":"https:\/\/www.europesays.com\/fr\/wp-json\/wp\/v2\/media\/552425"}],"wp:attachment":[{"href":"https:\/\/www.europesays.com\/fr\/wp-json\/wp\/v2\/media?parent=552424"}],"wp:term":[{"taxonomy":"category","embeddable":true,"href":"https:\/\/www.europesays.com\/fr\/wp-json\/wp\/v2\/categories?post=552424"},{"taxonomy":"post_tag","embeddable":true,"href":"https:\/\/www.europesays.com\/fr\/wp-json\/wp\/v2\/tags?post=552424"}],"curies":[{"name":"wp","href":"https:\/\/api.w.org\/{rel}","templated":true}]}}