{"id":552426,"date":"2025-11-23T01:24:22","date_gmt":"2025-11-23T01:24:22","guid":{"rendered":"https:\/\/www.europesays.com\/fr\/552426\/"},"modified":"2025-11-23T01:24:22","modified_gmt":"2025-11-23T01:24:22","slug":"a-58-ans-boris-becker-annonce-la-naissance-de-sa-fille-zoe-vittoria","status":"publish","type":"post","link":"https:\/\/www.europesays.com\/fr\/552426\/","title":{"rendered":"\u00c0 58 ans, Boris Becker annonce la naissance de sa fille Zo\u00eb Vittoria"},"content":{"rendered":"<p>Publi\u00e922. novembre 2025, 16:48<\/p>\n<p>Tennis: \u00c0 58 ans, Boris Becker est de nouveau papa<\/p>\n<p>La star du tennis allemand a annonc\u00e9 samedi la naissance de son cinqui\u00e8me enfant. Sa femme,\u00a0Lilian de Carvalho Monteiro, a 23 ans de moins que lui.<\/p>\n<p><img alt=\"Manon Savary\" class=\"sc-b1f21c84-1 fohRrn\"\/><img loading=\"lazy\" decoding=\"async\" src=\"https:\/\/www.europesays.com\/fr\/wp-content\/uploads\/2025\/11\/97466788-683a-4ea0-b55e-34b6d8c0e3f4.jpg\" alt=\"Lilian de Carvalho Monteiro et Boris Becker ont 23 ans d'\u00e9cart. Ils se sont mari\u00e9s l'ann\u00e9e derni\u00e8re.\" title=\"Lilian de Carvalho Monteiro et Boris Becker ont 23 ans d'\u00e9cart. Ils se sont mari\u00e9s l'ann\u00e9e derni\u00e8re.\"  width=\"1200\" height=\"800\"\/><\/p>\n<p>Lilian de Carvalho Monteiro et Boris Becker ont 23 ans d&rsquo;\u00e9cart. Ils se sont mari\u00e9s l&rsquo;ann\u00e9e derni\u00e8re.<\/p>\n<p>IMAGO\/Eventpress<\/p>\n<p>Boris Becker est aux anges! La l\u00e9gende du tennis allemand a annonc\u00e9 samedi la naissance de sa fille. \u00abBienvenue sur terre&#8230;Zo\u00eb Vittoria Becker\u00bb, a-t-il \u00e9crit sur Instagram. Elle est n\u00e9e le 21 novembre \u00e0 Milan. Lenny Kravitz a \u00e9t\u00e9 l&rsquo;un des premiers \u00e0 se r\u00e9jouir de cette bonne nouvelle. \u00abF\u00e9licitations! Que Dieu vous b\u00e9nisse\u00bb, a \u00e9crit le chanteur am\u00e9ricain en commentaire.<\/p>\n<p>Il s&rsquo;agit du cinqui\u00e8me enfant de l&rsquo;homme de 58 ans, le premier avec Lilian de Carvalho Monteiro (35 ans), avec qui il s&rsquo;est mari\u00e9 l&rsquo;ann\u00e9e derni\u00e8re. L&rsquo;ancien vainqueur de Wimbledon a d\u00e9j\u00e0 quatre enfants issus de relations pr\u00e9c\u00e9dentes.<\/p>\n<p>Boris Becker avait \u00e9t\u00e9 mari\u00e9 avec Barbara Becker entre 1993 \u00e0 2001. De cette union sont n\u00e9s leurs fils Noah et Elias. Il y a quelques semaines, l&rsquo;ancien joueur de tennis avait publi\u00e9 une photo sur les r\u00e9seaux lors d&rsquo;une sortie nocturne \u00e0 Berlin. \u00abLes enfants grandissent vite et, tout \u00e0 coup, ils sont plus occup\u00e9s que vous&#8230;\u00bb, avait-il comment\u00e9, en se r\u00e9jouissant d&rsquo;avoir pu passer ce moment avec ses enfants.<\/p>\n<p>Huit ans apr\u00e8s son divorce avec Barbara, l&rsquo;Allemand a \u00e9pous\u00e9 le mannequin n\u00e9erlandais Lilly Becker, avec qui il a eu un fils, Amadeus. Boris Becker est \u00e9galement le p\u00e8re d&rsquo;une fille, Anna Ermakova, issue d&rsquo;une relation avec le mannequin russo-britannique Angela Ermakova.<\/p>\n<p>Tu nous suis d\u00e9j\u00e0 sur WhatsApp?<\/p>\n<p>Abonne-toi \u00e0 notre cha\u00eene, active la petite \ud83d\udd14 et tu recevras un <strong>r\u00e9cap de l&rsquo;actu<\/strong> chaque jour en <strong>d\u00e9but de soir\u00e9e<\/strong>.<\/p>\n<p>(ofu)<\/p>\n","protected":false},"excerpt":{"rendered":"Publi\u00e922. novembre 2025, 16:48 Tennis: \u00c0 58 ans, Boris Becker est de nouveau papa La star du tennis&hellip;\n","protected":false},"author":2,"featured_media":552427,"comment_status":"","ping_status":"","sticky":false,"template":"","format":"standard","meta":{"footnotes":""},"categories":[1415],"tags":[1011,27,60,1467],"class_list":{"0":"post-552426","1":"post","2":"type-post","3":"status-publish","4":"format-standard","5":"has-post-thumbnail","7":"category-tennis","8":"tag-fr","9":"tag-france","10":"tag-sports","11":"tag-tennis"},"share_on_mastodon":{"url":"https:\/\/pubeurope.com\/@fr\/115596405382375717","error":""},"_links":{"self":[{"href":"https:\/\/www.europesays.com\/fr\/wp-json\/wp\/v2\/posts\/552426","targetHints":{"allow":["GET"]}}],"collection":[{"href":"https:\/\/www.europesays.com\/fr\/wp-json\/wp\/v2\/posts"}],"about":[{"href":"https:\/\/www.europesays.com\/fr\/wp-json\/wp\/v2\/types\/post"}],"author":[{"embeddable":true,"href":"https:\/\/www.europesays.com\/fr\/wp-json\/wp\/v2\/users\/2"}],"replies":[{"embeddable":true,"href":"https:\/\/www.europesays.com\/fr\/wp-json\/wp\/v2\/comments?post=552426"}],"version-history":[{"count":0,"href":"https:\/\/www.europesays.com\/fr\/wp-json\/wp\/v2\/posts\/552426\/revisions"}],"wp:featuredmedia":[{"embeddable":true,"href":"https:\/\/www.europesays.com\/fr\/wp-json\/wp\/v2\/media\/552427"}],"wp:attachment":[{"href":"https:\/\/www.europesays.com\/fr\/wp-json\/wp\/v2\/media?parent=552426"}],"wp:term":[{"taxonomy":"category","embeddable":true,"href":"https:\/\/www.europesays.com\/fr\/wp-json\/wp\/v2\/categories?post=552426"},{"taxonomy":"post_tag","embeddable":true,"href":"https:\/\/www.europesays.com\/fr\/wp-json\/wp\/v2\/tags?post=552426"}],"curies":[{"name":"wp","href":"https:\/\/api.w.org\/{rel}","templated":true}]}}