{"id":552428,"date":"2025-11-23T01:28:26","date_gmt":"2025-11-23T01:28:26","guid":{"rendered":"https:\/\/www.europesays.com\/fr\/552428\/"},"modified":"2025-11-23T01:28:26","modified_gmt":"2025-11-23T01:28:26","slug":"cest-super-quand-de-tels-coureurs-viennent-sur-des-petites-courses-valentin-madouas-lattraction-du-cyclo-cross-de-gouesnou","status":"publish","type":"post","link":"https:\/\/www.europesays.com\/fr\/552428\/","title":{"rendered":"\u00ab\u00a0C\u2019est super quand de tels coureurs viennent sur des petites courses\u00a0\u00bb, Valentin Madouas, l\u2019attraction du cyclo-cross de Gouesnou"},"content":{"rendered":"<p>Cyclo-cross de Gouesnou<\/p>\n<p>Habituellement en course aux quatre coins du globe, Valentin Madouas tenait \u00e0 honorer, samedi, ce rendez-vous \u00e0 la maison. Devant une partie de sa famille, malgr\u00e9 un public clairsem\u00e9 par une m\u00e9t\u00e9o difficile, son plaisir \u00e9tait \u00e9vident.<\/p>\n<p>\u00ab Je fais le tour du monde le reste de l\u2019ann\u00e9e, donc si je ne suis pas capable d\u2019\u00eatre l\u00e0, personne ne le fait \u00bb, souriait-il. Avec seulement quatre sorties d\u2019entra\u00eenement dans les jambes, sa quatri\u00e8me place lui convenait parfaitement. \u00ab Je voulais juste ne pas prendre de tour par Nicolas David. C\u2019est r\u00e9ussi. \u00bb Le vice-champion olympique 2024 repart m\u00eame avec le titre honorifique de meilleur Gouesnousien.<\/p>\n<p><img decoding=\"async\" src=\"https:\/\/www.europesays.com\/fr\/wp-content\/uploads\/2025\/11\/6921f7e5066adfc4c80a86dc.1.jpeg\" width=\"480\" height=\"300\" class=\"web_golden_m\" loading=\"lazy\" alt=\"Valentin Madouas (Groupama-FDJ) a termin\u00e9 quatri\u00e8me \u00e0 Gouesnou.\"\/>Valentin Madouas (Groupama-FDJ) a termin\u00e9 quatri\u00e8me \u00e0 Gouesnou. (Photo Antoine P\u00e9riou)\u00ab Se mesurer \u00e0 de grands noms du cyclisme fran\u00e7ais \u00bb<\/p>\n<p>Plus que sa performance, c\u2019est sa simple pr\u00e9sence qui a marqu\u00e9 ses adversaires du jour. \u00ab J\u2019avais d\u00e9j\u00e0 fini devant lui il <a href=\"https:\/\/www.letelegramme.fr\/sports\/cyclisme\/cyclo-cross\/cyclo-cross-de-lannion-une-ambiance-que-personne-nattendait-6495234.php\" target=\"_blank\" rel=\"noopener\">y a deux ans \u00e0 Lannion.<\/a> C\u2019est super quand de tels coureurs viennent sur des petites courses comme \u00e7a \u00bb, appr\u00e9cie Hugo Le Goff (VCP Loud\u00e9ac), deuxi\u00e8me derri\u00e8re l\u2019intouchable Nicolas David. \u00ab Ce n\u2019est pas le cas tous les week-ends. \u00c7a permet \u00e0 ceux qui n\u2019ont pas acc\u00e8s aux grosses courses de se mesurer \u00e0 de grands noms du cyclisme fran\u00e7ais. \u00bb<\/p>\n<p>Troisi\u00e8me \u00e0 l\u2019arriv\u00e9e, Pierrick Queffurus (VS Plabennec) savourait lui aussi l\u2019instant. \u00ab \u00c7a chambrait au d\u00e9part. Lui voulait partir dernier, il ne voulait pas trop jouer \u00e0 la bagarre. C\u2019est toujours plaisant de courir contre quelqu\u2019un de ce niveau. \u00bb<\/p>\n<p>D\u00e8s ce dimanche, Madouas encha\u00eene avec le cyclo-cross des Trois Moutons, finale du challenge du Bout du Monde \u00e0 Lampaul-Ploudalm\u00e9zeau, dans une approche m\u00ealant plaisir et foncier. \u00ab Je vais faire deux heures de v\u00e9lo le matin, puis le cyclo-cross pour finir. Au moins, j\u2019aurai travaill\u00e9. Je vais rentrer content, j\u2019aurai fait mes efforts. \u00bb<\/p>\n","protected":false},"excerpt":{"rendered":"Cyclo-cross de Gouesnou Habituellement en course aux quatre coins du globe, Valentin Madouas tenait \u00e0 honorer, samedi, ce&hellip;\n","protected":false},"author":2,"featured_media":552429,"comment_status":"","ping_status":"","sticky":false,"template":"","format":"standard","meta":{"footnotes":""},"categories":[1411],"tags":[1154,207,59294,1011,27,10151,60,19282],"class_list":{"0":"post-552428","1":"post","2":"type-post","3":"status-publish","4":"format-standard","5":"has-post-thumbnail","7":"category-cyclisme","8":"tag-cycling","9":"tag-cyclisme","10":"tag-cyclo-cross","11":"tag-fr","12":"tag-france","13":"tag-gouesnou","14":"tag-sports","15":"tag-valentin-madouas"},"share_on_mastodon":{"url":"https:\/\/pubeurope.com\/@fr\/115596422458313205","error":""},"_links":{"self":[{"href":"https:\/\/www.europesays.com\/fr\/wp-json\/wp\/v2\/posts\/552428","targetHints":{"allow":["GET"]}}],"collection":[{"href":"https:\/\/www.europesays.com\/fr\/wp-json\/wp\/v2\/posts"}],"about":[{"href":"https:\/\/www.europesays.com\/fr\/wp-json\/wp\/v2\/types\/post"}],"author":[{"embeddable":true,"href":"https:\/\/www.europesays.com\/fr\/wp-json\/wp\/v2\/users\/2"}],"replies":[{"embeddable":true,"href":"https:\/\/www.europesays.com\/fr\/wp-json\/wp\/v2\/comments?post=552428"}],"version-history":[{"count":0,"href":"https:\/\/www.europesays.com\/fr\/wp-json\/wp\/v2\/posts\/552428\/revisions"}],"wp:featuredmedia":[{"embeddable":true,"href":"https:\/\/www.europesays.com\/fr\/wp-json\/wp\/v2\/media\/552429"}],"wp:attachment":[{"href":"https:\/\/www.europesays.com\/fr\/wp-json\/wp\/v2\/media?parent=552428"}],"wp:term":[{"taxonomy":"category","embeddable":true,"href":"https:\/\/www.europesays.com\/fr\/wp-json\/wp\/v2\/categories?post=552428"},{"taxonomy":"post_tag","embeddable":true,"href":"https:\/\/www.europesays.com\/fr\/wp-json\/wp\/v2\/tags?post=552428"}],"curies":[{"name":"wp","href":"https:\/\/api.w.org\/{rel}","templated":true}]}}