{"id":552440,"date":"2025-11-23T01:36:07","date_gmt":"2025-11-23T01:36:07","guid":{"rendered":"https:\/\/www.europesays.com\/fr\/552440\/"},"modified":"2025-11-23T01:36:07","modified_gmt":"2025-11-23T01:36:07","slug":"glenn-close-meconnaissable-dans-la-premiere-bande-annonce-de-la-suite-de-la-saga-video","status":"publish","type":"post","link":"https:\/\/www.europesays.com\/fr\/552440\/","title":{"rendered":"Glenn Close m\u00e9connaissable dans la premi\u00e8re bande-annonce de la suite de la saga (VIDEO)"},"content":{"rendered":"<p>Ce jeudi 20 novembre 2025, la bande-annonce de Hunger Games : Lever de Soleil sur la moisson, le sixi\u00e8me volet de la saga, a \u00e9t\u00e9 d\u00e9voil\u00e9e. On y d\u00e9couvre Glenn Close dans un r\u00f4le extravagant. Attention, vous risquez de ne pas la reconna\u00eetre !<\/p>\n<p>Treize ans apr\u00e8s la sortie du premier opus de la franchise <a href=\"https:\/\/www.programme-tv.net\/news\/cinema\/384703-hunger-games-je-l-aurais-portee-n-importe-ou-sam-claflin-se-souvient-avec-emotion-de-sa-partenaire-decedee\/\" data-api-deeplink=\"teleloisirs:\/\/news\/384703\" target=\"_blank\" rel=\"noopener\">Hunger Games<\/a>, elle est de retour. Metropolitan Films a d\u00e9voil\u00e9 la bande-annonce du sixi\u00e8me film de la saga, <a href=\"https:\/\/www.programme-tv.net\/news\/cinema\/375164-hunger-games-5-choses-que-le-nouveau-roman-lever-de-soleil-sur-la-moisson-nous-apprend-sur-la-saga\/\" data-api-deeplink=\"teleloisirs:\/\/news\/375164\" target=\"_blank\" rel=\"noopener\">Lever de Soleil sur la moisson<\/a>, ce jeudi 20 novembre 2025. Il s&rsquo;agit du second prequel de la trilogie originale Hunger Games, toujours adapt\u00e9 des romans de Suzanne Collins. On y suit la jeunesse de Haymitch, qui f\u00eate son 16e anniversaire le jour du tirage au sort pour les 50e Hunger Games. Pour cette \u00e9dition sp\u00e9ciale, le pouvoir central a demand\u00e9 aux districts d&rsquo;envoyer deux fois plus de tributs que d&rsquo;habitude pour se battre et s&rsquo;entretuer. Par un concours de circonstances, Haymitch finit par \u00eatre tir\u00e9 au sort pour le District 12. Lever de Soleil sur la moisson raconte son parcours dans ces jeux \u2013 dont on sait d\u00e9j\u00e0 qu&rsquo;il ressort vainqueur, puisque l&rsquo;on conna\u00eet Haymitch, plus vieux et alcoolique, comme mentor de Katniss et Pita dans les premiers films.<\/p>\n<p>Cette premi\u00e8re bande-annonce est l&rsquo;occasion de voir de nouveaux personnages dans la franchise. D\u00e8s les premi\u00e8res secondes du trailer, on d\u00e9couvre notamment Drusilla Sickle, la chaperonne des tributs du District 12, incarn\u00e9e par Glenn Close. Mais ne vous attendez pas \u00e0 d\u00e9couvrir l&rsquo;actrice dans son apparence habituelle. <b>Elle est ici dans un apparat exceptionnel, digne des plus grands stylistes de <\/b><b>Hunger Games<\/b>. Elle arbore notamment une perruque orange, surmont\u00e9e d&rsquo;un oiseau en plumes. Sa robe, tout en latex jaune et noir, semble l&#8217;emp\u00eacher de se d\u00e9placer correctement. Elle doit donc se laisser transporter sur une sorte de table verticale roulante, pouss\u00e9e par des serviteurs.<\/p>\n<p>Qui sont les acteurs \u00e0 retrouver dans Hunger Games 6 ?<\/p>\n<p>En plus de Glenn Close, on retrouve d&rsquo;autres acteurs de renom dans ce sixi\u00e8me film de la franchise. <a href=\"https:\/\/www.programme-tv.net\/biographie\/401-fiennes-ralph\/\" data-link-people=\"890bb0d2-743e-4dea-a0f2-e64a78fa787d\" target=\"_blank\" rel=\"noopener\">Ralph Fiennes<\/a>, interpr\u00e8te culte de Voldemort dans la saga <a href=\"https:\/\/www.programme-tv.net\/news\/series-tv\/392364-harry-potter-je-ne-veux-pas-etre-une-ombre-dans-leur-vie-daniel-radcliffe-revele-l-echange-qu-il-a-eu-avec-dominic-mclaughlin-qui-reprend-son-role-dans-la-serie\/\" data-api-deeplink=\"teleloisirs:\/\/news\/392364\" target=\"_blank\" rel=\"noopener\">Harry Potter<\/a>, joue le pr\u00e9sident Snow. <a href=\"https:\/\/www.programme-tv.net\/biographie\/5398-fanning-elle\/\" data-link-people=\"f6ce569a-0028-409b-b9fe-bcf26d0aebbb\" target=\"_blank\" rel=\"noopener\"><b>Elle Fanning<\/b><\/a><b> reprend le r\u00f4le d&rsquo;Effie Trinket<\/b>, avec ses tenues extravagantes, jeune. Quant \u00e0 Haymitch, il est jou\u00e9 par l&rsquo;Australien de 20 ans Joseph Zada, vu dans <a href=\"https:\/\/www.programme-tv.net\/news\/series-tv\/381556-nous-les-menteurs-une-saison-2-est-elle-possible-la-creatrice-de-la-serie-repond\/\" data-api-deeplink=\"teleloisirs:\/\/news\/381556\" target=\"_blank\" rel=\"noopener\">Nous les menteurs<\/a>, sur Amazon Prime Video. Le film sera diffus\u00e9 au cin\u00e9ma le 25 novembre 2026.<\/p>\n<p>D\u00e9couvrez la bande-annonce de Hunger Games : Lever de Soleil sur la moisson ci-dessus.<\/p>\n","protected":false},"excerpt":{"rendered":"Ce jeudi 20 novembre 2025, la bande-annonce de Hunger Games : Lever de Soleil sur la moisson, le&hellip;\n","protected":false},"author":2,"featured_media":552441,"comment_status":"","ping_status":"","sticky":false,"template":"","format":"standard","meta":{"footnotes":""},"categories":[1354],"tags":[1409,244,58,59,1346,1011,27,53770,6719,1360,36266],"class_list":{"0":"post-552440","1":"post","2":"type-post","3":"status-publish","4":"format-standard","5":"has-post-thumbnail","7":"category-films","8":"tag-bande-annonce","9":"tag-commentaire","10":"tag-divertissement","11":"tag-entertainment","12":"tag-films","13":"tag-fr","14":"tag-france","15":"tag-glenn-close","16":"tag-hunger-games","17":"tag-movies","18":"tag-sorties-cinu00e9ma"},"share_on_mastodon":{"url":"https:\/\/pubeurope.com\/@fr\/115596452511282572","error":""},"_links":{"self":[{"href":"https:\/\/www.europesays.com\/fr\/wp-json\/wp\/v2\/posts\/552440","targetHints":{"allow":["GET"]}}],"collection":[{"href":"https:\/\/www.europesays.com\/fr\/wp-json\/wp\/v2\/posts"}],"about":[{"href":"https:\/\/www.europesays.com\/fr\/wp-json\/wp\/v2\/types\/post"}],"author":[{"embeddable":true,"href":"https:\/\/www.europesays.com\/fr\/wp-json\/wp\/v2\/users\/2"}],"replies":[{"embeddable":true,"href":"https:\/\/www.europesays.com\/fr\/wp-json\/wp\/v2\/comments?post=552440"}],"version-history":[{"count":0,"href":"https:\/\/www.europesays.com\/fr\/wp-json\/wp\/v2\/posts\/552440\/revisions"}],"wp:featuredmedia":[{"embeddable":true,"href":"https:\/\/www.europesays.com\/fr\/wp-json\/wp\/v2\/media\/552441"}],"wp:attachment":[{"href":"https:\/\/www.europesays.com\/fr\/wp-json\/wp\/v2\/media?parent=552440"}],"wp:term":[{"taxonomy":"category","embeddable":true,"href":"https:\/\/www.europesays.com\/fr\/wp-json\/wp\/v2\/categories?post=552440"},{"taxonomy":"post_tag","embeddable":true,"href":"https:\/\/www.europesays.com\/fr\/wp-json\/wp\/v2\/tags?post=552440"}],"curies":[{"name":"wp","href":"https:\/\/api.w.org\/{rel}","templated":true}]}}