{"id":552451,"date":"2025-11-23T01:42:37","date_gmt":"2025-11-23T01:42:37","guid":{"rendered":"https:\/\/www.europesays.com\/fr\/552451\/"},"modified":"2025-11-23T01:42:37","modified_gmt":"2025-11-23T01:42:37","slug":"marjorie-taylor-greene-figure-du-camp-maga-demissionne-du-congres-apres-sa-brouille-avec-donald-trump","status":"publish","type":"post","link":"https:\/\/www.europesays.com\/fr\/552451\/","title":{"rendered":"Marjorie Taylor Greene, figure du camp \u00abMAGA\u00bb, d\u00e9missionne du Congr\u00e8s apr\u00e8s sa brouille avec Donald Trump"},"content":{"rendered":"<p>\n    La repr\u00e9sentante de G\u00e9orgie est en d\u00e9saccord avec le pr\u00e9sident am\u00e9ricain, dont elle critique la politique \u00e9conomique et sa gestion de la tr\u00e8s sensible affaire Epstein.<\/p>\n<p class=\"fig-paragraph\">Nouveau coup de th\u00e9\u00e2tre \u00e0 Washington. La repr\u00e9sentante r\u00e9publicaine\u00a0<a href=\"https:\/\/www.lefigaro.fr\/tag\/marjorie-taylor-greene\" target=\"_blank\" rel=\"sponsored noopener nofollow\" data-gtm-custom-categorie=\"navigation\" data-gtm-custom-action=\"crossclick\" data-gtm-custom-label=\"Contextuel\" data-gtm-event=\"customEventSPE\">Marjorie Taylor Greene<\/a>\u00a0a annonc\u00e9 vendredi qu\u2019elle d\u00e9missionnait de son poste au Congr\u00e8s. \u00abJe d\u00e9missionnerai de mes fonctions le 5 janvier 2026\u00bb, a d\u00e9clar\u00e9 l\u2019\u00e9lue de G\u00e9orgie dans un communiqu\u00e9 sur le r\u00e9seau social X, ajoutant que \u00abd\u00e9fendre les femmes am\u00e9ricaines qui ont \u00e9t\u00e9 viol\u00e9es \u00e0 l\u2019\u00e2ge de 14 ans, victimes de trafic et exploit\u00e9es par des hommes riches et puissants ne devrait pas m\u2019exposer \u00e0 \u00eatre qualifi\u00e9e de tra\u00eetre et \u00eatre menac\u00e9e par le pr\u00e9sident des \u00c9tats-Unis, pour lequel je me suis battue\u00bb.<\/p>\n<p class=\"fig-paragraph\">L\u2019\u00e9lue am\u00e9ricaine a, \u00e0 plusieurs reprises, critiqu\u00e9 publiquement la politique \u00e9conomique de Donald Trump, en lui reprochant de ne pas se concentrer assez sur la question du pouvoir d\u2019achat. Mais elle a surtout condamn\u00e9 sa gestion de la tr\u00e8s sensible\u00a0<a href=\"https:\/\/www.lefigaro.fr\/tag\/affaire-epstein\" target=\"_blank\" rel=\"sponsored noopener nofollow\" data-gtm-custom-categorie=\"navigation\" data-gtm-custom-action=\"crossclick\" data-gtm-custom-label=\"Contextuel\" data-gtm-event=\"customEventSPE\">affaire Jeffrey Epstein<\/a>. Le pr\u00e9sident am\u00e9ricain \u00abs\u2019en prend \u00e0 moi avec force pour faire un exemple et faire peur aux autres R\u00e9publicains avant le vote de la semaine prochaine\u00bb, avait r\u00e9agi Marjorie Taylor Greene sur X, \u00e0 quelques jours d\u2019un vote \u00e0 la Chambre des repr\u00e9sentants visant \u00e0 forcer la publication, par l\u2019administration Trump, de dossiers relatifs \u00e0 ce d\u00e9linquant sexuel au spectaculaire carnet d\u2019adresses. Elle avait notamment jug\u00e9 \u00abstup\u00e9fiant de voir \u00e0 quel point il se bat\u00bb pour emp\u00eacher une publication.<\/p>\n<p class=\"fig-body-link\">\n            \u00c0 lire aussi<br \/>\n        <a class=\"fig-body-link__link fig-premium-mark\" href=\"http:\/\/www.lefigaro.fr\/international\/elle-a-vire-a-l-extreme-gauche-marjorie-taylor-greene-elue-de-georgie-et-figure-maga-qui-tourne-le-dos-a-donald-trump-20251117\" target=\"_blank\" data-fig-type=\"Article\" rel=\"noopener nofollow\" data-gtm-custom-categorie=\"navigation\" data-gtm-custom-action=\"crossclick\" data-gtm-custom-label=\"Contextuel\" data-gtm-event=\"customEventSPE\" data-fig-domain=\"LEFIGARO\"><\/p>\n<p>        \u00abElle a vir\u00e9 \u00e0 l\u2019extr\u00eame gauche\u00bb\u00a0: Marjorie Taylor Greene, figure \u00abMaga\u00bb devenue rebelle \u00e0 Donald Trump<br \/>\n    <\/a>\n<\/p>\n<p>                                    <a class=\"fig-a11y-skip a11y-hidden\" href=\"#fig-a11y-skip-main-inarticle\"><br \/>\n        Passer la publicit\u00e9<br \/>\n    <\/a><\/p>\n<p class=\"fig-paragraph\">De son c\u00f4t\u00e9, Donald Trump avait fini par rompre avec cette alli\u00e9e embl\u00e9matique et figure du camp MAGA (\u00abMake America Great Again\u00bb). \u00abJe retire mon soutien \u00e0 l\u2019\u00e9lue Marjorie Taylor Greene\u00bb, avait-il \u00e9crit sur son r\u00e9seau Truth Social, vendredi 15 novembre, ajoutant\u00a0: \u00abMaggie \u201cla Dingue\u201d ne fait que SE PLAINDRE, SE PLAINDRE, SE PLAINDRE\u00bb \u00e0 propos de la repr\u00e9sentante de G\u00e9orgie (sud-est).<\/p>\n","protected":false},"excerpt":{"rendered":"La repr\u00e9sentante de G\u00e9orgie est en d\u00e9saccord avec le pr\u00e9sident am\u00e9ricain, dont elle critique la politique \u00e9conomique et&hellip;\n","protected":false},"author":2,"featured_media":552452,"comment_status":"","ping_status":"","sticky":false,"template":"","format":"standard","meta":{"footnotes":""},"categories":[5],"tags":[11,75,73,1011,27,14,12,28],"class_list":{"0":"post-552451","1":"post","2":"type-post","3":"status-publish","4":"format-standard","5":"has-post-thumbnail","7":"category-international","8":"tag-actualites","9":"tag-donald-trump","10":"tag-etats-unis","11":"tag-fr","12":"tag-france","13":"tag-international","14":"tag-news","15":"tag-world"},"share_on_mastodon":{"url":"https:\/\/pubeurope.com\/@fr\/115596475959435943","error":""},"_links":{"self":[{"href":"https:\/\/www.europesays.com\/fr\/wp-json\/wp\/v2\/posts\/552451","targetHints":{"allow":["GET"]}}],"collection":[{"href":"https:\/\/www.europesays.com\/fr\/wp-json\/wp\/v2\/posts"}],"about":[{"href":"https:\/\/www.europesays.com\/fr\/wp-json\/wp\/v2\/types\/post"}],"author":[{"embeddable":true,"href":"https:\/\/www.europesays.com\/fr\/wp-json\/wp\/v2\/users\/2"}],"replies":[{"embeddable":true,"href":"https:\/\/www.europesays.com\/fr\/wp-json\/wp\/v2\/comments?post=552451"}],"version-history":[{"count":0,"href":"https:\/\/www.europesays.com\/fr\/wp-json\/wp\/v2\/posts\/552451\/revisions"}],"wp:featuredmedia":[{"embeddable":true,"href":"https:\/\/www.europesays.com\/fr\/wp-json\/wp\/v2\/media\/552452"}],"wp:attachment":[{"href":"https:\/\/www.europesays.com\/fr\/wp-json\/wp\/v2\/media?parent=552451"}],"wp:term":[{"taxonomy":"category","embeddable":true,"href":"https:\/\/www.europesays.com\/fr\/wp-json\/wp\/v2\/categories?post=552451"},{"taxonomy":"post_tag","embeddable":true,"href":"https:\/\/www.europesays.com\/fr\/wp-json\/wp\/v2\/tags?post=552451"}],"curies":[{"name":"wp","href":"https:\/\/api.w.org\/{rel}","templated":true}]}}