{"id":552464,"date":"2025-11-23T01:58:37","date_gmt":"2025-11-23T01:58:37","guid":{"rendered":"https:\/\/www.europesays.com\/fr\/552464\/"},"modified":"2025-11-23T01:58:37","modified_gmt":"2025-11-23T01:58:37","slug":"rouen-inaugure-un-monument-a-la-memoire-des-personnes-lgbtia-victimes-de-violence-et-de-haine","status":"publish","type":"post","link":"https:\/\/www.europesays.com\/fr\/552464\/","title":{"rendered":"Rouen inaugure un monument \u00e0 la m\u00e9moire des personnes LGBTIA+ victimes de violence et de haine"},"content":{"rendered":"<p class=\"article__intro\">Install\u00e9e au square Verdrel dans le centre-ville de Rouen, cette \u0153uvre a \u00e9t\u00e9 cr\u00e9\u00e9e par l&rsquo;artiste normande Chlo\u00e9 Kelly Miller. \u00ab\u00a0La Passeuse\u00a0\u00bb entend transmettre la m\u00e9moire de ceux et celles qui subissent des discriminations, parfois jusqu&rsquo;\u00e0 la mort. <\/p>\n<p>\n      La Quotidienne Soci\u00e9t\u00e9\n    <\/p>\n<p>\n      De la vie quotidienne aux grands enjeux, recevez tous les jours les sujets qui font la soci\u00e9t\u00e9 locale, comme la justice, l\u2019\u00e9ducation, la sant\u00e9 et la famille.\n    <\/p>\n<p>    France T\u00e9l\u00e9visions utilise votre adresse e-mail afin de vous envoyer la newsletter \u00ab\u00a0La Quotidienne Soci\u00e9t\u00e9\u00a0\u00bb. Vous pouvez vous d\u00e9sinscrire \u00e0 tout moment via le lien en bas de cette newsletter. <a target=\"_blank\" href=\"https:\/\/www.francetelevisions.fr\/groupe\/confidentialite\/politique-de-confidentialite\/politique-de-confidentialite-de-france-televisions-6503\" rel=\"nofollow noopener\">Notre politique de confidentialit\u00e9<\/a><\/p>\n<p>Une sculpture de deux m\u00e8tres, orn\u00e9e de multiples visages et parsem\u00e9e d&#8217;empreintes de mains et de quelques \u00e9toiles. Un monument aussi colossal que le message qu&rsquo;il d\u00e9livre.<\/p>\n<p>Ce samedi 22 novembre, en plein c\u0153ur de la ville de Rouen (Seine-Maritime), associations, \u00e9lus et citoyens se sont donn\u00e9s rendez-vous au square Verdrel pour inaugurer \u00ab\u00a0la Passeuse\u00a0\u00bb, l&rsquo;\u0153uvre de la normande Chlo\u00e9 Kelly Miller.<\/p>\n<\/p>\n<p>\u00ab\u00a0Au travers de ce travail, il \u00e9tait question d&rsquo;introduire la m\u00e8re communaut\u00e9, celle qui transmet la m\u00e9moire\u00a0\u00bb confie l&rsquo;artiste. \u00ab\u00a0Celle qui soutient les luttes des personnes qui ont \u00e9t\u00e9 l\u00e0 mais qui ne le sont plus aujourd&rsquo;hui. Les victimes de violences, de viols. Les personnes d\u00e9port\u00e9es pendant la Seconde Guerre mondiale. Celles mortes du VIH. Cette \u0153uvre rend hommage, porte la m\u00e9moire de nos luttes, de notre histoire commune et individuelle. Sans oublier celles qui sont encore quotidiennement victimes d&rsquo;agressions\u00a0\u00bb<\/p>\n<p><a data-article-figure=\"\" href=\"https:\/\/france3-regions.franceinfo.fr\/image\/42J8BPx5LiAQTSsdIYwgJKEjJP8\/1920x1080\/regions\/2025\/11\/22\/monument-detail-6921ce7d2a778471903213.jpg\" data-pswp-width=\"1920\" data-pswp-height=\"1080\" target=\"_blank\" rel=\"nofollow noopener\"><\/p>\n<p>          <img width=\"600\" height=\"400\" class=\"article-image lazy\" data-src=\"https:\/\/www.europesays.com\/fr\/wp-content\/uploads\/2025\/11\/monument-detail-6921ce7d2a778471903213.jpg\" alt=\"L'un des multiples visages de &quot;la Passeuse&quot;, au square Verdrel \u00e0 Rouen\" fetchpriority=\"high\" as=\"image\"\/><\/p>\n<p>\n            L&rsquo;un des multiples visages de \u00ab\u00a0la Passeuse\u00a0\u00bb, au square Verdrel \u00e0 Rouen<br \/>\n                           \u2022<br \/>\n                                      \u00a9 FTV\n                      <\/p>\n<p><\/a><\/p>\n<p>L&rsquo;artiste normande tient \u00e0 rappeler qu&rsquo;elle n&rsquo;a jamais \u00e9t\u00e9 seule dans ce projet. Propos\u00e9e \u00e0 l&rsquo;origine par l&rsquo;association LGBT+ rouennaise Fiert\u00e9s Color\u00e9es, l&rsquo;\u00e9dification de ce monument a \u00e9t\u00e9 d\u00e9cid\u00e9e dans le cadre du budget participatif citoyen de la Ville de Rouen. Laur\u00e9ate d&rsquo;un appel \u00e0 projets, elle s&rsquo;est entour\u00e9e de partenaires locaux : la pierre naturelle qu&rsquo;elle a sculpt\u00e9e vient de Caen.<\/p>\n<p><a data-article-figure=\"\" href=\"https:\/\/france3-regions.franceinfo.fr\/image\/RPXZENZOMQ3xJzDGhcilSeWo_Os\/1920x1080\/regions\/2025\/11\/22\/monument-detail3-6921cf2b86429496459963.jpg\" data-pswp-width=\"1920\" data-pswp-height=\"1080\" target=\"_blank\" rel=\"nofollow noopener\"><\/p>\n<p>          <img width=\"600\" height=\"400\" class=\"article-image lazy\" data-src=\"https:\/\/www.europesays.com\/fr\/wp-content\/uploads\/2025\/11\/monument-detail3-6921cf2b86429496459963.jpg\" alt=\"D\u00e9tail de &quot;la Passeuse&quot; install\u00e9e square Verdrel \u00e0 Rouen\" fetchpriority=\"high\" as=\"image\"\/><\/p>\n<p>\n            D\u00e9tail de \u00ab\u00a0la Passeuse\u00a0\u00bb install\u00e9e square Verdrel \u00e0 Rouen<br \/>\n                           \u2022<br \/>\n                                      \u00a9 FTV\n                      <\/p>\n<p><\/a><\/p>\n<p>Un travail collectif qui a suscit\u00e9 beaucoup d&rsquo;\u00e9motion ce samedi 22 novembre lors de l&rsquo;inauguration. Particuli\u00e8rement, L\u00e9o Evrard, le porteur originel de ce projet. \u00ab\u00a0Le message que nous souhaitions faire passer est de ne pas oublier les personnes qu&rsquo;on a perdues pour que ces morts ne soient pas vaines. Aujourd&rsquo;hui encore quand on est LGBT, on est pers\u00e9cut\u00e9, on est parfois comme le dit la plaque agress\u00e9, viol\u00e9. Tout cela doit cesser afin que nous puissions vivre pleinement au sein de cette soci\u00e9t\u00e9.\u00a0\u00bb<\/p>\n<p><a data-article-figure=\"\" href=\"https:\/\/france3-regions.franceinfo.fr\/image\/PJmoUxVR-fmTJA2cXOD0kr9I4eY\/1920x1080\/regions\/2025\/11\/22\/monument-large-6921ced0679b6116419005.jpg\" data-pswp-width=\"1920\" data-pswp-height=\"1080\" target=\"_blank\" rel=\"nofollow noopener\"><\/p>\n<p>          <img width=\"600\" height=\"400\" class=\"article-image lazy\" data-src=\"https:\/\/www.europesays.com\/fr\/wp-content\/uploads\/2025\/11\/monument-large-6921ced0679b6116419005.jpg\" alt=\"Inauguration du monument en hommage aux personnes LGBTQIA+ assassin\u00e9es, d\u00e9port\u00e9es ou victimes de violence et de haine ce samedi 22 novembre \u00e0 Rouen\" fetchpriority=\"high\" as=\"image\"\/><\/p>\n<p>\n            Inauguration du monument en hommage aux personnes LGBTQIA+ assassin\u00e9es, d\u00e9port\u00e9es ou victimes de violence et de haine ce samedi 22 novembre \u00e0 Rouen<br \/>\n                           \u2022<br \/>\n                                      \u00a9 FTV\n                      <\/p>\n<p><\/a><\/p>\n<p>Pour Frankie Lamme, militant de l&rsquo;association \u00ab\u00a0Aides\u00a0\u00bb, \u00ab\u00a0cette \u0153uvre est un lieu de comm\u00e9moration o\u00f9 nous allons pouvoir nous recueillir, nous souvenir mais aussi faire la f\u00eate.\u00a0\u00bb<\/p>\n<p><strong>Voyez le reportage de Quentin Bral et Pierre L\u00e9onard<\/strong><\/p>\n<p>    dur\u00e9e de la vid\u00e9o : 00h01mn33s<\/p>\n<p>        <img decoding=\"async\" width=\"640\" height=\"426\" class=\"article-image not-lazy\" src=\"https:\/\/www.europesays.com\/fr\/wp-content\/uploads\/2025\/11\/815fb07d-ada8-42c8-ade1-606dad8d1524.jpg\" alt=\"\" fetchpriority=\"high\"\/><\/p>\n<p>              Voir la video\u00a0(1 minutes 33 secondes).\u00a0<br \/>\n                  1 min 33 s<\/p>\n<p>\n          L&rsquo;artiste Chol\u00e9 Kelly Miller a cr\u00e9\u00e9e une sculpture nomm\u00e9e \u00ab\u00a0la Passeuse\u00a0\u00bb pour transmettre la m\u00e9moire de toutes celles et tous ceux qui ont \u00e9t\u00e9 victimes de haine, de violence et de discrimination. Avec les interviews de Chlo\u00e9 Kelly Miller, artiste \/ L\u00e9o Evrard, porteur du projet \u00ab\u00a0la Passeuse\u00a0\u00bb et Frankie Lamme, militant de l&rsquo;association \u00ab\u00a0Aides\u00a0\u00bb<\/p>\n<p>        \u2022<\/p>\n<p>              \u00a9FTV \/ Quentin Bral et Pierre L\u00e9onard\n      <\/p>\n<p>Un esprit de joie et de f\u00eate, c&rsquo;est aussi ce que les S\u0153urs de la Perp\u00e9tuelle Indulgence ont souhait\u00e9 v\u00e9hiculer ce samedi. Ce collectif de drag Queens a inaugur\u00e9 l&rsquo;\u0153uvre de Chlo\u00e9 Kelly Miller. Volontairement visibles, outrageantes et m\u00eame provocantes, les S\u0153urs consid\u00e8rent qu&rsquo;il est parfois n\u00e9cessaire de choquer pour faire r\u00e9fl\u00e9chir et lutter efficacement contre toute forme d&rsquo;exclusion.<\/p>\n","protected":false},"excerpt":{"rendered":"Install\u00e9e au square Verdrel dans le centre-ville de Rouen, cette \u0153uvre a \u00e9t\u00e9 cr\u00e9\u00e9e par l&rsquo;artiste normande Chlo\u00e9&hellip;\n","protected":false},"author":2,"featured_media":552465,"comment_status":"","ping_status":"","sticky":false,"template":"","format":"standard","meta":{"footnotes":""},"categories":[9587],"tags":[1111,11,1777,674,1011,27,12,5161,25,9590],"class_list":{"0":"post-552464","1":"post","2":"type-post","3":"status-publish","4":"format-standard","5":"has-post-thumbnail","7":"category-rouen","8":"tag-actu","9":"tag-actualites","10":"tag-eu","11":"tag-europe","12":"tag-fr","13":"tag-france","14":"tag-news","15":"tag-normandie","16":"tag-republique-francaise","17":"tag-rouen"},"share_on_mastodon":{"url":"https:\/\/pubeurope.com\/@fr\/115596540223954915","error":""},"_links":{"self":[{"href":"https:\/\/www.europesays.com\/fr\/wp-json\/wp\/v2\/posts\/552464","targetHints":{"allow":["GET"]}}],"collection":[{"href":"https:\/\/www.europesays.com\/fr\/wp-json\/wp\/v2\/posts"}],"about":[{"href":"https:\/\/www.europesays.com\/fr\/wp-json\/wp\/v2\/types\/post"}],"author":[{"embeddable":true,"href":"https:\/\/www.europesays.com\/fr\/wp-json\/wp\/v2\/users\/2"}],"replies":[{"embeddable":true,"href":"https:\/\/www.europesays.com\/fr\/wp-json\/wp\/v2\/comments?post=552464"}],"version-history":[{"count":0,"href":"https:\/\/www.europesays.com\/fr\/wp-json\/wp\/v2\/posts\/552464\/revisions"}],"wp:featuredmedia":[{"embeddable":true,"href":"https:\/\/www.europesays.com\/fr\/wp-json\/wp\/v2\/media\/552465"}],"wp:attachment":[{"href":"https:\/\/www.europesays.com\/fr\/wp-json\/wp\/v2\/media?parent=552464"}],"wp:term":[{"taxonomy":"category","embeddable":true,"href":"https:\/\/www.europesays.com\/fr\/wp-json\/wp\/v2\/categories?post=552464"},{"taxonomy":"post_tag","embeddable":true,"href":"https:\/\/www.europesays.com\/fr\/wp-json\/wp\/v2\/tags?post=552464"}],"curies":[{"name":"wp","href":"https:\/\/api.w.org\/{rel}","templated":true}]}}