{"id":552469,"date":"2025-11-23T02:03:32","date_gmt":"2025-11-23T02:03:32","guid":{"rendered":"https:\/\/www.europesays.com\/fr\/552469\/"},"modified":"2025-11-23T02:03:32","modified_gmt":"2025-11-23T02:03:32","slug":"les-notes-de-joueurs-monegasques-apres-la-lourde-defaite-a-rennes","status":"publish","type":"post","link":"https:\/\/www.europesays.com\/fr\/552469\/","title":{"rendered":"les notes de joueurs mon\u00e9gasques apr\u00e8s la lourde d\u00e9faite \u00e0 Rennes"},"content":{"rendered":"<p class=\"fs-5 \"><strong>Hradecky (4)\u00a0: <\/strong>le Finlandais en a pris quatre dans la musette pour son retour, mais il en a fait pas mal pour limiter la casse. Il r\u00e9alise trois superbes parades (41\u2019, 48\u2019, 50\u2019), h\u00e9las pas assez suivies par ses copains. Rude reprise&#8230;<\/p>\n<p><strong>Teze (4)\u00a0:<\/strong> le plus fiable des trois centraux, \u00e0 un poste pourtant assez inhabituel. Deux belles ouvertures pour Diatta en premi\u00e8re p\u00e9riode et une partie globalement consistante, avec 6 d\u00e9gagements et 9 r\u00e9cup\u00e9rations.<\/p>\n<p><strong>Kehrer (2)\u00a0: <\/strong>sa passe longue rat\u00e9e pour Diatta d\u00e8s l\u2019entame a donn\u00e9 le ton de son match. L\u2019Allemand n\u2019a jamais senti les coups, \u00e0 l\u2019image du premier but o\u00f9 il est trop court et d\u2019une reprise d\u2019Embolo sur laquelle il reste fig\u00e9. Son jeu de passes et son placement ont \u00e9t\u00e9 du m\u00eame niveau au Roazhon Park\u00a0: bien trop hasardeux.<\/p>\n<p><strong>Salisu (3)\u00a0:<\/strong> d\u00e9j\u00e0 dans le dur face \u00e0 Lens, le Ghan\u00e9en a encha\u00een\u00e9 un deuxi\u00e8me match inqui\u00e9tant. Certes, il a sauv\u00e9 une reprise d\u2019Embolo sur la ligne et sorti quelques ballons, mais il n\u2019a pas d\u00e9gag\u00e9 la s\u00e9r\u00e9nit\u00e9 qui \u00e9tait la sienne il y a quelques semaines. Il ne parvient pas \u00e0 emp\u00eacher le centre sur le premier but et provoque un penalty en fin de match.<\/p>\n<p><strong>Diatta (3)\u00a0:<\/strong> difficile de savoir \u00e0 quel point le port du masque le d\u00e9range, mais on n\u2019a pas senti le S\u00e9n\u00e9galais dans son assiette. Plant\u00e9 sur ses talons sur le premier but, il a trop pein\u00e9 \u00e0 verrouiller son couloir en seconde mi-temps et Al-Tamari en a profit\u00e9. Deux jolis centres en premi\u00e8re p\u00e9riode mais c\u2019\u00e9tait trop peu. Remplac\u00e9 par VANDERSON (70\u2019), de retour de blessure et passeur sur le but.<\/p>\n<p><strong>Coulibaly (4)\u00a0<\/strong>: du gaz, de l\u2019activit\u00e9, de la personnalit\u00e9\u00a0: Coulibaly avait mis un peu tout \u00e7a dans sa premi\u00e8re p\u00e9riode (7 ballons r\u00e9cup\u00e9r\u00e9s au total). Mais il a fini noy\u00e9 dans le marasme et a \u00e9t\u00e9 remplac\u00e9 par POGBA (85\u2019, lire par ailleurs).<\/p>\n<p><strong>Zakaria (3)\u00a0:<\/strong> de retour dans le 11, le Suisse a d\u2019abord mis de l\u2019impact et dict\u00e9 le tempo comme il sait le faire. Mais son influence s\u2019est \u00e9tiol\u00e9e au fil de la partie et il n\u2019a pas pu reprendre les choses en main quand tout est parti en vrille. Plus maladroite que m\u00e9chante, sa vilaine semelle sur le mollet de Lepaul (66\u2019) lui a valu une exclusion logique qui a laiss\u00e9 ses partenaires \u00e0 10.<\/p>\n<p><strong>Ouattara (3)\u00a0:<\/strong> un peu comme \u00e0 Nantes, il a aval\u00e9 son couloir en premi\u00e8re p\u00e9riode et apport\u00e9 du danger. Mais son pressing n\u2019a pas \u00e9t\u00e9 tr\u00e8s coordonn\u00e9 avec Fati sur le premier but et il n\u2019a plus eu d\u2019influence quand toute l\u2019\u00e9quipe a coul\u00e9. Il ne r\u00e9agit pas sur le but de Camara, laissant le Rennais le devancer.<\/p>\n<p><strong>Akliouche (4)\u00a0:<\/strong> actif et tr\u00e8s mobile comme \u00e0 son habitude, l\u2019international ne s\u2019est pas cach\u00e9 en premi\u00e8re mi-temps. Il sert parfaitement Fati (33\u2019) avant de s\u2019agacer quand l\u2019Espagnol galvaude une belle situation peu apr\u00e8s (39\u2019). Sans doute le moins pire des offensifs du soir&#8230; Remplac\u00e9 par CAMARA (70\u2019), qui a tent\u00e9 d\u2019apporter du caract\u00e8re.<\/p>\n<p><strong>Fati (2)\u00a0:<\/strong> il a sembl\u00e9 ne pas comprendre pourquoi son coach le sortait, on aurait \u00e9t\u00e9 nombreux \u00e0 pouvoir le lui expliquer. Non seulement il a g\u00e2ch\u00e9 les deux occasions qu\u2019il a eues (33\u2019, 39\u2019), mais il a surtout fait semblant de d\u00e9fendre sur les deux premiers buts en revenant au rythme d\u2019un convalescent. Remplac\u00e9 par MINAMINO (61\u2019).<br \/>\u00a0<br \/>I<strong>lenikhena (3)\u00a0<\/strong>: il a commenc\u00e9 avec dynamisme, tentant de cr\u00e9er des br\u00e8ches par ses mouvements. Mais il a \u00e9t\u00e9 pris au pi\u00e8ge du hors-jeu et il lui a manqu\u00e9 quelques centim\u00e8tres pour reprendre une offrande de Diatta dans la surface (40\u2019). Il n\u2019a plus exist\u00e9 ensuite. Remplac\u00e9 par BIERETH (61\u2019), qui a enfin retrouv\u00e9 le chemin des filets sur une galette de Vanderson (90\u2019+5).<\/p>\n<p><strong>Le coach\u00a0: 2<\/strong><br \/>Il avait r\u00e9cup\u00e9r\u00e9 des forces vives mais l\u2019ASM n\u2019a pas montr\u00e9 un meilleur visage, elle a m\u00eame fait pire. La deuxi\u00e8me p\u00e9riode a \u00e9t\u00e9 d\u2019une faiblesse confondante et son \u00e9quipe s\u2019est d\u00e9lit\u00e9e&#8230;<\/p>\n<p class=\"fs-5 \">Le match\u00a0: 6<\/p>\n<p>L\u2019arbitre\u00a0: 7<\/p>\n<p>            <img src=\"https:\/\/www.europesays.com\/fr\/wp-content\/uploads\/2025\/11\/1db4305_upload-from-url-1-qdb4xuqyx6y3-data-art-16645931.jpg\"   loading=\"lazy\" decoding=\"async\" alt=\"\" class=\"img-fluid position-absolute w-100 object-fit-cover rounded-2\" width=\"600\" height=\"400\"\/><\/p>\n","protected":false},"excerpt":{"rendered":"Hradecky (4)\u00a0: le Finlandais en a pris quatre dans la musette pour son retour, mais il en a&hellip;\n","protected":false},"author":2,"featured_media":552470,"comment_status":"","ping_status":"","sticky":false,"template":"","format":"standard","meta":{"footnotes":""},"categories":[2821],"tags":[1111,11,2266,829,1777,674,1011,27,12,584,25],"class_list":{"0":"post-552469","1":"post","2":"type-post","3":"status-publish","4":"format-standard","5":"has-post-thumbnail","7":"category-rennes","8":"tag-actu","9":"tag-actualites","10":"tag-as-monaco","11":"tag-bretagne","12":"tag-eu","13":"tag-europe","14":"tag-fr","15":"tag-france","16":"tag-news","17":"tag-rennes","18":"tag-republique-francaise"},"share_on_mastodon":{"url":"https:\/\/pubeurope.com\/@fr\/115596559734821628","error":""},"_links":{"self":[{"href":"https:\/\/www.europesays.com\/fr\/wp-json\/wp\/v2\/posts\/552469","targetHints":{"allow":["GET"]}}],"collection":[{"href":"https:\/\/www.europesays.com\/fr\/wp-json\/wp\/v2\/posts"}],"about":[{"href":"https:\/\/www.europesays.com\/fr\/wp-json\/wp\/v2\/types\/post"}],"author":[{"embeddable":true,"href":"https:\/\/www.europesays.com\/fr\/wp-json\/wp\/v2\/users\/2"}],"replies":[{"embeddable":true,"href":"https:\/\/www.europesays.com\/fr\/wp-json\/wp\/v2\/comments?post=552469"}],"version-history":[{"count":0,"href":"https:\/\/www.europesays.com\/fr\/wp-json\/wp\/v2\/posts\/552469\/revisions"}],"wp:featuredmedia":[{"embeddable":true,"href":"https:\/\/www.europesays.com\/fr\/wp-json\/wp\/v2\/media\/552470"}],"wp:attachment":[{"href":"https:\/\/www.europesays.com\/fr\/wp-json\/wp\/v2\/media?parent=552469"}],"wp:term":[{"taxonomy":"category","embeddable":true,"href":"https:\/\/www.europesays.com\/fr\/wp-json\/wp\/v2\/categories?post=552469"},{"taxonomy":"post_tag","embeddable":true,"href":"https:\/\/www.europesays.com\/fr\/wp-json\/wp\/v2\/tags?post=552469"}],"curies":[{"name":"wp","href":"https:\/\/api.w.org\/{rel}","templated":true}]}}