{"id":552475,"date":"2025-11-23T02:08:22","date_gmt":"2025-11-23T02:08:22","guid":{"rendered":"https:\/\/www.europesays.com\/fr\/552475\/"},"modified":"2025-11-23T02:08:22","modified_gmt":"2025-11-23T02:08:22","slug":"la-circulation-des-trains-a-larret-entre-nice-et-cannes-ce-vendredi-voici-pourquoi","status":"publish","type":"post","link":"https:\/\/www.europesays.com\/fr\/552475\/","title":{"rendered":"La circulation des trains \u00e0 l&rsquo;arr\u00eat entre Nice et Cannes ce vendredi, voici pourquoi"},"content":{"rendered":"<p>                    Par<br \/>\n        <strong><br \/>\n            <a href=\"https:\/\/actu.fr\/auteur\/arthur-frand\" title=\"Consulter tous les articles de Arthur Frand\" rel=\"nofollow noopener\" target=\"_blank\">Arthur Frand<\/a><br \/>\n                    <\/strong><\/p>\n<p>        Publi\u00e9 le<\/p>\n<p>            21 nov. 2025 \u00e0 9h29        <\/p>\n<p>Pagaille sur les rails ce vendredi 21 novembre dans la matin\u00e9e. Dans les <a href=\"https:\/\/actu.fr\/provence-alpes-cote-d-azur\/alpes-maritimes_06\" rel=\"nofollow noopener\" target=\"_blank\">Alpes-Maritimes<\/a>, la circulation des trains est <strong>tr\u00e8s fortement perturb\u00e9e<\/strong> entre <a href=\"https:\/\/actu.fr\/nice\/\" rel=\"nofollow noopener\" target=\"_blank\">Nice<\/a> et Cannes. En pleine heure de pointe, les voyageurs doivent patienter. Ou se d\u00e9brouiller autrement.<\/p>\n<p>    <a href=\"https:\/\/www.google.com\/maps\/embed?pb=!1m18!1m12!1m3!1d2890.011254636034!2d7.116942676386816!3d43.58548190680768!2m3!1f0!2f0!3f0!3m2!1i1024!2i768!4f13.1!3m3!1m2!1s0x12cdd56b81100e41%3A0xca75ba4c815743de!2sAntibes!5e0!3m2!1sfr!2sfr!4v1763713361991!5m2!1sfr!2sfr\" title=\"Ouvrie le lien\" rel=\"nofollow noopener\" target=\"_blank\">Cliquez ici pour visualiser le contenu<\/a><\/p>\n<p class=\" wall-content\">La raison ? Une panne de signalisation est survenue \u00e0 Antibes aux alentours de 8h du matin, ce qui oblige les services techniques de la SNCF \u00e0 intervenir.\u00a0<\/p>\n<p>Des retards et suppressions \u00e0 pr\u00e9voir<\/p>\n<p class=\" wall-content\">De nombreux retards et des suppressions de trains <strong>sont \u00e0 pr\u00e9voir sur la ligne<\/strong>, pr\u00e9cise la SNCF.\u00a0<\/p>\n<p class=\" wall-content\">\n<p class=\" wall-content\">Cette derni\u00e8re indique que l\u2019heure de reprise du trafic est actuellement pr\u00e9vue pour 12h.\u00a0<\/p>\n<p class=\" wall-content\">Les voyageurs sont invit\u00e9s \u00e0 reporter leur d\u00e9placement si possible, ou \u00e0 privil\u00e9gier d\u2019autres moyens de transport.<\/p>\n<p class=\" wall-content\">Personnalisez votre actualit\u00e9 en ajoutant vos villes et m\u00e9dias en favori avec <a href=\"https:\/\/moncompte.actu.fr\" title=\"D\u00e9couvez Mon Actu\" rel=\"nofollow noopener\" data-trk=\"{&quot;cta&quot;:{&quot;action&quot;:&quot;https:\\\/\\\/moncompte.actu.fr&quot;,&quot;category&quot;:&quot;mon compte&quot;,&quot;from&quot;:&quot;article footer&quot;,&quot;name&quot;:&quot;Mon actu&quot;,&quot;type&quot;:&quot;cta&quot;}}\" target=\"_blank\">Mon Actu<\/a>.<\/p>\n","protected":false},"excerpt":{"rendered":"Par Arthur Frand Publi\u00e9 le 21 nov. 2025 \u00e0 9h29 Pagaille sur les rails ce vendredi 21 novembre&hellip;\n","protected":false},"author":2,"featured_media":552476,"comment_status":"","ping_status":"","sticky":false,"template":"","format":"standard","meta":{"footnotes":""},"categories":[2819],"tags":[1111,11,3542,1777,674,1011,27,12,2401,882,25,2215,104],"class_list":{"0":"post-552475","1":"post","2":"type-post","3":"status-publish","4":"format-standard","5":"has-post-thumbnail","7":"category-nice","8":"tag-actu","9":"tag-actualites","10":"tag-circulation","11":"tag-eu","12":"tag-europe","13":"tag-fr","14":"tag-france","15":"tag-news","16":"tag-nice","17":"tag-provence-alpes-cote-dazur","18":"tag-republique-francaise","19":"tag-sncf","20":"tag-societe"},"share_on_mastodon":{"url":"https:\/\/pubeurope.com\/@fr\/115596578281308309","error":""},"_links":{"self":[{"href":"https:\/\/www.europesays.com\/fr\/wp-json\/wp\/v2\/posts\/552475","targetHints":{"allow":["GET"]}}],"collection":[{"href":"https:\/\/www.europesays.com\/fr\/wp-json\/wp\/v2\/posts"}],"about":[{"href":"https:\/\/www.europesays.com\/fr\/wp-json\/wp\/v2\/types\/post"}],"author":[{"embeddable":true,"href":"https:\/\/www.europesays.com\/fr\/wp-json\/wp\/v2\/users\/2"}],"replies":[{"embeddable":true,"href":"https:\/\/www.europesays.com\/fr\/wp-json\/wp\/v2\/comments?post=552475"}],"version-history":[{"count":0,"href":"https:\/\/www.europesays.com\/fr\/wp-json\/wp\/v2\/posts\/552475\/revisions"}],"wp:featuredmedia":[{"embeddable":true,"href":"https:\/\/www.europesays.com\/fr\/wp-json\/wp\/v2\/media\/552476"}],"wp:attachment":[{"href":"https:\/\/www.europesays.com\/fr\/wp-json\/wp\/v2\/media?parent=552475"}],"wp:term":[{"taxonomy":"category","embeddable":true,"href":"https:\/\/www.europesays.com\/fr\/wp-json\/wp\/v2\/categories?post=552475"},{"taxonomy":"post_tag","embeddable":true,"href":"https:\/\/www.europesays.com\/fr\/wp-json\/wp\/v2\/tags?post=552475"}],"curies":[{"name":"wp","href":"https:\/\/api.w.org\/{rel}","templated":true}]}}