{"id":552490,"date":"2025-11-23T02:21:14","date_gmt":"2025-11-23T02:21:14","guid":{"rendered":"https:\/\/www.europesays.com\/fr\/552490\/"},"modified":"2025-11-23T02:21:14","modified_gmt":"2025-11-23T02:21:14","slug":"lille-paris-fc-a-quelle-heure-et-sur-quelle-chaine-tv-suivre-ce-match","status":"publish","type":"post","link":"https:\/\/www.europesays.com\/fr\/552490\/","title":{"rendered":"Lille &#8211; Paris FC\u00a0: \u00e0 quelle heure et sur quelle cha\u00eene TV suivre ce match\u00a0?"},"content":{"rendered":"<p class=\"paragraph text_align_left lp-f-body-02\">11e avec 14 points, ce sont de plut\u00f4t bons d\u00e9buts pour ce <a href=\"https:\/\/www.leparisien.fr\/sports\/football\/paris-fc\/\" target=\"_self\" rel=\"nofollow noopener\">Paris FC<\/a> promu. De quoi faire peur aux Lillois (5e), qui les recevront \u00e0 20h45 pour cl\u00f4turer cette 13e Journ\u00e9e de <a href=\"https:\/\/www.leparisien.fr\/sports\/football\/ligue-1\/\" target=\"_blank\" rel=\"nofollow noopener\">Ligue 1<\/a> ce dimanche.<\/p>\n<p class=\"paragraph text_align_left lp-f-body-02\">Apr\u00e8s un joli d\u00e9but de saison, les hommes de St\u00e9phane Gilli ont n\u00e9anmoins eu du mal \u00e0 encha\u00eener ces derni\u00e8res semaines. Certes la <a href=\"https:\/\/www.leparisien.fr\/sports\/football\/ligue-1\/monaco-paris-fc-0-1-coup-de-genie-de-lopez-defense-de-fer-et-enorme-exploit-des-parisiens-en-principaute-01-11-2025-2DYRL6N2SNCMVAZT3RVDCPIPPU.php\" target=\"_blank\" rel=\"nofollow noopener\">victoire \u00e0 Monaco<\/a>, presque inattendue (0-1), a fait le plus grand bien et confirm\u00e9 les belles choses entrevues en fin de partie contre Lyon une semaine auparavant (3-3). Mais elle n\u2019a pas effac\u00e9 les d\u00e9faites contre Nantes (1-2) et Lens (1-2) et encore moins emp\u00each\u00e9 le <a href=\"https:\/\/www.leparisien.fr\/sports\/football\/paris-fc\/paris-fc-rennes-0-1-deux-poteaux-et-beaucoup-de-regrets-pour-le-pfc-battu-en-fin-de-match-07-11-2025-EZGPAIPYDVC4BNYPGMGKUV32GE.php\" target=\"_blank\" rel=\"nofollow noopener\">Stade Rennais de s\u2019imposer \u00e0 Jean Bouin (0-1)<\/a>. Globalement, la courbe des r\u00e9sultats est en dents de scie mais le Paris FC a un effectif complet, pr\u00eat \u00e0 d\u00e9fier n\u2019importe qui en Ligue 1.<\/p>\n<p class=\"paragraph text_align_left lp-f-body-02\">Sauf que Lille, ce n\u2019est pas n\u2019importe qui. 5e avec un vrai style de jeu impos\u00e9 par Bruno Genesio et surtout un collectif homog\u00e8ne, l\u2019\u00e9quipe nordiste aura assur\u00e9ment les armes pour faire d\u00e9jouer les Parisiens. Cependant, elle n\u2019est pas dans sa meilleure forme et a perdu 3 de ses 5 derniers matchs, ne venant \u00e0 bout que de Metz (14e) et Angers (13e).<\/p>\n<p class=\"paragraph text_align_left lp-f-body-02\"><b>Le coup d\u2019envoi de ce Lille &#8211; Paris FC en cl\u00f4ture de la 13e Journ\u00e9e de Ligue 1 sera donn\u00e9 \u00e0 20h45 au Stade Pierre Mauroy de Villeneuve-d\u2019Ascq. La rencontre sera \u00e0 suivre sur Ligue 1<\/b> <b>+. <\/b><\/p>\n","protected":false},"excerpt":{"rendered":"11e avec 14 points, ce sont de plut\u00f4t bons d\u00e9buts pour ce Paris FC promu. De quoi faire&hellip;\n","protected":false},"author":2,"featured_media":552491,"comment_status":"","ping_status":"","sticky":false,"template":"","format":"standard","meta":{"footnotes":""},"categories":[2815],"tags":[1111,11,1777,674,63,1011,27,811,66,1307,12,25,60],"class_list":{"0":"post-552490","1":"post","2":"type-post","3":"status-publish","4":"format-standard","5":"has-post-thumbnail","7":"category-lille","8":"tag-actu","9":"tag-actualites","10":"tag-eu","11":"tag-europe","12":"tag-football","13":"tag-fr","14":"tag-france","15":"tag-hauts-de-france","16":"tag-ligue-1","17":"tag-lille","18":"tag-news","19":"tag-republique-francaise","20":"tag-sports"},"share_on_mastodon":{"url":"","error":""},"_links":{"self":[{"href":"https:\/\/www.europesays.com\/fr\/wp-json\/wp\/v2\/posts\/552490","targetHints":{"allow":["GET"]}}],"collection":[{"href":"https:\/\/www.europesays.com\/fr\/wp-json\/wp\/v2\/posts"}],"about":[{"href":"https:\/\/www.europesays.com\/fr\/wp-json\/wp\/v2\/types\/post"}],"author":[{"embeddable":true,"href":"https:\/\/www.europesays.com\/fr\/wp-json\/wp\/v2\/users\/2"}],"replies":[{"embeddable":true,"href":"https:\/\/www.europesays.com\/fr\/wp-json\/wp\/v2\/comments?post=552490"}],"version-history":[{"count":0,"href":"https:\/\/www.europesays.com\/fr\/wp-json\/wp\/v2\/posts\/552490\/revisions"}],"wp:featuredmedia":[{"embeddable":true,"href":"https:\/\/www.europesays.com\/fr\/wp-json\/wp\/v2\/media\/552491"}],"wp:attachment":[{"href":"https:\/\/www.europesays.com\/fr\/wp-json\/wp\/v2\/media?parent=552490"}],"wp:term":[{"taxonomy":"category","embeddable":true,"href":"https:\/\/www.europesays.com\/fr\/wp-json\/wp\/v2\/categories?post=552490"},{"taxonomy":"post_tag","embeddable":true,"href":"https:\/\/www.europesays.com\/fr\/wp-json\/wp\/v2\/tags?post=552490"}],"curies":[{"name":"wp","href":"https:\/\/api.w.org\/{rel}","templated":true}]}}