{"id":552492,"date":"2025-11-23T02:22:23","date_gmt":"2025-11-23T02:22:23","guid":{"rendered":"https:\/\/www.europesays.com\/fr\/552492\/"},"modified":"2025-11-23T02:22:23","modified_gmt":"2025-11-23T02:22:23","slug":"ara-khatchadourian-se-remet-en-selle-pour-la-paix","status":"publish","type":"post","link":"https:\/\/www.europesays.com\/fr\/552492\/","title":{"rendered":"Ara Khatchadourian se remet en selle pour la paix"},"content":{"rendered":"<p>Apr\u00e8s avoir <a href=\"https:\/\/www.laprovence.com\/actu\/en-direct\/3950433\/le-marseillais-khatchadourian-a-gravi-leverest.html\" target=\"_blank\" rel=\"noopener\">gravi l&rsquo;Everest pour le centenaire du g\u00e9nocide arm\u00e9nien<\/a> (2016), couru de Marseille \u00e0 Erevan (2018), <a href=\"https:\/\/www.laprovence.com\/article\/region\/49616146913763\/marseille-4-000-kilometres-a-la-rame-jusqua-beyrouth\" target=\"_blank\" rel=\"noopener\">ram\u00e9 de la cit\u00e9 phoc\u00e9enne \u00e0 Beyrouth<\/a> (2023) et <a href=\"https:\/\/www.laprovence.com\/article\/sports\/4318901356044714\/apres-douze-heures-en-gainage-ara-khatchadourian-a-stoppe-son-incroyable-defi\" target=\"_blank\" rel=\"noopener\">tenu 12 heures en gainage dynamique<\/a> (2024), Ara Khatchadourian se lance un nouveau d\u00e9fi, toujours pour pr\u00f4ner la paix.<\/p>\n<p>\u00c0 62 ans, il envisage un tour de la M\u00e9diterran\u00e9e \u00e0 v\u00e9lo, avec un d\u00e9part de Marseille vers l&rsquo;Italie et un retour par l&rsquo;Espagne. \u00ab\u00a0Je n&rsquo;ai pas encore \u00e9tudi\u00e9 le d\u00e9tail, mais cela fait entre 15 000 et 20 000 kilom\u00e8tres, assure le Marseillais d&rsquo;adoption, Arm\u00e9nien d&rsquo;origine et Libanais de naissance. Je p\u00e9dale en salle et j&rsquo;ai d\u00e9j\u00e0 r\u00e9alis\u00e9 des IronMan (des triathlons XXL, Ndlr). Mais le plus important est plus mental que physique.\u00a0\u00bb<\/p>\n<p>Ancien bijoutier, Khatchadourian pratique le sport \u00ab\u00a04 \u00e0 8 heures par jour, presque 7 jours sur 7\u00a0\u00bb. Un d\u00e9fi plus colossal l&rsquo;attend cependant : obtiendra-t-il le droit d&rsquo;entrer en Palestine ? \u00ab\u00a0Ce sera compliqu\u00e9 mais justement, je vais contacter tous les minist\u00e8res des Affaires \u00e9trang\u00e8res, les consulats de Marseille mais aussi les ambassades fran\u00e7aises dans les pays travers\u00e9s. Je porte un message de paix, il faut que l&rsquo;on se l\u00e8ve tous contre les gouvernements ou dirigeants qui promeuvent la guerre\u00a0\u00bb, poursuit celui qui a grandi dans un Liban d\u00e9chir\u00e9 par les armes.<\/p>\n<p>Khatchadourian esp\u00e8re \u00eatre accompagn\u00e9 par les populations locales. Et par les pouvoirs publics fran\u00e7ais, mais l\u00e0 encore, un obstacle de taille se dresse : la perspective des municipales, qui freine les demandes de subventions.<\/p>\n","protected":false},"excerpt":{"rendered":"Apr\u00e8s avoir gravi l&rsquo;Everest pour le centenaire du g\u00e9nocide arm\u00e9nien (2016), couru de Marseille \u00e0 Erevan (2018), ram\u00e9&hellip;\n","protected":false},"author":2,"featured_media":552493,"comment_status":"","ping_status":"","sticky":false,"template":"","format":"standard","meta":{"footnotes":""},"categories":[2814],"tags":[6541,17,1111,11,7051,1777,674,1011,27,29006,884,1252,12,66970,3762,882,25,60,208],"class_list":{"0":"post-552492","1":"post","2":"type-post","3":"status-publish","4":"format-standard","5":"has-post-thumbnail","7":"category-marseille","8":"tag-6541","9":"tag-17","10":"tag-actu","11":"tag-actualites","12":"tag-autour","13":"tag-eu","14":"tag-europe","15":"tag-fr","16":"tag-france","17":"tag-kilometres","18":"tag-marseille","19":"tag-mediterranee","20":"tag-news","21":"tag-parcourir","22":"tag-pres","23":"tag-provence-alpes-cote-dazur","24":"tag-republique-francaise","25":"tag-sports","26":"tag-velo"},"share_on_mastodon":{"url":"https:\/\/pubeurope.com\/@fr\/115596633273562366","error":""},"_links":{"self":[{"href":"https:\/\/www.europesays.com\/fr\/wp-json\/wp\/v2\/posts\/552492","targetHints":{"allow":["GET"]}}],"collection":[{"href":"https:\/\/www.europesays.com\/fr\/wp-json\/wp\/v2\/posts"}],"about":[{"href":"https:\/\/www.europesays.com\/fr\/wp-json\/wp\/v2\/types\/post"}],"author":[{"embeddable":true,"href":"https:\/\/www.europesays.com\/fr\/wp-json\/wp\/v2\/users\/2"}],"replies":[{"embeddable":true,"href":"https:\/\/www.europesays.com\/fr\/wp-json\/wp\/v2\/comments?post=552492"}],"version-history":[{"count":0,"href":"https:\/\/www.europesays.com\/fr\/wp-json\/wp\/v2\/posts\/552492\/revisions"}],"wp:featuredmedia":[{"embeddable":true,"href":"https:\/\/www.europesays.com\/fr\/wp-json\/wp\/v2\/media\/552493"}],"wp:attachment":[{"href":"https:\/\/www.europesays.com\/fr\/wp-json\/wp\/v2\/media?parent=552492"}],"wp:term":[{"taxonomy":"category","embeddable":true,"href":"https:\/\/www.europesays.com\/fr\/wp-json\/wp\/v2\/categories?post=552492"},{"taxonomy":"post_tag","embeddable":true,"href":"https:\/\/www.europesays.com\/fr\/wp-json\/wp\/v2\/tags?post=552492"}],"curies":[{"name":"wp","href":"https:\/\/api.w.org\/{rel}","templated":true}]}}