{"id":552496,"date":"2025-11-23T02:24:43","date_gmt":"2025-11-23T02:24:43","guid":{"rendered":"https:\/\/www.europesays.com\/fr\/552496\/"},"modified":"2025-11-23T02:24:43","modified_gmt":"2025-11-23T02:24:43","slug":"metropole-de-lyon-baladez-vous-et-apprenez-a-dessiner-sur-ce-sentier-nature-au-nord-de-lyon","status":"publish","type":"post","link":"https:\/\/www.europesays.com\/fr\/552496\/","title":{"rendered":"M\u00e9tropole de Lyon. Baladez-vous et apprenez \u00e0 dessiner sur ce sentier nature au nord de Lyon"},"content":{"rendered":"<p>Et si vous partiez faire une balade dans la nature avec la particularit\u00e9 d\u2019\u00eatre muni d\u2019un carnet et instrument\u00e9 d\u2019un crayon ou pourquoi pas d\u2019un pinceau\u00a0?<\/p>\n<p>Rendez-vous \u00e0 Albigny-sur-Sa\u00f4ne, au niveau du grand escalier de la Maison des associations o\u00f9 vous trouverez un panneau d\u2019accueil, mais surtout le circuit d\u00e9taill\u00e9 d\u2019un sentier naturaliste de 4,6\u00a0km de long, balis\u00e9 par huit stations th\u00e9matiques, parmi lesquels trois d\u2019apprentissage artistique pour tous.<\/p>\n<p>D\u00e9couvrir son&#8230;                        <\/p>\n","protected":false},"excerpt":{"rendered":"Et si vous partiez faire une balade dans la nature avec la particularit\u00e9 d\u2019\u00eatre muni d\u2019un carnet et&hellip;\n","protected":false},"author":2,"featured_media":552497,"comment_status":"","ping_status":"","sticky":false,"template":"","format":"standard","meta":{"footnotes":""},"categories":[1889],"tags":[1111,11,66971,2430,3153,436,1777,674,1011,27,2428,7218,12,25,2429,3151],"class_list":{"0":"post-552496","1":"post","2":"type-post","3":"status-publish","4":"format-standard","5":"has-post-thumbnail","7":"category-lyon","8":"tag-actu","9":"tag-actualites","10":"tag-albigny-sur-saone","11":"tag-auvergne-rhone-alpes","12":"tag-edition-ouest-lyonnais","13":"tag-environnement","14":"tag-eu","15":"tag-europe","16":"tag-fr","17":"tag-france","18":"tag-lyon","19":"tag-neuville-sur-saone-bassin","20":"tag-news","21":"tag-republique-francaise","22":"tag-rhone","23":"tag-selection-de-la-redaction-69"},"share_on_mastodon":{"url":"https:\/\/pubeurope.com\/@fr\/115596641082943157","error":""},"_links":{"self":[{"href":"https:\/\/www.europesays.com\/fr\/wp-json\/wp\/v2\/posts\/552496","targetHints":{"allow":["GET"]}}],"collection":[{"href":"https:\/\/www.europesays.com\/fr\/wp-json\/wp\/v2\/posts"}],"about":[{"href":"https:\/\/www.europesays.com\/fr\/wp-json\/wp\/v2\/types\/post"}],"author":[{"embeddable":true,"href":"https:\/\/www.europesays.com\/fr\/wp-json\/wp\/v2\/users\/2"}],"replies":[{"embeddable":true,"href":"https:\/\/www.europesays.com\/fr\/wp-json\/wp\/v2\/comments?post=552496"}],"version-history":[{"count":0,"href":"https:\/\/www.europesays.com\/fr\/wp-json\/wp\/v2\/posts\/552496\/revisions"}],"wp:featuredmedia":[{"embeddable":true,"href":"https:\/\/www.europesays.com\/fr\/wp-json\/wp\/v2\/media\/552497"}],"wp:attachment":[{"href":"https:\/\/www.europesays.com\/fr\/wp-json\/wp\/v2\/media?parent=552496"}],"wp:term":[{"taxonomy":"category","embeddable":true,"href":"https:\/\/www.europesays.com\/fr\/wp-json\/wp\/v2\/categories?post=552496"},{"taxonomy":"post_tag","embeddable":true,"href":"https:\/\/www.europesays.com\/fr\/wp-json\/wp\/v2\/tags?post=552496"}],"curies":[{"name":"wp","href":"https:\/\/api.w.org\/{rel}","templated":true}]}}