{"id":552505,"date":"2025-11-23T02:32:18","date_gmt":"2025-11-23T02:32:18","guid":{"rendered":"https:\/\/www.europesays.com\/fr\/552505\/"},"modified":"2025-11-23T02:32:18","modified_gmt":"2025-11-23T02:32:18","slug":"je-ne-sais-pas-draguer-les-vedettes-sebastien-azzopardi-lhomme-de-theatre-qui-seduit-le-public-sans-tetes-daffiche","status":"publish","type":"post","link":"https:\/\/www.europesays.com\/fr\/552505\/","title":{"rendered":"\u00ab\u00a0Je ne sais pas draguer les vedettes\u00a0\u00bb\u00a0: S\u00e9bastien Azzopardi, l\u2019homme de th\u00e9\u00e2tre qui s\u00e9duit le public sans t\u00eates d\u2019affiche"},"content":{"rendered":"<p class=\"paragraph text_align_left lp-f-body-02\">L\u2019homme ressemble au Petit Poucet. Comme le h\u00e9ros du conte, S\u00e9bastien Azzopardi s\u00e8me un peu partout dans la capitale des indices de sa pr\u00e9sence. Sauf qu\u2019il ne s\u2019agit pas de cailloux blancs dans une for\u00eat, mais d\u2019affiches de spectacle et de devantures de th\u00e9\u00e2tre, et ce, sur les deux rives de la Seine. Promenez-vous du c\u00f4t\u00e9 de Montparnasse (XIVe) : dans une m\u00eame rue, deux salles proposent actuellement ses pi\u00e8ces, \u00ab Mission Florimont \u00bb \u2013 dans laquelle il joue \u2013 \u00e0 la Ga\u00eet\u00e9 Rive gauche, et \u00ab L\u2019Embarras du choix \u00bb \u00e0 la Ga\u00eet\u00e9-Montparnasse.<\/p>\n<p class=\"paragraph text_align_left lp-f-body-02\">Autre rue, du c\u00f4t\u00e9 des Grands Boulevards (VIIIe) cette fois : aux Mathurins, vous pouvez voir \u00ab Dernier coup de ciseaux \u00bb, qu\u2019il a mis en sc\u00e8ne, tout comme \u00ab ADN \u00bb, \u00e0 quelques m\u00e8tres de l\u00e0, au <a href=\"https:\/\/www.leparisien.fr\/culture-loisirs\/histoires-de-theatres-le-michel-une-petite-salle-pour-de-grands-artistes-20-08-2021-I3NUP2TJHVGDVN2MVRQYWZ5QUU.php\" target=\"_self\" rel=\"noopener\">Th\u00e9\u00e2tre Michel<\/a>. Une salle de spectacle que le quinquag\u00e9naire dirige, tout comme le Th\u00e9\u00e2tre Saint-Georges (IXe) et le <a href=\"https:\/\/www.leparisien.fr\/culture-loisirs\/sortir-region-parisienne\/histoires-de-theatres-le-palais-royal-des-rires-sous-les-dorures-16-08-2021-WQHIVMFHHNGURBRNWZKSPPPHFQ.php\" target=\"_self\" rel=\"noopener\">Th\u00e9\u00e2tre du Palais-Royal<\/a> (Ier). C\u2019est dans ce dernier qu\u2019il nous a donn\u00e9 rendez-vous.<\/p>\n","protected":false},"excerpt":{"rendered":"L\u2019homme ressemble au Petit Poucet. Comme le h\u00e9ros du conte, S\u00e9bastien Azzopardi s\u00e8me un peu partout dans la&hellip;\n","protected":false},"author":2,"featured_media":552506,"comment_status":"","ping_status":"","sticky":false,"template":"","format":"standard","meta":{"footnotes":""},"categories":[1888],"tags":[11,872,1777,674,1011,27,12156,12,626,25],"class_list":{"0":"post-552505","1":"post","2":"type-post","3":"status-publish","4":"format-standard","5":"has-post-thumbnail","7":"category-paris","8":"tag-actualites","9":"tag-culture-et-loisirs","10":"tag-eu","11":"tag-europe","12":"tag-fr","13":"tag-france","14":"tag-le-parisien-week-end","15":"tag-news","16":"tag-paris","17":"tag-republique-francaise"},"share_on_mastodon":{"url":"https:\/\/pubeurope.com\/@fr\/115596672756705849","error":""},"_links":{"self":[{"href":"https:\/\/www.europesays.com\/fr\/wp-json\/wp\/v2\/posts\/552505","targetHints":{"allow":["GET"]}}],"collection":[{"href":"https:\/\/www.europesays.com\/fr\/wp-json\/wp\/v2\/posts"}],"about":[{"href":"https:\/\/www.europesays.com\/fr\/wp-json\/wp\/v2\/types\/post"}],"author":[{"embeddable":true,"href":"https:\/\/www.europesays.com\/fr\/wp-json\/wp\/v2\/users\/2"}],"replies":[{"embeddable":true,"href":"https:\/\/www.europesays.com\/fr\/wp-json\/wp\/v2\/comments?post=552505"}],"version-history":[{"count":0,"href":"https:\/\/www.europesays.com\/fr\/wp-json\/wp\/v2\/posts\/552505\/revisions"}],"wp:featuredmedia":[{"embeddable":true,"href":"https:\/\/www.europesays.com\/fr\/wp-json\/wp\/v2\/media\/552506"}],"wp:attachment":[{"href":"https:\/\/www.europesays.com\/fr\/wp-json\/wp\/v2\/media?parent=552505"}],"wp:term":[{"taxonomy":"category","embeddable":true,"href":"https:\/\/www.europesays.com\/fr\/wp-json\/wp\/v2\/categories?post=552505"},{"taxonomy":"post_tag","embeddable":true,"href":"https:\/\/www.europesays.com\/fr\/wp-json\/wp\/v2\/tags?post=552505"}],"curies":[{"name":"wp","href":"https:\/\/api.w.org\/{rel}","templated":true}]}}