{"id":552509,"date":"2025-11-23T02:34:17","date_gmt":"2025-11-23T02:34:17","guid":{"rendered":"https:\/\/www.europesays.com\/fr\/552509\/"},"modified":"2025-11-23T02:34:17","modified_gmt":"2025-11-23T02:34:17","slug":"dans-le-noir-et-sans-chauffage-kiev-craint-un-hiver-sous-les-frappes-russes","status":"publish","type":"post","link":"https:\/\/www.europesays.com\/fr\/552509\/","title":{"rendered":"Dans le noir et sans chauffage, Kiev craint un hiver sous les frappes russes"},"content":{"rendered":"<p>\u00c0 la nuit tomb\u00e9e, des silhouettes promenant des chiens aux colliers lumineux se croisent dans les rues sombres de Kiev, r\u00e9sultat des bombardements russes qui plongent la capitale ukrainienne et ses trois millions d\u2019habitants dans le noir depuis octobre.<\/p>\n<p>\u00c0 l\u2019approche de l\u2019hiver, la Russie attaque syst\u00e9matiquement les infrastructures \u00e9nerg\u00e9tiques de l\u2019Ukraine depuis le lancement de son invasion en 2022. Mais cette ann\u00e9e, les frappes se sont intensifi\u00e9es et visent aussi les sites gaziers.<\/p>\n<p>Et avec le plan am\u00e9ricain propos\u00e9 \u00e0 l\u2019Ukraine pour mettre fin aux hostilit\u00e9s, vu comme tr\u00e8s favorable au Kremlin, le mot \u00ab capitulation \u00bb est dans toutes les bouches.<\/p>\n<p>Le 3 octobre, le pays a subi l\u2019attaque la plus massive contre ce secteur et les autorit\u00e9s redoutent que cet hiver soit le pire depuis le d\u00e9but de la guerre, la majorit\u00e9 des immeubles \u00e9tant chauff\u00e9s par un syst\u00e8me municipal centralis\u00e9 au gaz.<\/p>\n<p>Pourtant, dans le studio de danse de Dmytro Koustov, il fait chaud et les enceintes qui hurlent de la pop prouvent que l\u2019\u00e9lectricit\u00e9 ne manque pas.<\/p>\n<p>Un l\u00e9ger ronron qui \u00e9mane du placard trahit cependant la pr\u00e9sence d\u2019une batterie, le courant \u00e9tant coup\u00e9 deux fois par jour pour quatre heures.<\/p>\n<p>\u00ab J\u2019ai craqu\u00e9 et j\u2019ai fait l\u2019installation \u00bb, explique le chor\u00e9graphe de 29 ans. \u00ab J\u2019ai besoin de lumi\u00e8re pour que les gens viennent \u00bb et que, fatigu\u00e9s des bombardements, ils puissent \u00ab lib\u00e9rer leurs \u00e9motions \u00bb.<\/p>\n<p>Avec les frappes russes, le pays a perdu pr\u00e8s de 60\u00a0% de sa capacit\u00e9 de production de gaz, selon les m\u00e9dias ukrainiens.<\/p>\n<p>Kiev affirme disposer de r\u00e9serves suffisantes pour l\u2019hiver, mais certains craignent que de nouvelles destructions n\u2019entra\u00eenent un arr\u00eat total de chauffage par des temp\u00e9ratures glaciales.<\/p>\n<p>Si Dmytro trouve la situation \u00ab un peu stressante \u00bb, il relativise : depuis le d\u00e9but de la guerre, \u00ab les coupures font simplement partie de notre quotidien \u00bb.<\/p>\n<p>Il n\u2019a cependant pas encore trouv\u00e9 de solution si le chauffage l\u00e2che. \u00ab Nous tiendrons bon \u00bb, dit-il, avant de glisser : \u00ab Je veux partir \u00e0 Bali \u00bb.<\/p>\n<p>Chercher des solutions<\/p>\n<p>Tous les jours, les Ukrainiens voient d\u00e9filer sur Telegram le m\u00eame message du fournisseur d\u2019\u00e9nergie Ukrenergo : \u00ab En cons\u00e9quence des attaques russes, des coupures de courant seront impos\u00e9es \u00e0 plusieurs r\u00e9gions d\u2019Ukraine \u00bb.<\/p>\n<p>La compagnie publie un planning quotidien que les habitants consultent pour organiser leurs journ\u00e9es.<\/p>\n<p>Volodymyr, 66 ans, et Tetiana, 64 ans, propri\u00e9taires d\u2019une petite maison dans l\u2019ouest de Kiev, se l\u00e8vent maintenant la nuit pour se doucher, faire la lessive ou recharger leurs batteries de secours quand le courant revient.<\/p>\n<p>Tous les jours \u00e0 20 heures, leur quartier est plong\u00e9 dans l\u2019obscurit\u00e9, les ronrons des g\u00e9n\u00e9rateurs et l\u2019odeur de leur gaz d\u2019\u00e9chappement.<\/p>\n<p>Pas inquiet, voire un peu fier, Volodmymyr se dit pr\u00eat \u00e0 affronter l\u2019hiver.<\/p>\n<p>Batteries, g\u00e9n\u00e9rateur thermique, bonbonnes de butane, ampoules rechargeables\u2026 Lui et sa femme se sont progressivement \u00e9quip\u00e9s.<\/p>\n<p>Si \u00e7a ne suffit pas, Volodymyr se tournera vers la solution de \u00ab ses anc\u00eatres \u00bb : d\u2019antiques lampes \u00e0 p\u00e9trole de ses parents, accroch\u00e9es au mur. Ainsi que la poussi\u00e9reuse gazini\u00e8re qui attend sur la terrasse le jour, probable, o\u00f9 les batteries d\u2019urgence ne suffiront plus.<\/p>\n<p>\u00ab Et si je n\u2019ai plus de gaz, j\u2019ai du bois \u00bb, lance Volodymyr sur un ton de d\u00e9fi. \u00ab Il faut chercher des solutions, pas attendre qu\u2019on s\u2019occupe de nous \u00bb, l\u00e2che-t-il.<\/p>\n<p>\u00ab Moi je m\u2019inqui\u00e8te \u00bb, avoue Tetiana, notamment pour les gens qui, comme sa tante de 85 ans, \u00ab ne sont pas pr\u00eats \u00e0 cause de leur \u00e2ge et vivent en appartement \u00bb, o\u00f9 le chauffage risque d\u2019\u00eatre coup\u00e9.<\/p>\n<p>Se couvrir ou danser<\/p>\n<p>L\u2019hiver 2022 a \u00e9t\u00e9 particuli\u00e8rement difficile pour beaucoup d\u2019Ukrainiens, pris au d\u00e9pourvu par les attaques russes sur le r\u00e9seau \u00e9nerg\u00e9tique.<\/p>\n<p>\u00ab Les gens ont longtemps pens\u00e9 que \u00e7a passerait \u00bb, se souvient Tetiana. \u00ab Comme nous pensions que la guerre ne commencerait pas \u00bb.<\/p>\n<p>D\u00e9but octobre, apr\u00e8s une reprise de coupures de courant massives, la cha\u00eene de magasins g\u00e9n\u00e9ralistes Epicentr, cit\u00e9e par des m\u00e9dias, a vu ses ventes de g\u00e9n\u00e9rateurs tripler et celles de batteries externes et de r\u00e9chauds de camping multipli\u00e9es par huit.<\/p>\n<p>Dmytro a d\u00e9pens\u00e9 environ 1 000 euros pour son \u00e9quipement. Un budget hors de port\u00e9e pour beaucoup, le salaire mensuel moyen en Ukraine \u00e9tant d\u2019environ 480 euros (environ 780 dollars canadiens).<\/p>\n<p>Dans son studio, c\u2019est la pause cigarette, les discussions fusent : coupures d\u2019eau dans les immeubles, gravir vingt \u00e9tages sans ascenseur, cette mauvaise impression d\u2019\u00eatre \u00ab revenu en 2022 \u00bb.<\/p>\n<p>Car plus que l\u2019hiver, ce qui effraie les Ki\u00e9viens ce sont les bombardements russes meurtriers \u00ab qui continuent d\u2019empirer \u00bb. Et pour le froid, dit le danseur : \u00ab Je pense qu\u2019on va juste se couvrir\u2026 Ou danser \u00bb<\/p>\n","protected":false},"excerpt":{"rendered":"\u00c0 la nuit tomb\u00e9e, des silhouettes promenant des chiens aux colliers lumineux se croisent dans les rues sombres&hellip;\n","protected":false},"author":2,"featured_media":552510,"comment_status":"","ping_status":"","sticky":false,"template":"","format":"standard","meta":{"footnotes":""},"categories":[1591],"tags":[11,1887,12,1885,1886,132],"class_list":{"0":"post-552509","1":"post","2":"type-post","3":"status-publish","4":"format-standard","5":"has-post-thumbnail","7":"category-russie","8":"tag-actualites","9":"tag-federation-de-russie","10":"tag-news","11":"tag-russia","12":"tag-russian-federation","13":"tag-russie"},"share_on_mastodon":{"url":"https:\/\/pubeurope.com\/@fr\/115596680593864707","error":""},"_links":{"self":[{"href":"https:\/\/www.europesays.com\/fr\/wp-json\/wp\/v2\/posts\/552509","targetHints":{"allow":["GET"]}}],"collection":[{"href":"https:\/\/www.europesays.com\/fr\/wp-json\/wp\/v2\/posts"}],"about":[{"href":"https:\/\/www.europesays.com\/fr\/wp-json\/wp\/v2\/types\/post"}],"author":[{"embeddable":true,"href":"https:\/\/www.europesays.com\/fr\/wp-json\/wp\/v2\/users\/2"}],"replies":[{"embeddable":true,"href":"https:\/\/www.europesays.com\/fr\/wp-json\/wp\/v2\/comments?post=552509"}],"version-history":[{"count":0,"href":"https:\/\/www.europesays.com\/fr\/wp-json\/wp\/v2\/posts\/552509\/revisions"}],"wp:featuredmedia":[{"embeddable":true,"href":"https:\/\/www.europesays.com\/fr\/wp-json\/wp\/v2\/media\/552510"}],"wp:attachment":[{"href":"https:\/\/www.europesays.com\/fr\/wp-json\/wp\/v2\/media?parent=552509"}],"wp:term":[{"taxonomy":"category","embeddable":true,"href":"https:\/\/www.europesays.com\/fr\/wp-json\/wp\/v2\/categories?post=552509"},{"taxonomy":"post_tag","embeddable":true,"href":"https:\/\/www.europesays.com\/fr\/wp-json\/wp\/v2\/tags?post=552509"}],"curies":[{"name":"wp","href":"https:\/\/api.w.org\/{rel}","templated":true}]}}