{"id":552511,"date":"2025-11-23T02:35:13","date_gmt":"2025-11-23T02:35:13","guid":{"rendered":"https:\/\/www.europesays.com\/fr\/552511\/"},"modified":"2025-11-23T02:35:13","modified_gmt":"2025-11-23T02:35:13","slug":"alors-que-kiev-a-la-pression-trump-semble-finalement-pret-a-negocier-sur-son-plan","status":"publish","type":"post","link":"https:\/\/www.europesays.com\/fr\/552511\/","title":{"rendered":"Alors que Kiev \u00e0 la pression, Trump semble finalement pr\u00eat \u00e0 n\u00e9gocier sur son plan"},"content":{"rendered":"<p>Pour tenter de trouver un chemin vers la paix entre Moscou et Kiev, Donald Trump est finalement pr\u00eat \u00e0 faire des concessions apr\u00e8s avoir sembl\u00e9 \u00eatre totalement intransigeant. Le locataire de la Maison-Blanche a ainsi d\u00e9clar\u00e9 samedi que <a href=\"https:\/\/www.20minutes.fr\/monde\/ukraine\/4187015-20251121-guerre-ukraine-concessions-otan-prevoit-exactement-plan-paix-defendu-etats-unis\" target=\"_blank\" class=\"c-link c-link--is-underlined\" rel=\"nofollow noopener\">son plan pour mettre fin \u00e0 la guerre en Ukraine<\/a> n\u2019\u00e9tait pas sa derni\u00e8re offre.<\/p>\n<p>Le pr\u00e9sident am\u00e9ricain a en effet r\u00e9pondu \u00ab\u00a0non\u00a0\u00bb \u00e0 la question de savoir si son plan \u00e9tait sa \u00ab\u00a0derni\u00e8re offre\u00a0\u00bb. \u00ab\u00a0Nous essayons d\u2019y mettre fin (au conflit). D\u2019une mani\u00e8re ou d\u2019une autre, nous devons y mettre fin\u00a0\u00bb, a-t-il d\u00e9clar\u00e9 \u00e0 la presse, sans toutefois donner davantage de d\u00e9tails.<\/p>\n<p>Un plan repouss\u00e9 par Zelensky<\/p>\n<p>Ce plan en 28 points est vu <a href=\"https:\/\/www.20minutes.fr\/monde\/ukraine\/4186993-20251121-guerre-ukraine-concessions-territoriales-reduction-militaire-enjeux-economiques-plan-americain-alarme-kiev\" target=\"_blank\" class=\"c-link c-link--is-underlined\" rel=\"nofollow noopener\">avec une grande inqui\u00e9tude \u00e0 Kiev<\/a> puisqu\u2019il reprend plusieurs exigences cl\u00e9s de la Russie, \u00e0 savoir que l\u2019Ukraine lui c\u00e8de des territoires, accepte une r\u00e9duction de la taille de son arm\u00e9e et renonce \u00e0 int\u00e9grer l\u2019Otan. Il offre cependant des garanties de s\u00e9curit\u00e9 occidentales \u00e0 Kiev pour pr\u00e9venir toute nouvelle attaque russe.<\/p>\n<p>Le pr\u00e9sident ukrainien Volodymyr Zelensky a repouss\u00e9 vendredi ce plan, que Donald Trump et Vladimir Poutine le pressent d\u2019accepter, assurant qu\u2019il allait proposer des \u00ab\u00a0alternatives\u00a0\u00bb aux Am\u00e9ricains.<\/p>\n<p>Trump proche de l\u2019ultimatum vis-\u00e0-vis de Kiev<\/p>\n<p>Des responsables ukrainiens, am\u00e9ricains et europ\u00e9ens doivent <a href=\"https:\/\/www.20minutes.fr\/monde\/ukraine\/4187282-20251122-ukraine-va-entamer-consultations-suisse-americains-futur-accord-paix-moscou\" target=\"_blank\" class=\"c-link c-link--is-underlined\" rel=\"nofollow noopener\">se retrouver dimanche en Suisse<\/a> pour discuter du plan de Donald Trump, selon plusieurs sources concordantes.<\/p>\n<p><a href=\"https:\/\/www.20minutes.fr\/monde\/ukraine\/\" class=\"c-link c-btn c-btn--primary\" rel=\"nofollow noopener\" target=\"_blank\">Notre dossier sur la Guerre en Ukraine<\/a><\/p>\n<p>Donald Trump a estim\u00e9 vendredi que le jeudi 27\u00a0novembre, jour de la f\u00eate de Thanksgiving, \u00e9tait une date butoir \u00ab\u00a0ad\u00e9quate\u00a0\u00bb pour un feu vert de l\u2019Ukraine au plan am\u00e9ricain de r\u00e8glement du conflit. \u00ab\u00a0J\u2019ai eu beaucoup de dates butoirs et quand les choses vont bien, la tendance est de repousser les dates butoirs. Mais jeudi est, nous pensons, un moment ad\u00e9quat\u00a0\u00bb, a expliqu\u00e9 le pr\u00e9sident am\u00e9ricain sur Fox News Radio.<\/p>\n","protected":false},"excerpt":{"rendered":"Pour tenter de trouver un chemin vers la paix entre Moscou et Kiev, Donald Trump est finalement pr\u00eat&hellip;\n","protected":false},"author":2,"featured_media":552512,"comment_status":"","ping_status":"","sticky":false,"template":"","format":"standard","meta":{"footnotes":""},"categories":[1590],"tags":[47,11,75,73,1777,674,131,74,12,132,220,133,135,134],"class_list":{"0":"post-552511","1":"post","2":"type-post","3":"status-publish","4":"format-standard","5":"has-post-thumbnail","7":"category-ukraine","8":"tag-actualite","9":"tag-actualites","10":"tag-donald-trump","11":"tag-etats-unis","12":"tag-eu","13":"tag-europe","14":"tag-guerre-en-ukraine","15":"tag-monde","16":"tag-news","17":"tag-russie","18":"tag-ukraine","19":"tag-video","20":"tag-vladimir-poutine","21":"tag-volodymyr-zelensky"},"share_on_mastodon":{"url":"https:\/\/pubeurope.com\/@fr\/115596684566921758","error":""},"_links":{"self":[{"href":"https:\/\/www.europesays.com\/fr\/wp-json\/wp\/v2\/posts\/552511","targetHints":{"allow":["GET"]}}],"collection":[{"href":"https:\/\/www.europesays.com\/fr\/wp-json\/wp\/v2\/posts"}],"about":[{"href":"https:\/\/www.europesays.com\/fr\/wp-json\/wp\/v2\/types\/post"}],"author":[{"embeddable":true,"href":"https:\/\/www.europesays.com\/fr\/wp-json\/wp\/v2\/users\/2"}],"replies":[{"embeddable":true,"href":"https:\/\/www.europesays.com\/fr\/wp-json\/wp\/v2\/comments?post=552511"}],"version-history":[{"count":0,"href":"https:\/\/www.europesays.com\/fr\/wp-json\/wp\/v2\/posts\/552511\/revisions"}],"wp:featuredmedia":[{"embeddable":true,"href":"https:\/\/www.europesays.com\/fr\/wp-json\/wp\/v2\/media\/552512"}],"wp:attachment":[{"href":"https:\/\/www.europesays.com\/fr\/wp-json\/wp\/v2\/media?parent=552511"}],"wp:term":[{"taxonomy":"category","embeddable":true,"href":"https:\/\/www.europesays.com\/fr\/wp-json\/wp\/v2\/categories?post=552511"},{"taxonomy":"post_tag","embeddable":true,"href":"https:\/\/www.europesays.com\/fr\/wp-json\/wp\/v2\/tags?post=552511"}],"curies":[{"name":"wp","href":"https:\/\/api.w.org\/{rel}","templated":true}]}}