{"id":552517,"date":"2025-11-23T02:38:17","date_gmt":"2025-11-23T02:38:17","guid":{"rendered":"https:\/\/www.europesays.com\/fr\/552517\/"},"modified":"2025-11-23T02:38:17","modified_gmt":"2025-11-23T02:38:17","slug":"et-a-la-fin-cest-lespagne-ou-litalie-qui-gagne","status":"publish","type":"post","link":"https:\/\/www.europesays.com\/fr\/552517\/","title":{"rendered":"et \u00e0 la fin, c\u2019est l\u2019Espagne ou l\u2019Italie qui gagne"},"content":{"rendered":"<p>M\u00eame sans Carlos Alcaraz ni Jannik Sinner, ce sera Espagne-Italie en finale de la Coupe Davis\u00a0: la s\u00e9lection ib\u00e8re a pris rendez-vous, samedi 22\u00a0novembre 2025, avec les doubles tenants du titre transalpins en battant l\u2019Allemagne d\u2019Alexander Zverev (2-1).<\/p>\n<p>Certes, l\u2019absence des num\u00e9ros\u00a01 et\u00a02 mondiaux \u00e0 Bologne, o\u00f9 se dispute cette ann\u00e9e la phase finale \u00e0 huit \u00e9quipes apr\u00e8s plusieurs \u00e9ditions \u00e0 Malaga, a fait jaser. Mais elle a aussi permis de souligner la profondeur de l\u2019effectif italien, emmen\u00e9 par Flavio Cobolli (22e mondial) et Matteo Berrettini (56e), et du collectif espagnol, port\u00e9 par Jaume Munar (36e), Pablo Carre\u00f1o (89e) et la paire de double Marcel Granollers\/Pedro Martinez.<\/p>\n<p>C\u2019est d\u2019ailleurs le duo Granollers\/Martinez qui a marqu\u00e9 le point d\u00e9cisif pour l\u2019Espagne contre l\u2019Allemagne, en battant 6-2, 3-6, 6-3 la paire allemande compos\u00e9e de Kevin Krawietz et Tim Puetz. \u00ab\u00a0Je suis vraiment fier de mes joueurs, ils ont d\u00fb se battre pour arriver jusque-l\u00e0\u00a0\u00bb, a r\u00e9agi le capitaine espagnol David Ferrer dans son interview d\u2019apr\u00e8s-match.<\/p>\n<p>Contrairement aux Italiens, qualifi\u00e9s directement pour la phase finale gr\u00e2ce \u00e0 leur statut d\u2019h\u00f4tes du \u00ab\u00a0Final 8\u00a0\u00bb, les Espagnols ont en effet d\u00fb batailler pour gagner leur place \u00e0 Bologne. La s\u00e9lection ib\u00e8re a surv\u00e9cu \u00e0 deux tours de qualifications, d\u2019abord contre la Suisse puis face au Danemark de l\u2019ex-4e mondial Holger Rune (actuel 15e).<\/p>\n<p>Zverev offre \u00e0 l\u2019Allemagne un double d\u00e9cisif<\/p>\n<p>Samedi, le double d\u00e9cisif a \u00e9t\u00e9 nettement moins emballant que celui qui avait permis aux Espagnols de vaincre jeudi en quarts de finale la R\u00e9publique tch\u00e8que de Jiri Lehecka (17e), Jakub Mensik (19e) et Tomas Machac (32e). Mais il a assur\u00e9 le retour des joueurs de David Ferrer en finale de la Coupe Davis pour la premi\u00e8re fois depuis 2019, l\u2019ann\u00e9e de leur sixi\u00e8me \u2014 et jusqu\u2019\u00e0 pr\u00e9sent dernier\u00a0\u2014 sacre dans la comp\u00e9tition.<\/p>\n<p>Pablo Carre\u00f1o (89e) avait montr\u00e9 la voie \u00e0 l\u2019Espagne en battant 6-4, 7-6 (8\/6) le num\u00e9ro\u00a02 allemand Jan-Lennard Struff (84e) dans le premier simple de la journ\u00e9e. \u00ab\u00a0Le match s\u2019est jou\u00e9 sur de petits d\u00e9tails et j\u2019ai \u00e9t\u00e9 un peu malchanceux\u00a0\u00bb, a regrett\u00e9 le perdant, qui a gaspill\u00e9 cinq balles de deuxi\u00e8me set \u00e0 6\/1 dans le tie-break. Mais Martinez \u00ab\u00a0a m\u00e9rit\u00e9 sa victoire\u00a0\u00bb, a compl\u00e9t\u00e9 Struff.<\/p>\n<p>Alexander Zverev, joueur le mieux class\u00e9 \u00e0 Bologne en l\u2019absence d\u2019Alcaraz et Sinner, a ensuite remis les deux \u00e9quipes \u00e0 \u00e9galit\u00e9 en battant 7-6 (7\/2), 7-6 (7\/5) le Majorquin Jaume Munar (36e). \u00ab\u00a0Je n\u2019ai pas jou\u00e9 \u00e0 mon meilleur niveau, mon premier match (victoire en deux sets contre le 21e mondial Francisco Cerundolo jeudi) \u00e9tait meilleur\u00a0\u00bb, a jug\u00e9 Zverev en conf\u00e9rence de presse. \u00ab\u00a0Mais en Coupe Davis, peu importe la fa\u00e7on dont tu gagnes, du moment que tu rapportes un point \u00e0 ton \u00e9quipe\u00a0\u00bb, a nuanc\u00e9 le triple finaliste en Grand Chelem.<\/p>\n<p>M\u00eame renforc\u00e9e par le num\u00e9ro\u00a03 mondial, l\u2019Allemagne a cependant \u00e9t\u00e9 \u00e9limin\u00e9e samedi pour la deuxi\u00e8me ann\u00e9e d\u2019affil\u00e9e dans le dernier carr\u00e9 de la Coupe Davis. En 2024, les triples vainqueurs de la comp\u00e9tition (1988, 1989, 1993) s\u2019\u00e9taient cass\u00e9 les dents sur les Pays-Bas en demi-finales \u00e0 Malaga.<\/p>\n<p>Dimanche en finale, l\u2019Espagne entrera sur le court avec un bilan de six victoires pour sept d\u00e9faites contre l\u2019Italie en Coupe Davis. Avant de r\u00e9aliser le doubl\u00e9 en 2023-2024, la s\u00e9lection transalpine a soulev\u00e9 son premier Saladier d\u2019argent en 1976.<\/p>\n<p>Ce dimanche 23\u00a0novembre 2025 \u00e0 15\u00a0h sur beIN Sports 3.<\/p>\n","protected":false},"excerpt":{"rendered":"M\u00eame sans Carlos Alcaraz ni Jannik Sinner, ce sera Espagne-Italie en finale de la Coupe Davis\u00a0: la s\u00e9lection&hellip;\n","protected":false},"author":2,"featured_media":552518,"comment_status":"","ping_status":"","sticky":false,"template":"","format":"standard","meta":{"footnotes":""},"categories":[1587],"tags":[11,672,1804,1805,1803,1777,674,1801,74,12,1802,60,1467],"class_list":{"0":"post-552517","1":"post","2":"type-post","3":"status-publish","4":"format-standard","5":"has-post-thumbnail","7":"category-allemagne","8":"tag-actualites","9":"tag-allemagne","10":"tag-bundesrepublik-deutschland","11":"tag-de","12":"tag-deutschland","13":"tag-eu","14":"tag-europe","15":"tag-germany","16":"tag-monde","17":"tag-news","18":"tag-republique-federale-dallemagne","19":"tag-sports","20":"tag-tennis"},"share_on_mastodon":{"url":"https:\/\/pubeurope.com\/@fr\/115596696193293933","error":""},"_links":{"self":[{"href":"https:\/\/www.europesays.com\/fr\/wp-json\/wp\/v2\/posts\/552517","targetHints":{"allow":["GET"]}}],"collection":[{"href":"https:\/\/www.europesays.com\/fr\/wp-json\/wp\/v2\/posts"}],"about":[{"href":"https:\/\/www.europesays.com\/fr\/wp-json\/wp\/v2\/types\/post"}],"author":[{"embeddable":true,"href":"https:\/\/www.europesays.com\/fr\/wp-json\/wp\/v2\/users\/2"}],"replies":[{"embeddable":true,"href":"https:\/\/www.europesays.com\/fr\/wp-json\/wp\/v2\/comments?post=552517"}],"version-history":[{"count":0,"href":"https:\/\/www.europesays.com\/fr\/wp-json\/wp\/v2\/posts\/552517\/revisions"}],"wp:featuredmedia":[{"embeddable":true,"href":"https:\/\/www.europesays.com\/fr\/wp-json\/wp\/v2\/media\/552518"}],"wp:attachment":[{"href":"https:\/\/www.europesays.com\/fr\/wp-json\/wp\/v2\/media?parent=552517"}],"wp:term":[{"taxonomy":"category","embeddable":true,"href":"https:\/\/www.europesays.com\/fr\/wp-json\/wp\/v2\/categories?post=552517"},{"taxonomy":"post_tag","embeddable":true,"href":"https:\/\/www.europesays.com\/fr\/wp-json\/wp\/v2\/tags?post=552517"}],"curies":[{"name":"wp","href":"https:\/\/api.w.org\/{rel}","templated":true}]}}