{"id":552521,"date":"2025-11-23T02:40:20","date_gmt":"2025-11-23T02:40:20","guid":{"rendered":"https:\/\/www.europesays.com\/fr\/552521\/"},"modified":"2025-11-23T02:40:20","modified_gmt":"2025-11-23T02:40:20","slug":"les-interets-prives-deuroclear-ne-sauraient-bloquer-une-decision-collective-de-lunion-europeenne-liberation","status":"publish","type":"post","link":"https:\/\/www.europesays.com\/fr\/552521\/","title":{"rendered":"les int\u00e9r\u00eats priv\u00e9s d\u2019Euroclear ne sauraient bloquer une d\u00e9cision collective de l\u2019Union europ\u00e9enne \u2013 Lib\u00e9ration"},"content":{"rendered":"<p class=\"sc-cPiKLX AiZTS text-element\">L\u2019utilisation des actifs russes pour accorder \u00e0 l\u2019Ukraine un \u00abpr\u00eat de r\u00e9paration\u00bb a \u00e9t\u00e9 discut\u00e9 pendant le dernier Conseil europ\u00e9en du 23 octobre. N\u00e9anmoins, la d\u00e9cision finale a \u00e9t\u00e9 bloqu\u00e9e par la Belgique, o\u00f9 se trouve le si\u00e8ge d\u2019Euroclear, l\u2019institution priv\u00e9e au bilan duquel ces actifs sont immobilis\u00e9s. Dans un <a href=\"https:\/\/www.lemonde.fr\/economie\/article\/2025\/11\/15\/en-cas-de-confiscation-des-avoirs-russes-euroclear-n-exclut-pas-de-poursuivre-l-ue-en-justice_6653499_3234.html\" target=\"_blank\" rel=\"nofollow noopener\" title=\"https:\/\/www.lemonde.fr\/economie\/article\/2025\/11\/15\/en-cas-de-confiscation-des-avoirs-russes-euroclear-n-exclut-pas-de-poursuivre-l-ue-en-justice_6653499_3234.html\">entretien au Monde<\/a>, Val\u00e9rie Urbain, directrice g\u00e9n\u00e9rale d\u2019Euroclear, n\u2019a pas exclu des poursuites juridiques contre les instances europ\u00e9ennes.<\/p>\n<p class=\"sc-cPiKLX AiZTS text-element\">Pourquoi les int\u00e9r\u00eats priv\u00e9s d\u2019Euroclear bloquent une d\u00e9cision collective visant \u00e0 renforcer la s\u00e9curit\u00e9 europ\u00e9enne et \u00e0 faire assumer par la Russie le co\u00fbt de son agression ? Euroclear Holding est le plus grand d\u00e9positaire central de titres europ\u00e9en. Son r\u00f4le est d\u2019enregistrer les titres \u2013 actions, obligations d\u2019Etat et obligations d\u2019entreprises \u2013 lors de leur \u00e9mission ainsi que lors de leurs \u00e9changes sur les march\u00e9s secondaires. Autrement dit, un d\u00e9positaire central de titres veille \u00e0 ce que le nombre de titres \u00e9mis soit \u00e9gal au nombre de titres en circulation. Le rapport r\u00e9cent de l\u2019Institut fran\u00e7ais des relations internationales (Ifri) explique <a hr=\"\"\/><\/p>\n","protected":false},"excerpt":{"rendered":"L\u2019utilisation des actifs russes pour accorder \u00e0 l\u2019Ukraine un \u00abpr\u00eat de r\u00e9paration\u00bb a \u00e9t\u00e9 discut\u00e9 pendant le dernier&hellip;\n","protected":false},"author":2,"featured_media":552522,"comment_status":"","ping_status":"","sticky":false,"template":"","format":"standard","meta":{"footnotes":""},"categories":[1586],"tags":[11,1777,674,1779,1011,27,12,25,132,1778,364],"class_list":{"0":"post-552521","1":"post","2":"type-post","3":"status-publish","4":"format-standard","5":"has-post-thumbnail","7":"category-europe","8":"tag-actualites","9":"tag-eu","10":"tag-europe","11":"tag-european-union","12":"tag-fr","13":"tag-france","14":"tag-news","15":"tag-republique-francaise","16":"tag-russie","17":"tag-ue","18":"tag-union-europeenne"},"share_on_mastodon":{"url":"https:\/\/pubeurope.com\/@fr\/115596704172032759","error":""},"_links":{"self":[{"href":"https:\/\/www.europesays.com\/fr\/wp-json\/wp\/v2\/posts\/552521","targetHints":{"allow":["GET"]}}],"collection":[{"href":"https:\/\/www.europesays.com\/fr\/wp-json\/wp\/v2\/posts"}],"about":[{"href":"https:\/\/www.europesays.com\/fr\/wp-json\/wp\/v2\/types\/post"}],"author":[{"embeddable":true,"href":"https:\/\/www.europesays.com\/fr\/wp-json\/wp\/v2\/users\/2"}],"replies":[{"embeddable":true,"href":"https:\/\/www.europesays.com\/fr\/wp-json\/wp\/v2\/comments?post=552521"}],"version-history":[{"count":0,"href":"https:\/\/www.europesays.com\/fr\/wp-json\/wp\/v2\/posts\/552521\/revisions"}],"wp:featuredmedia":[{"embeddable":true,"href":"https:\/\/www.europesays.com\/fr\/wp-json\/wp\/v2\/media\/552522"}],"wp:attachment":[{"href":"https:\/\/www.europesays.com\/fr\/wp-json\/wp\/v2\/media?parent=552521"}],"wp:term":[{"taxonomy":"category","embeddable":true,"href":"https:\/\/www.europesays.com\/fr\/wp-json\/wp\/v2\/categories?post=552521"},{"taxonomy":"post_tag","embeddable":true,"href":"https:\/\/www.europesays.com\/fr\/wp-json\/wp\/v2\/tags?post=552521"}],"curies":[{"name":"wp","href":"https:\/\/api.w.org\/{rel}","templated":true}]}}