{"id":552527,"date":"2025-11-23T02:43:18","date_gmt":"2025-11-23T02:43:18","guid":{"rendered":"https:\/\/www.europesays.com\/fr\/552527\/"},"modified":"2025-11-23T02:43:18","modified_gmt":"2025-11-23T02:43:18","slug":"on-est-moins-forts-quil-y-a-quatre-ans","status":"publish","type":"post","link":"https:\/\/www.europesays.com\/fr\/552527\/","title":{"rendered":"\u00ab\u00a0On est moins forts qu\u2019il y a quatre ans\u00a0\u00bb"},"content":{"rendered":"<p>                     <img loading=\"lazy\" decoding=\"async\" src=\"https:\/\/www.europesays.com\/fr\/wp-content\/uploads\/2025\/11\/eaa3c0e_ftp-import-images-1-u5ebnpec0tdy-5502157-01-06.jpg\" alt=\"Louis Bielle-Biarrey, Nicolas Depoortere, Kalvin Gourgues et Romain Ntamack, lors du match contre l\u2019Australie, samedi 22\u00a0novembre, au Stade de France.\"   width=\"664\" height=\"443\"\/>    Louis Bielle-Biarrey, Nicolas Depoortere, Kalvin Gourgues et Romain Ntamack, lors du match contre l\u2019Australie, samedi 22\u00a0novembre, au Stade de France.  THIBAUD MORITZ \/ AFP                 <\/p>\n<p class=\"article__paragraph  \">Fabien Galthi\u00e9 avait vu juste dans la semaine. Le rugby de s\u00e9lection, \u00ab\u00a0c\u2019est un \u00e9ternel recommencement\u00a0\u00bb. Samedi 22\u00a0novembre, le XV de France a jou\u00e9 contre l\u2019Australie un mauvais remake de ce qu\u2019il a produit face aux Sud-Africains et aux Fidjiens lors de la tourn\u00e9e d\u2019automne. Un rugby sur courant alternatif, sans saveur, sans identit\u00e9 de jeu.<\/p>\n<p>                                   Lire aussi |  <a href=\"https:\/\/www.lemonde.fr\/sport\/live\/2025\/11\/22\/en-direct-france-australie-suivez-le-test-match-de-la-tournee-d-automne-de-rugby_6654468_3242.html\" class=\"js-article-read-also catcher--favoris__link\" data-premium=\"\" id=\"article-title-3447529\" rel=\"nofollow noopener\" target=\"_blank\">France-Australie\u00a0: les Bleus, longtemps malmen\u00e9s, bouclent leur tourn\u00e9e d\u2019automne par une victoire<\/a>    <\/p>\n<p>   Lire plus tard  <\/p>\n<p class=\"article__paragraph  \">Devant les 80\u00a0000\u00a0spectateurs transis de froid du Stade de France, les Bleus se sont impos\u00e9s contre les Wallabies (48-33), mais n\u2019ont pas rassur\u00e9. Pire, ils sont retomb\u00e9s dans leurs travers. Aux probl\u00e8mes d\u2019indisciplines (12\u00a0p\u00e9nalit\u00e9s conc\u00e9d\u00e9es, carton jaune de Maxime Lucu peu avant la mi-temps) se sont ajout\u00e9s les ballons perdus, les plaquages rat\u00e9s, les en-avant\u2026<\/p>\n<p class=\"article__paragraph  \">Soit le m\u00eame diagnostic que celui pos\u00e9 contre les Sud-Africains, le 8\u00a0novembre, \u00e0 Saint-Denis, et contre les Fidjiens une semaine plus tard \u00e0 Bordeaux. Pourtant, le deuxi\u00e8me ligne Thibaud Flament avait, dans la semaine, exhort\u00e9 ses co\u00e9quipiers \u00e0 \u00ab\u00a0faire preuve de panache\u00a0\u00bb sur le terrain, et gommer cette impression \u00ab\u00a0moyennasse\u00a0\u00bb qui rongeait les Bleus depuis le d\u00e9but de la tourn\u00e9e.<\/p>\n<p class=\"reading-mode-only \"><strong>Il vous reste 81.58% de cet article \u00e0 lire. La suite est r\u00e9serv\u00e9e aux abonn\u00e9s.<\/strong><\/p>\n","protected":false},"excerpt":{"rendered":"Louis Bielle-Biarrey, Nicolas Depoortere, Kalvin Gourgues et Romain Ntamack, lors du match contre l\u2019Australie, samedi 22\u00a0novembre, au Stade&hellip;\n","protected":false},"author":2,"featured_media":552528,"comment_status":"","ping_status":"","sticky":false,"template":"","format":"standard","meta":{"footnotes":""},"categories":[4],"tags":[11,1011,27,12,25],"class_list":{"0":"post-552527","1":"post","2":"type-post","3":"status-publish","4":"format-standard","5":"has-post-thumbnail","7":"category-france","8":"tag-actualites","9":"tag-fr","10":"tag-france","11":"tag-news","12":"tag-republique-francaise"},"share_on_mastodon":{"url":"https:\/\/pubeurope.com\/@fr\/115596717110485264","error":""},"_links":{"self":[{"href":"https:\/\/www.europesays.com\/fr\/wp-json\/wp\/v2\/posts\/552527","targetHints":{"allow":["GET"]}}],"collection":[{"href":"https:\/\/www.europesays.com\/fr\/wp-json\/wp\/v2\/posts"}],"about":[{"href":"https:\/\/www.europesays.com\/fr\/wp-json\/wp\/v2\/types\/post"}],"author":[{"embeddable":true,"href":"https:\/\/www.europesays.com\/fr\/wp-json\/wp\/v2\/users\/2"}],"replies":[{"embeddable":true,"href":"https:\/\/www.europesays.com\/fr\/wp-json\/wp\/v2\/comments?post=552527"}],"version-history":[{"count":0,"href":"https:\/\/www.europesays.com\/fr\/wp-json\/wp\/v2\/posts\/552527\/revisions"}],"wp:featuredmedia":[{"embeddable":true,"href":"https:\/\/www.europesays.com\/fr\/wp-json\/wp\/v2\/media\/552528"}],"wp:attachment":[{"href":"https:\/\/www.europesays.com\/fr\/wp-json\/wp\/v2\/media?parent=552527"}],"wp:term":[{"taxonomy":"category","embeddable":true,"href":"https:\/\/www.europesays.com\/fr\/wp-json\/wp\/v2\/categories?post=552527"},{"taxonomy":"post_tag","embeddable":true,"href":"https:\/\/www.europesays.com\/fr\/wp-json\/wp\/v2\/tags?post=552527"}],"curies":[{"name":"wp","href":"https:\/\/api.w.org\/{rel}","templated":true}]}}