{"id":552533,"date":"2025-11-23T02:51:22","date_gmt":"2025-11-23T02:51:22","guid":{"rendered":"https:\/\/www.europesays.com\/fr\/552533\/"},"modified":"2025-11-23T02:51:22","modified_gmt":"2025-11-23T02:51:22","slug":"un-nouveau-role-pour-elia-viviani-actualite","status":"publish","type":"post","link":"https:\/\/www.europesays.com\/fr\/552533\/","title":{"rendered":"Un nouveau r\u00f4le pour Elia Viviani &#8211; Actualit\u00e9"},"content":{"rendered":"<p style=\"text-align: justify;\"><a href=\"https:\/\/www.directvelo.com\/coureur\/6698\/elia-viviani\" target=\"_blank\" rel=\"noopener\">Elia Viviani<\/a> arr\u00eate sa carri\u00e8re \u00e0 la fin de la saison. Il participe actuellement aux 6 Jours de Gand. La f\u00e9d\u00e9ration italienne lui a d\u00e9j\u00e0 trouv\u00e9 du travail \u00e0 partir de 2026. Le Conseil f\u00e9d\u00e9ral de la FCI r\u00e9uni ce samedi lui a attribu\u00e9 un nouveau poste. Le Champion olympique de l&rsquo;Omnium de 36 ans a \u00e9t\u00e9 nomm\u00e9 Manager des \u00e9quipes d&rsquo;Italie sur route et sur piste, jusqu&rsquo;en 2028.<\/p>\n<p>Roberto Amadio, ancien manager, devient le nouveau Commissaire technique de la route chez les Elites Hommes. Au jeu des chaises musicales, Marco Villa qui \u00e9tait le Commissaire technique des pros sur la route et des Elites Femmes sur la piste conserve cette derni\u00e8re activit\u00e9. Marco Villa s&rsquo;occupera aussi particuli\u00e8rement du domaine du contre-la-montre pour toutes les cat\u00e9gories.\u00a0<\/p>\n<p>Sur la route, Marino Amadori s&rsquo;occupe toujours des Espoirs, Dino Savoldi des Juniors et Marco Velo des Dames.<\/p>\n<p>Sur piste, Edoardo Salvoldi conserve l&rsquo;endurance hommes, Diego Bragato reste l&rsquo;adjoint de Marco Villa chez les Femmes et Ivan Quaranta s&rsquo;occupera du sprint.<\/p>\n<p>Enfin, Daniele Pontoni est reconduit \u00e0 son poste de Commissaire technique du cyclo-cross et du gravel.<\/p>\n<p>Elia Viviani a aussi \u00e9t\u00e9 <a href=\"https:\/\/www.directvelo.com\/actualite\/124889\/la-piste-a-elu-ses-representants-a-la-commission-des-athletes\" target=\"_blank\" rel=\"noopener\"><strong>r\u00e9\u00e9lu repr\u00e9sentant des pistards dans la Commission des athl\u00e8tes de l&rsquo;UCI<\/strong><\/a>\u00a0\u00e0 l&rsquo;occasion de son dernier Championnat du Monde \u00e0 Santiago du Chili.<\/p>\n","protected":false},"excerpt":{"rendered":"Elia Viviani arr\u00eate sa carri\u00e8re \u00e0 la fin de la saison. Il participe actuellement aux 6 Jours de&hellip;\n","protected":false},"author":2,"featured_media":552534,"comment_status":"","ping_status":"","sticky":false,"template":"","format":"standard","meta":{"footnotes":""},"categories":[1411],"tags":[834,828,836,829,837,827,83,826,824,823,1154,207,814,817,815,816,822,821,832,211,839,1011,27,820,818,819,835,831,830,833,838,60,212,208,825],"class_list":{"0":"post-552533","1":"post","2":"type-post","3":"status-publish","4":"format-standard","5":"has-post-thumbnail","7":"category-cyclisme","8":"tag-attaque","9":"tag-belgique","10":"tag-braquet","11":"tag-bretagne","12":"tag-chute","13":"tag-competition","14":"tag-coupe-de-france","15":"tag-coureur","16":"tag-course-cyclisme","17":"tag-course-cycliste","18":"tag-cycling","19":"tag-cyclisme","20":"tag-direct","21":"tag-direct-velo","22":"tag-directvelo","23":"tag-directvelo-com","24":"tag-epreuve","25":"tag-epreuve-cycliste","26":"tag-federation-francaise-de-cyclisme","27":"tag-ffc","28":"tag-flandres","29":"tag-fr","30":"tag-france","31":"tag-live","32":"tag-live-course","33":"tag-live-epreuve","34":"tag-peloton","35":"tag-radio-peloton","36":"tag-radio-tour","37":"tag-ravitaillement","38":"tag-relance","39":"tag-sports","40":"tag-uci","41":"tag-velo","42":"tag-velos"},"share_on_mastodon":{"url":"https:\/\/pubeurope.com\/@fr\/115596747446038882","error":""},"_links":{"self":[{"href":"https:\/\/www.europesays.com\/fr\/wp-json\/wp\/v2\/posts\/552533","targetHints":{"allow":["GET"]}}],"collection":[{"href":"https:\/\/www.europesays.com\/fr\/wp-json\/wp\/v2\/posts"}],"about":[{"href":"https:\/\/www.europesays.com\/fr\/wp-json\/wp\/v2\/types\/post"}],"author":[{"embeddable":true,"href":"https:\/\/www.europesays.com\/fr\/wp-json\/wp\/v2\/users\/2"}],"replies":[{"embeddable":true,"href":"https:\/\/www.europesays.com\/fr\/wp-json\/wp\/v2\/comments?post=552533"}],"version-history":[{"count":0,"href":"https:\/\/www.europesays.com\/fr\/wp-json\/wp\/v2\/posts\/552533\/revisions"}],"wp:featuredmedia":[{"embeddable":true,"href":"https:\/\/www.europesays.com\/fr\/wp-json\/wp\/v2\/media\/552534"}],"wp:attachment":[{"href":"https:\/\/www.europesays.com\/fr\/wp-json\/wp\/v2\/media?parent=552533"}],"wp:term":[{"taxonomy":"category","embeddable":true,"href":"https:\/\/www.europesays.com\/fr\/wp-json\/wp\/v2\/categories?post=552533"},{"taxonomy":"post_tag","embeddable":true,"href":"https:\/\/www.europesays.com\/fr\/wp-json\/wp\/v2\/tags?post=552533"}],"curies":[{"name":"wp","href":"https:\/\/api.w.org\/{rel}","templated":true}]}}