{"id":552537,"date":"2025-11-23T02:53:15","date_gmt":"2025-11-23T02:53:15","guid":{"rendered":"https:\/\/www.europesays.com\/fr\/552537\/"},"modified":"2025-11-23T02:53:15","modified_gmt":"2025-11-23T02:53:15","slug":"pierre-niney-invite-des-rencontres-du-papotin-a-du-mal-a-contenir-ses-larmes-2","status":"publish","type":"post","link":"https:\/\/www.europesays.com\/fr\/552537\/","title":{"rendered":"Pierre Niney invit\u00e9 des \u00ab Rencontres du Papotin \u00bb a du mal \u00e0 contenir ses larmes"},"content":{"rendered":"<p class=\"mb-4 text-lg md:leading-8 break-words\"><a data-i13n=\"cpos:1;pos:1\" href=\"https:\/\/fr.news.yahoo.com\/pierre-niney-honor%C3%A9-pari-apr%C3%A8s-204928841.html\" data-ylk=\"slk:Pierre Niney;cpos:1;pos:1;elm:context_link;itc:0;sec:content-canvas;outcm:mb_qualified_link;_E:mb_qualified_link;ct:story;\" class=\"link  yahoo-link\" target=\"_blank\" rel=\"noopener\">Pierre Niney<\/a> a lui aussi peur de devenir adulte et de perdre son \u00e2me d\u2019enfant. L\u2019acteur \u00e9tait l\u2019invit\u00e9 des Rencontres du Papotin dans l\u2019\u00e9pisode diffus\u00e9 ce samedi 22 novembre \u00e0 20 h 30 sur <a data-i13n=\"cpos:2;pos:1\" href=\"https:\/\/fr.news.yahoo.com\/derni%C3%A8re-%C3%A9dition-t%C3%A9l%C3%A9matin-ne-s-110013751.html\" data-ylk=\"slk:France 2;cpos:2;pos:1;elm:context_link;itc:0;sec:content-canvas;outcm:mb_qualified_link;_E:mb_qualified_link;ct:story;\" class=\"link  yahoo-link\" target=\"_blank\" rel=\"noopener\">France 2<\/a>. La star du Comte de Monte-Cristo a jou\u00e9 bien volontiers le jeu des questions un peu sp\u00e9ciales pos\u00e9es par les <a data-i13n=\"cpos:3;pos:1\" href=\"https:\/\/fr.news.yahoo.com\/journalistes-d%C3%A9sormais-personae-gratae-partie-053014157.html\" data-ylk=\"slk:journalistes;cpos:3;pos:1;elm:context_link;itc:0;sec:content-canvas;outcm:mb_qualified_link;_E:mb_qualified_link;ct:story;\" class=\"link  yahoo-link\" target=\"_blank\" rel=\"noopener\">journalistes <\/a>(porteurs d\u2019un trouble du spectre autistique) du Papotin.<\/p>\n<p class=\"mb-4 text-lg md:leading-8 break-words\">Lors de son entretien avec les journalistes, Pierre Niney a d\u00fb r\u00e9pondre \u00e0 plusieurs interrogations concernant sa <a data-i13n=\"cpos:4;pos:1\" href=\"https:\/\/www.huffingtonpost.fr\/life\/article\/pour-les-familles-recomposees-cette-proposition-des-notaires-pourrait-faire-toute-la-difference_257053.html\" rel=\"nofollow noopener\" target=\"_blank\" data-ylk=\"slk:vie de famille;cpos:4;pos:1;elm:context_link;itc:0;sec:content-canvas\" class=\"link \">vie de famille<\/a> lors des tournages et sur les r\u00f4les qui l\u2019affectent plus que d\u2019autres citant comme exemple le long-m\u00e9trage Bo\u00eete Noire. Le com\u00e9dien a failli laisser s\u2019\u00e9chapper quelques larmes une premi\u00e8re fois lorsqu\u2019un journaliste lui a demand\u00e9 quelle \u00e9tait sa plus grande peine. Puis, il s\u2019est attel\u00e9 \u00e0 la lecture du texte de Marvin, l\u2019un des intervenants, qui l\u2019a profond\u00e9ment touch\u00e9.<\/p>\n<p class=\"mb-4 text-lg md:leading-8 break-words\"><a data-i13n=\"cpos:5;pos:1\" href=\"https:\/\/fr.news.yahoo.com\/caf%C3%A9-au-5e-pierre-niney-183012949.html\" data-ylk=\"slk:\u00ab Un caf\u00e9 au 5e ? \u00bb : Pierre Niney est en tournage dans cet immeuble parisien et ses voisins ne l\u2019ont pas loup\u00e9;cpos:5;pos:1;elm:context_link;itc:0;sec:content-canvas;outcm:mb_qualified_link;_E:mb_qualified_link;ct:story;\" class=\"link  yahoo-link\" target=\"_blank\" rel=\"noopener\">\u00ab Un caf\u00e9 au 5e ? \u00bb : Pierre Niney est en tournage dans cet immeuble parisien et ses voisins ne l\u2019ont pas loup\u00e9 <\/a><\/p>\n<p class=\"mb-4 text-lg md:leading-8 break-words\">Le journaliste l\u2019interroge en premier lieu sur sa sexualit\u00e9 : \u00ab Est-ce que tu es gay, Pierre ? Ou le seras-tu gay un jour ? \u00bb. Si la question fait sourire le com\u00e9dien, il y r\u00e9pond par la n\u00e9gative. L\u2019acteur explique par ailleurs avoir eu des contacts rapproch\u00e9s aussi bien avec des hommes qu\u2019avec des femmes dans le cadre de tournages. Satisfait de cette r\u00e9ponse, Marvin lui fait alors une demande : que l\u2019acteur lise l\u2019un des textes qu\u2019il a compos\u00e9s.<\/p>\n<p class=\"mb-4 text-lg md:leading-8 break-words\">L\u2019interpr\u00e8te d\u2019Edmond Dant\u00e8s dans Le Comte de Monte-Cristo s\u2019ex\u00e9cute et r\u00e9cite le texte tr\u00e8s personnel du journaliste qui livre ses peurs sur le fait de grandir et la volont\u00e9 de rester un enfant. L\u2019acteur liste alors les craintes de Marvin : \u00ab Je veux rester jeune toute ma vie, les adultes deviennent trop s\u00e9rieux. Ils oublient de jouer et de s\u2019amuser \u00bb, \u00ab les rides, \u00e7a rend les gens inquiets et tristes \u00bb, \u00ab les adultes, ils se d\u00e9guisent plus, ils ont peur qu\u2019on se moque d\u2019eux \u00bb. Au fil des phrases, Pierre Niney prend quelques pauses, visiblement tr\u00e8s touch\u00e9s par les mots de Marvin. Il s\u2019essuie m\u00eame discr\u00e8tement le coin de l\u2019\u0153il.<\/p>\n<p class=\"mb-4 text-lg md:leading-8 break-words\">En conclusion de ces passages r\u00e9cit\u00e9s par l\u2019acteur, Marvin l\u2019interroge alors : \u00ab J\u2019esp\u00e8re que tu as la m\u00eame inqui\u00e9tude, la peur m\u00eame que moi \u00bb. D\u00e9contenanc\u00e9 par la lecture du texte, le com\u00e9dien de 36 ans ne peut qu\u2019acquiescer avant de pr\u00e9ciser en souriant \u00ab J\u2019ai pas pleur\u00e9 \u00bb. Un \u00e9change sinc\u00e8re que les deux hommes ont conclu en s\u2019enla\u00e7ant apr\u00e8s cette phrase de l\u2019acteur \u00ab J\u2019en ai bien besoin. \u00bb<\/p>\n<p class=\"mb-4 text-lg md:leading-8 break-words\">L\u2019interview de Pierre Niney dans les rencontres du Papotin est \u00e0 retrouver sur l\u2019application France TV.<\/p>\n<p class=\"mb-4 text-lg md:leading-8 break-words\"><a data-i13n=\"cpos:6;pos:1\" href=\"https:\/\/fr.news.yahoo.com\/qu-dit-daniel-radcliffe-%C3%A0-120014968.html\" data-ylk=\"slk:Ce qu\u2019a dit Daniel Radcliffe \u00e0 Dominic McLaughlin, le nouvel Harry Potter, dans la lettre qu\u2019il lui a envoy\u00e9e;cpos:6;pos:1;elm:context_link;itc:0;sec:content-canvas;outcm:mb_qualified_link;_E:mb_qualified_link;ct:story;\" class=\"link  yahoo-link\" target=\"_blank\" rel=\"noopener\">Ce qu\u2019a dit Daniel Radcliffe \u00e0 Dominic McLaughlin, le nouvel Harry Potter, dans la lettre qu\u2019il lui a envoy\u00e9e <\/a><\/p>\n<p class=\"mb-4 text-lg md:leading-8 break-words\"><a data-i13n=\"cpos:7;pos:1\" href=\"https:\/\/fr.news.yahoo.com\/vid%C3%A9o-justin-baldoni-lors-tournage-182026348.html\" data-ylk=\"slk:Cette vid\u00e9o de Justin Baldoni lors du tournage de \u00ab Jamais plus \u00bb appuie la plainte de Blake Lively;cpos:7;pos:1;elm:context_link;itc:0;sec:content-canvas;outcm:mb_qualified_link;_E:mb_qualified_link;ct:story;\" class=\"link  yahoo-link\" target=\"_blank\" rel=\"noopener\">Cette vid\u00e9o de Justin Baldoni lors du tournage de \u00ab Jamais plus \u00bb appuie la plainte de Blake Lively <\/a><\/p>\n","protected":false},"excerpt":{"rendered":"Pierre Niney a lui aussi peur de devenir adulte et de perdre son \u00e2me d\u2019enfant. L\u2019acteur \u00e9tait l\u2019invit\u00e9&hellip;\n","protected":false},"author":2,"featured_media":552538,"comment_status":"","ping_status":"","sticky":false,"template":"","format":"standard","meta":{"footnotes":""},"categories":[1359],"tags":[22642,58,59,1011,27,13466,66976,973,66977,17758],"class_list":{"0":"post-552537","1":"post","2":"type-post","3":"status-publish","4":"format-standard","5":"has-post-thumbnail","7":"category-people","8":"tag-comte-de-monte-cristo","9":"tag-divertissement","10":"tag-entertainment","11":"tag-fr","12":"tag-france","13":"tag-lacteur","14":"tag-marvin","15":"tag-people","16":"tag-peur-de-devenir-adulte","17":"tag-pierre-niney"},"share_on_mastodon":{"url":"https:\/\/pubeurope.com\/@fr\/115596755152163867","error":""},"_links":{"self":[{"href":"https:\/\/www.europesays.com\/fr\/wp-json\/wp\/v2\/posts\/552537","targetHints":{"allow":["GET"]}}],"collection":[{"href":"https:\/\/www.europesays.com\/fr\/wp-json\/wp\/v2\/posts"}],"about":[{"href":"https:\/\/www.europesays.com\/fr\/wp-json\/wp\/v2\/types\/post"}],"author":[{"embeddable":true,"href":"https:\/\/www.europesays.com\/fr\/wp-json\/wp\/v2\/users\/2"}],"replies":[{"embeddable":true,"href":"https:\/\/www.europesays.com\/fr\/wp-json\/wp\/v2\/comments?post=552537"}],"version-history":[{"count":0,"href":"https:\/\/www.europesays.com\/fr\/wp-json\/wp\/v2\/posts\/552537\/revisions"}],"wp:featuredmedia":[{"embeddable":true,"href":"https:\/\/www.europesays.com\/fr\/wp-json\/wp\/v2\/media\/552538"}],"wp:attachment":[{"href":"https:\/\/www.europesays.com\/fr\/wp-json\/wp\/v2\/media?parent=552537"}],"wp:term":[{"taxonomy":"category","embeddable":true,"href":"https:\/\/www.europesays.com\/fr\/wp-json\/wp\/v2\/categories?post=552537"},{"taxonomy":"post_tag","embeddable":true,"href":"https:\/\/www.europesays.com\/fr\/wp-json\/wp\/v2\/tags?post=552537"}],"curies":[{"name":"wp","href":"https:\/\/api.w.org\/{rel}","templated":true}]}}