{"id":552541,"date":"2025-11-23T02:57:26","date_gmt":"2025-11-23T02:57:26","guid":{"rendered":"https:\/\/www.europesays.com\/fr\/552541\/"},"modified":"2025-11-23T02:57:26","modified_gmt":"2025-11-23T02:57:26","slug":"marlene-schaff-star-academy-revele-ce-qui-lui-manque-le-plus-dans-son-ancien-role-de-repetitrice","status":"publish","type":"post","link":"https:\/\/www.europesays.com\/fr\/552541\/","title":{"rendered":"Marl\u00e8ne Schaff (Star Academy) r\u00e9v\u00e8le ce qui lui manque le plus dans son ancien r\u00f4le de r\u00e9p\u00e9titrice"},"content":{"rendered":"<p>INTERVIEW. Depuis deux saisons de la Star Academy, Marl\u00e8ne Schaff occupe le poste de professeure d&rsquo;expression sc\u00e9nique. Elle est aussi en charge du fameux \u00ab\u00a0debrief\u00a0\u00bb le lendemain de chaque prime sur TF1. Interrog\u00e9e sur cette nouvelle casquette au micro des D\u00e9clic(s), elle nous r\u00e9pond sans langue de bois. <\/p>\n<p> Un r\u00f4le qui lui va si bien ! Le 12 octobre 2024, les fans aguerris de la Star Academy accueillaient une nouvelle r\u00e9p\u00e9titrice : Fanny Delaigue, qui prenait donc la place de <b>Marl\u00e8ne Schaff<\/b>. Car oui, celle qui fut <a href=\"https:\/\/www.programme-tv.net\/news\/people\/392372-exclu-il-y-a-eu-un-avant-et-un-apres-cette-phrase-marlene-schaff-star-academy-marquee-a-vie-par-des-critiques-sur-son-physique\/\" data-api-deeplink=\"teleloisirs:\/\/news\/392372\" target=\"_blank\" rel=\"noopener\">r\u00e9v\u00e9l\u00e9e dans The Voice en 2013 face \u00e0 Louane<\/a>, devient alors la nouvelle professeure d&rsquo;expression sc\u00e9nique \u00e0 la place de <a href=\"https:\/\/www.programme-tv.net\/biographie\/3898319-chaduteau-cecile\/\" data-link-people=\"40a531b5-4dc7-4285-a47d-e743e526673e\" target=\"_blank\" rel=\"noopener\">C\u00e9cile Chaduteau<\/a>. \u00c0 l&rsquo;\u00e9poque, Marl\u00e8ne Schaff prend ses marques et trouve peu \u00e0 peu le bon ton avec les \u00e9l\u00e8ves. <a href=\"https:\/\/www.programme-tv.net\/news\/tv\/392483-j-ai-peur-tout-le-temps-marlene-schaff-star-academy-revele-aux-eleves-ce-qu-elle-craint-le-plus-en-tant-que-professeur-a-la-star-academy\/\" data-api-deeplink=\"teleloisirs:\/\/news\/392483\" target=\"_blank\" rel=\"noopener\">Elle devient m\u00eame leur meilleure confidente<\/a>. Le 18 octobre dernier, c&rsquo;est donc tout naturellement que Marl\u00e8ne Schaff rempile pour une nouvelle saison. Interrog\u00e9e au micro du podcast Le(s) D\u00e9clic(s), la chanteuse et coach vocale, bient\u00f4t \u00e0 l&rsquo;Alhambra pour son spectacle <b>A Queen is born, <\/b>nous raconte pourquoi ce retour \u00e9tait si symbolique : \u00ab\u00a0Je pensais que je n&rsquo;arriverais plus \u00e0 rien\u00a0\u00bb. En effet, quelques mois plus t\u00f4t, <a href=\"https:\/\/www.programme-tv.net\/news\/tv\/392224-exclu-il-m-a-fallu-six-mois-pour-remonter-la-pente-marlene-schaff-raconte-la-descente-aux-enfers-qu-elle-a-vecue-en-marge-de-la-star-academy\/\" data-api-deeplink=\"teleloisirs:\/\/news\/392224\" target=\"_blank\" rel=\"noopener\">Marl\u00e8ne perd l&rsquo;audition suite \u00e0 de gros soucis de sant\u00e9<\/a>. Aujourd&rsquo;hui, elle rayonne chaque semaine sur le prime mais aussi lors des \u00ab\u00a0debrief\u00a0\u00bb.<\/p>\n<p>                        Marl\u00e8ne Schaff \u00e9voque le rythme effr\u00e9n\u00e9 des tournages : \u00ab\u00a0Parfois, j&rsquo;ai du mal&#8230;\u00a0\u00bb <\/p>\n<p>Chaque semaine, Marl\u00e8ne Schaff se rend trois \u00e0 quatre fois au ch\u00e2teau de la Star Academy, \u00e0 50 kilom\u00e8tres de chez elle, pour donner cours et assurer le debrief aux acad\u00e9miciens. Interrog\u00e9e sur son planning durant la Star Academy, elle r\u00e9pond : \u00ab\u00a0<b>Parfois, j&rsquo;ai du mal \u00e0 trouver ce temps n\u00e9cessaire pour que la pression redescende&#8230;<\/b> Mais j&rsquo;ai des solutions !\u00a0\u00bb, nous glisse-t-elle, faisant la liste de ses compl\u00e9ments alimentaires, conseill\u00e9e par sa maman. \u00c0 la question : Pr\u00e9f\u00e9rez-vous \u00eatre prof ou r\u00e9p\u00e9titrice ? &#8211; Elle r\u00e9pond cash : \u00ab\u00a0J&rsquo;adore \u00eatre prof d&rsquo;expression sc\u00e9nique. Je donne des astuces et des outils, j&rsquo;adore \u00e7a&#8230; Il y a les \u00e9valuations, les cours, c&rsquo;est nouveau pour moi.<b> Mais j&rsquo;ai ador\u00e9 \u00eatre r\u00e9p\u00e9titrice, c&rsquo;est \u00e7a mon m\u00e9tier<\/b>. Et quel bonheur de jouer sur des quarts de queue au ch\u00e2teau. J&rsquo;adore \u00eatre prof mais punaise, jouer sur ces pianos, qu&rsquo;est-ce que \u00e7a me manque !\u00a0\u00bb <\/p>\n<p>            \u00ab\u00a0Je le fais aussi pour leurs parents\u00a0\u00bb : Ce que Marl\u00e8ne Schaff refuse d&rsquo;imposer aux \u00e9l\u00e8ves lors des debrief de la Star Academy<\/p>\n<p>Depuis le lancement de la saison 2025, une poign\u00e9e d&rsquo;internautes reproche \u00e0 Marl\u00e8ne Schaff d&rsquo;\u00eatre trop gentille avec les \u00e9l\u00e8ves lors des debrief du prime. Agac\u00e9e par ces critiques, elle nous explique : \u00ab\u00a0Je suis gentille mais pas niaise, quand il y a un probl\u00e8me je leur dis\u00a0\u00bb, r\u00e9pond-elle. Et d&rsquo;ajouter au sujet de sa bienveillance :\u00a0\u00ab\u00a0Seulement, je n\u2019inflige pas aux gens ce que je n\u2019aime pas qu\u2019on m\u2019inflige. Je sais ce que c\u2019est d\u2019\u00eatre \u00e0 leur place. Je pense aussi \u00e0 leurs parents qui doivent avoir tellement peur pour leur enfant. Je le fais aussi pour eux.\u00a0\u00bb<\/p>\n","protected":false},"excerpt":{"rendered":"INTERVIEW. Depuis deux saisons de la Star Academy, Marl\u00e8ne Schaff occupe le poste de professeure d&rsquo;expression sc\u00e9nique. Elle&hellip;\n","protected":false},"author":2,"featured_media":552542,"comment_status":"","ping_status":"","sticky":false,"template":"","format":"standard","meta":{"footnotes":""},"categories":[1356],"tags":[244,58,59,1011,27,2173,18440,3725,5095,252,1364],"class_list":{"0":"post-552541","1":"post","2":"type-post","3":"status-publish","4":"format-standard","5":"has-post-thumbnail","7":"category-television","8":"tag-commentaire","9":"tag-divertissement","10":"tag-entertainment","11":"tag-fr","12":"tag-france","13":"tag-interview","14":"tag-marlu00e8ne-schaff","15":"tag-podcast","16":"tag-star-academy","17":"tag-television","18":"tag-tv"},"share_on_mastodon":{"url":"https:\/\/pubeurope.com\/@fr\/115596771114902984","error":""},"_links":{"self":[{"href":"https:\/\/www.europesays.com\/fr\/wp-json\/wp\/v2\/posts\/552541","targetHints":{"allow":["GET"]}}],"collection":[{"href":"https:\/\/www.europesays.com\/fr\/wp-json\/wp\/v2\/posts"}],"about":[{"href":"https:\/\/www.europesays.com\/fr\/wp-json\/wp\/v2\/types\/post"}],"author":[{"embeddable":true,"href":"https:\/\/www.europesays.com\/fr\/wp-json\/wp\/v2\/users\/2"}],"replies":[{"embeddable":true,"href":"https:\/\/www.europesays.com\/fr\/wp-json\/wp\/v2\/comments?post=552541"}],"version-history":[{"count":0,"href":"https:\/\/www.europesays.com\/fr\/wp-json\/wp\/v2\/posts\/552541\/revisions"}],"wp:featuredmedia":[{"embeddable":true,"href":"https:\/\/www.europesays.com\/fr\/wp-json\/wp\/v2\/media\/552542"}],"wp:attachment":[{"href":"https:\/\/www.europesays.com\/fr\/wp-json\/wp\/v2\/media?parent=552541"}],"wp:term":[{"taxonomy":"category","embeddable":true,"href":"https:\/\/www.europesays.com\/fr\/wp-json\/wp\/v2\/categories?post=552541"},{"taxonomy":"post_tag","embeddable":true,"href":"https:\/\/www.europesays.com\/fr\/wp-json\/wp\/v2\/tags?post=552541"}],"curies":[{"name":"wp","href":"https:\/\/api.w.org\/{rel}","templated":true}]}}