{"id":55255,"date":"2025-04-26T20:48:31","date_gmt":"2025-04-26T20:48:31","guid":{"rendered":"https:\/\/www.europesays.com\/fr\/55255\/"},"modified":"2025-04-26T20:48:31","modified_gmt":"2025-04-26T20:48:31","slug":"il-se-fait-immoler-13-fois-le-meme-jour-gabriel-luna-tommy-cash-sur-les-coulisses-de-lepisode-2","status":"publish","type":"post","link":"https:\/\/www.europesays.com\/fr\/55255\/","title":{"rendered":"\u00ab\u00a0Il se fait immoler 13 fois le m\u00eame jour\u00a0\u00bb, Gabriel Luna (Tommy) cash sur les coulisses de l&rsquo;\u00e9pisode 2"},"content":{"rendered":"<p>Alors que la saison 2 de The Last of Us bat son plein, Gabriel Luna s&rsquo;est confi\u00e9 sur les coulisses riches en action de ces premiers \u00e9pisodes. <\/p>\n<p><b>Attention, spoilers.<\/b> Depuis quelques jours, les fans de The Last of Us sont sur les nerfs. En effet, l&rsquo;\u00e9pisode 2 de la saison 2 est sorti sur la plateforme Max et, avec lui, <a href=\"https:\/\/www.programme-tv.net\/news\/series-tv\/377296-exclu-the-last-of-us-saison-2-rien-n-etait-trop-sacre-la-mort-choc-de-l-episode-2-a-failli-ne-pas-avoir-lieu\/\" data-api-deeplink=\"teleloisirs:\/\/news\/377296\" rel=\"nofollow noopener\" target=\"_blank\">la dramatique r\u00e9v\u00e9lation de la mort de Joel (Pedro Pascal)<\/a>. Tandis que les fans du jeu de la premi\u00e8re heure redoutaient cet \u00e9v\u00e9nement et sa mise en sc\u00e8ne, les fans de la s\u00e9rie qui ne s&rsquo;y attendaient pas ont du mal \u00e0 dig\u00e9rer le deuil. Mais ce n&rsquo;est pas le seul \u00e9v\u00e9nement majeur de l&rsquo;\u00e9pisode 2 : en parall\u00e8le du pi\u00e8ge tendu par Abby (<a href=\"https:\/\/www.programme-tv.net\/biographie\/176478-dever-kaitlyn\/\" data-link-people=\"9dd31e43-e0f7-4450-a015-7051b54b94e9\" rel=\"nofollow noopener\" target=\"_blank\">Kaitlyn Dever<\/a>), la ville de Jackson subit une attaque d&rsquo;une ampleur in\u00e9dite,<a href=\"https:\/\/www.programme-tv.net\/news\/series-tv\/376643-exclu-the-last-of-us-saison-2-il-n-en-sortira-rien-de-bien-le-showrunner-revele-pourquoi-le-final-inquietant-de-l-episode-1-va-tout-bouleverser\/\" data-api-deeplink=\"teleloisirs:\/\/news\/376643\" rel=\"nofollow noopener\" target=\"_blank\"> bien que la menace couvait d\u00e8s le final de l&rsquo;\u00e9pisode 1<\/a>. Une s\u00e9quence que Gabriel Luna (Tommy) \u00e9voquait avec T\u00e9l\u00e9-Loisirs,<a href=\"https:\/\/www.programme-tv.net\/news\/series-tv\/375525-exclu-the-last-of-us-on-etait-sur-le-tournage-de-la-saison-2-et-on-a-frole-la-crise-cardiaque\/\" data-api-deeplink=\"teleloisirs:\/\/news\/375525\" rel=\"nofollow noopener\" target=\"_blank\"> lors de notre visite exclusive sur le tournage de la saison 2 l&rsquo;\u00e9t\u00e9 dernier.<\/a><\/p>\n<p>The Last of Us saison 2 : Gabriel Luna \u00e9voque les coulisses de l&rsquo;\u00e9pisode 2 et de l&rsquo;attaque sur Jackson<\/p>\n<p>Dans l&rsquo;\u00e9pisode 2, alors que Joel est dans les montagnes, une temp\u00eate de neige s\u00e9vit dans la r\u00e9gion. Et la ville de Jackson sent l&rsquo;attaque venir. C&rsquo;est Tommy qui m\u00e8ne la d\u00e9fense. Alors que les populations fragiles sont isol\u00e9es en sous-sol, ceux qui peuvent se battre se positionnent sur les toits et les murailles de la ville. Malgr\u00e9 toutes ces protections, cela n&#8217;emp\u00eache pas un \u00e9norme infect\u00e9 de r\u00e9ussir \u00e0 ouvrir une br\u00e8che dans les murs de la ville. Avec une peau si \u00e9paisse qu&rsquo;elle r\u00e9siste \u00e0 l&rsquo;\u00e9preuve des balles, Tommy n&rsquo;a d&rsquo;autre choix que d&rsquo;utiliser un lance-flammes pour le contrer. Une s\u00e9quence que Gabriel Luna a ador\u00e9 tourner : \u00ab\u00a0Il y a certaines armes que l&rsquo;on ne peut m\u00eame pas utiliser au Canada mais qui sont ici autoris\u00e9es parce qu&rsquo;il s&rsquo;agit d&rsquo;un tournage. Dans cette saison 2, il y a une escalade dans l&rsquo;armement et de l&rsquo;artillerie, dont nous n&rsquo;avions pas vu toute l&rsquo;\u00e9tendue dans la premi\u00e8re saison. Je suis donc heureux d&rsquo;\u00eatre le premier \u00e0 manier un lance-flammes !\u00a0\u00bb l\u00e2che-t-il en riant. \u00ab\u00a0Je tiens \u00e0 remercier Glenn Ennis, ainsi que plusieurs de nos cascadeurs, dont les personnages subissent des br\u00fblures corporelles vraiment extraordinaires pour cette sc\u00e8ne.\u00a0\u00bb<\/p>\n<p>                        The Last of Us : \u00ab\u00a0On aurait pu battre un record du Guinness Book !\u00a0\u00bb affirme Gabriel Luna<\/p>\n<p>Gabriel Luna nous r\u00e9v\u00e8le alors que sous l&rsquo;\u00e9pais costume d&rsquo;infect\u00e9 sur lequel son personnage lance des flammes, il y a une personnalit\u00e9 bien connue du cin\u00e9ma : \u00ab\u00a0En fait, Glenn est l&rsquo;ancien capitaine de l&rsquo;\u00e9quipe canadienne de rugby. Et il a \u00e9galement jou\u00e9 le r\u00f4le de l&rsquo;ours dans The Revenant ! Pour la sc\u00e8ne du lance-flammes, Glenn a fait 13 prises en une journ\u00e9e\u00a0\u00bb explique l&rsquo;acteur, et d&rsquo;ajouter \u00ab\u00a0\u00c0 13 reprises, il a subi une immolation compl\u00e8te. Ce qui est extraordinaire. Je pense que c&rsquo;est peut-\u00eatre un record. Si le responsable du Guinness Book des records \u00e9tait sur place, je pense qu&rsquo;il aurait pu enregistrer ce record de br\u00fblures corporelles en une journ\u00e9e. [&#8230;] Moi, apr\u00e8s des jours comme celui-l\u00e0, je vais directement au lit et je me r\u00e9veille \u00e0 4 heures du matin pour recommencer. On est tellement bourr\u00e9 d&rsquo;adr\u00e9naline que la journ\u00e9e passe \u00e0 toute vitesse.\u00a0\u00bb<\/p>\n","protected":false},"excerpt":{"rendered":"Alors que la saison 2 de The Last of Us bat son plein, Gabriel Luna s&rsquo;est confi\u00e9 sur&hellip;\n","protected":false},"author":2,"featured_media":55256,"comment_status":"","ping_status":"","sticky":false,"template":"","format":"standard","meta":{"footnotes":""},"categories":[1356],"tags":[244,58,59,1011,27,5371,10395,4496,129,252,187,1364],"class_list":{"0":"post-55255","1":"post","2":"type-post","3":"status-publish","4":"format-standard","5":"has-post-thumbnail","7":"category-television","8":"tag-commentaire","9":"tag-divertissement","10":"tag-entertainment","11":"tag-fr","12":"tag-france","13":"tag-hbo-max","14":"tag-pub-streaming","15":"tag-superstream","16":"tag-svod","17":"tag-television","18":"tag-the-last-of-us","19":"tag-tv"},"share_on_mastodon":{"url":"https:\/\/pubeurope.com\/@fr\/114406234788631820","error":""},"_links":{"self":[{"href":"https:\/\/www.europesays.com\/fr\/wp-json\/wp\/v2\/posts\/55255","targetHints":{"allow":["GET"]}}],"collection":[{"href":"https:\/\/www.europesays.com\/fr\/wp-json\/wp\/v2\/posts"}],"about":[{"href":"https:\/\/www.europesays.com\/fr\/wp-json\/wp\/v2\/types\/post"}],"author":[{"embeddable":true,"href":"https:\/\/www.europesays.com\/fr\/wp-json\/wp\/v2\/users\/2"}],"replies":[{"embeddable":true,"href":"https:\/\/www.europesays.com\/fr\/wp-json\/wp\/v2\/comments?post=55255"}],"version-history":[{"count":0,"href":"https:\/\/www.europesays.com\/fr\/wp-json\/wp\/v2\/posts\/55255\/revisions"}],"wp:featuredmedia":[{"embeddable":true,"href":"https:\/\/www.europesays.com\/fr\/wp-json\/wp\/v2\/media\/55256"}],"wp:attachment":[{"href":"https:\/\/www.europesays.com\/fr\/wp-json\/wp\/v2\/media?parent=55255"}],"wp:term":[{"taxonomy":"category","embeddable":true,"href":"https:\/\/www.europesays.com\/fr\/wp-json\/wp\/v2\/categories?post=55255"},{"taxonomy":"post_tag","embeddable":true,"href":"https:\/\/www.europesays.com\/fr\/wp-json\/wp\/v2\/tags?post=55255"}],"curies":[{"name":"wp","href":"https:\/\/api.w.org\/{rel}","templated":true}]}}