{"id":552551,"date":"2025-11-23T03:03:13","date_gmt":"2025-11-23T03:03:13","guid":{"rendered":"https:\/\/www.europesays.com\/fr\/552551\/"},"modified":"2025-11-23T03:03:13","modified_gmt":"2025-11-23T03:03:13","slug":"arsene-noubliez-pas-les-paroles-est-il-en-couple","status":"publish","type":"post","link":"https:\/\/www.europesays.com\/fr\/552551\/","title":{"rendered":"Ars\u00e8ne (N&rsquo;oubliez pas les paroles) est-il en couple ?"},"content":{"rendered":"<p class=\"p1\">La fin est proche. <a href=\"https:\/\/www.closermag.fr\/people\/iris-mittenaere-un-candidat-de-noubliez-pas-les-paroles-explique-son-lien-inattendu-avec-la-miss-3567600\" rel=\"nofollow noopener\" target=\"_blank\"><br \/>\nLes 32 plus grands champions de N&rsquo;oubliez pas les paroles se<br \/>\ndisputent le titre supr\u00eame depuis le lundi 13 octobre 2025.<\/a><br \/>\n\u00ab\u00a0Les Masters qui commenceront la semaine prochaine vont adopter<br \/>\nle m\u00eame rythme, entre guillemets, ou\u00a0les m\u00eames qualifications<br \/>\nque la Ligue des champions de football\u00a0\u00bb, a annonc\u00e9 Nagui peu<br \/>\navant le coup de la comp\u00e9tition.<\/p>\n<p class=\"p1\">Ce jeudi 20 novembre, les candidats encore en lice<br \/>\nont jou\u00e9 <strong>les derni\u00e8res places pour la demi-finale<\/strong>.<br \/>\nLes matchs ont oppos\u00e9 Margaux et Morgiane, Laurens \u00e0 Renaud,<br \/>\nCaroline \u00e0 Ars\u00e8ne, et Jennifer \u00e0 Manon. Ce sont finalement<br \/>\n<strong>Margaux, Laurens et Ars\u00e8ne\u00a0<\/strong>qui ont d\u00e9croch\u00e9<br \/>\nle ticket d&rsquo;or et s&rsquo;affronteront ce soir en demi-finale sur France<br \/>\n2.<\/p>\n<p>Ars\u00e8ne (NOPLP) : a-t-il trouv\u00e9 l&rsquo;amour ?<\/p>\n<p class=\"p1\">La vie priv\u00e9e des candidats du <a href=\"https:\/\/www.closermag.fr\/tv_tele_realite\/ca-donne-envie-nagui-pret-a-redevenir-papa-lanimateur-lance-une-remarque-qui-seme-le-doute-3562901\" rel=\"nofollow noopener\" target=\"_blank\"><br \/>\nkaraok\u00e9 g\u00e9ant de la Deux<\/a> garde parfois ses myst\u00e8res.<br \/>\n<strong>Aussi ne sait-on rien des amours d&rsquo;Ars\u00e8ne<\/strong> qui<br \/>\ns&rsquo;appr\u00eate \u00e0 disputer un match d\u00e9cisif ce samedi soir. \u00ab\u00a0Cette<br \/>\nqualification en quart de finale que je n&rsquo;avais plus connu depuis<br \/>\nil y a deux ans, \u00e7a m&rsquo;a redonn\u00e9 le go\u00fbt du sang. <strong>J&rsquo;ai \u00e0<br \/>\nnouveau envie de gagner, j&rsquo;ai la gagne<\/strong>\u00ab\u00a0, a confi\u00e9 le<br \/>\nmaestro avant d&rsquo;affronter Caroline jeudi dernier.<\/p>\n<p class=\"p1\">La candidate, qui a souffert d&rsquo;un \u00ab\u00a0probl\u00e8me de<br \/>\nconcentration\u00a0\u00bb sur la chanson Une autre histoire de<br \/>\nG\u00e9rard Blanc, s&rsquo;est inclin\u00e9e face \u00e0 son challenger au terme de la<br \/>\nsoir\u00e9e. Ce dernier est sorti vainqueur de l&rsquo;\u00e9preuve avec 321 points<br \/>\nau compteur contre 283 points pour son adversaire.<\/p>\n<p>Ars\u00e8ne (NOLP) : quelle est sa<br \/>\npassion secr\u00e8te ?<\/p>\n<p class=\"p1\">Dans une interview publi\u00e9e par T\u00e9l\u00e9 7 Jours,<br \/>\nArs\u00e8ne l\u00e8ve le voile sur <strong>ses \u00ab\u00a0projets<br \/>\nimminents\u00a0\u00bb<\/strong>. \u00ab\u00a0\u00c7a fait longtemps que \u00e7a me trotte<br \/>\ndans la t\u00eate. <strong>J\u2019ai toujours ador\u00e9 la chanson<br \/>\nfran\u00e7aise<\/strong>, sous un angle un peu collectionneur :<br \/>\nj\u2019accumule les vinyles, j\u2019apprends les textes\u2026 <strong>Participer \u00e0<br \/>\nl\u2019\u00e9mission s\u2019inscrivait dans cette passion<\/strong>\u00ab\u00a0,<br \/>\nexplique-t-il d&rsquo;abord.<\/p>\n<p class=\"p1\">D\u00e8s l&rsquo;adolescence, <strong>le candidat de<\/strong><br \/>\n<a href=\"https:\/\/www.closermag.fr\/tv_tele_realite\/noubliez-pas-les-paroles-cette-candidate-qui-a-accouche-a-cause-demmanuel-macron-3560692\" rel=\"nofollow noopener\" target=\"_blank\"><br \/>\nNOPLP<\/a> s&rsquo;adonnait \u00e0 la composition. \u00ab\u00a0J&rsquo;\u00e9crivais d\u00e9j\u00e0 des<br \/>\nparoles de chansons \u00e0 leur mani\u00e8re. Mais \u00e7a restait un r\u00eave.\u00a0\u00bb<br \/>\nLe maestro a finalement d\u00e9cid\u00e9 de passer \u00e0 l&rsquo;action il y a deux<br \/>\nans. \u00ab\u00a0J\u2019ai travaill\u00e9 avec un ami qui a d\u00e9j\u00e0 compos\u00e9 [&#8230;]<br \/>\n<strong>On a fait une chanson, puis deux, puis trois<\/strong>\u2026<br \/>\nElles sont enregistr\u00e9es, mix\u00e9es, masteris\u00e9es. J\u2019attends juste<br \/>\n<strong>le bon moment pour tout lancer<\/strong>.\u00a0\u00bb Rendez-vous<br \/>\nle soir de la finale ?<\/p>\n","protected":false},"excerpt":{"rendered":"La fin est proche. Les 32 plus grands champions de N&rsquo;oubliez pas les paroles se disputent le titre&hellip;\n","protected":false},"author":2,"featured_media":552552,"comment_status":"","ping_status":"","sticky":false,"template":"","format":"standard","meta":{"footnotes":""},"categories":[8],"tags":[10281,58,59,1011,27,31009],"class_list":{"0":"post-552551","1":"post","2":"type-post","3":"status-publish","4":"format-standard","5":"has-post-thumbnail","7":"category-divertissement","8":"tag-buzz-nonli","9":"tag-divertissement","10":"tag-entertainment","11":"tag-fr","12":"tag-france","13":"tag-noubliez-pas-les-paroles"},"share_on_mastodon":{"url":"https:\/\/pubeurope.com\/@fr\/115596794659579539","error":""},"_links":{"self":[{"href":"https:\/\/www.europesays.com\/fr\/wp-json\/wp\/v2\/posts\/552551","targetHints":{"allow":["GET"]}}],"collection":[{"href":"https:\/\/www.europesays.com\/fr\/wp-json\/wp\/v2\/posts"}],"about":[{"href":"https:\/\/www.europesays.com\/fr\/wp-json\/wp\/v2\/types\/post"}],"author":[{"embeddable":true,"href":"https:\/\/www.europesays.com\/fr\/wp-json\/wp\/v2\/users\/2"}],"replies":[{"embeddable":true,"href":"https:\/\/www.europesays.com\/fr\/wp-json\/wp\/v2\/comments?post=552551"}],"version-history":[{"count":0,"href":"https:\/\/www.europesays.com\/fr\/wp-json\/wp\/v2\/posts\/552551\/revisions"}],"wp:featuredmedia":[{"embeddable":true,"href":"https:\/\/www.europesays.com\/fr\/wp-json\/wp\/v2\/media\/552552"}],"wp:attachment":[{"href":"https:\/\/www.europesays.com\/fr\/wp-json\/wp\/v2\/media?parent=552551"}],"wp:term":[{"taxonomy":"category","embeddable":true,"href":"https:\/\/www.europesays.com\/fr\/wp-json\/wp\/v2\/categories?post=552551"},{"taxonomy":"post_tag","embeddable":true,"href":"https:\/\/www.europesays.com\/fr\/wp-json\/wp\/v2\/tags?post=552551"}],"curies":[{"name":"wp","href":"https:\/\/api.w.org\/{rel}","templated":true}]}}