{"id":552553,"date":"2025-11-23T03:04:19","date_gmt":"2025-11-23T03:04:19","guid":{"rendered":"https:\/\/www.europesays.com\/fr\/552553\/"},"modified":"2025-11-23T03:04:19","modified_gmt":"2025-11-23T03:04:19","slug":"le-prix-du-macbook-air-m4-seffondre-cest-tout-simplement-du-jamais-vu-frandroid","status":"publish","type":"post","link":"https:\/\/www.europesays.com\/fr\/552553\/","title":{"rendered":"le prix du MacBook Air M4 s&rsquo;effondre, c&rsquo;est tout simplement du jamais vu \u2014 Frandroid"},"content":{"rendered":"<p>Ne scrollez pas si vous avez besoin d\u2019un Mac. Que ce soit le compact 13 pouces ou le grand 15 pouces, les tarifs affich\u00e9s aujourd\u2019hui sur la puce M4 sont tout simplement tr\u00e8s bons.<\/p>\n<p><a href=\"https:\/\/images.frandroid.com\/wp-content\/uploads\/2025\/11\/mbair-m4.jpg\" target=\"_blank\" class=\"article-content__figure\" rel=\"noopener\"><img fetchpriority=\"high\" decoding=\"async\" loading=\"eager\" width=\"1200\" height=\"675\" src=\"https:\/\/www.europesays.com\/fr\/wp-content\/uploads\/2025\/11\/mbair-m4.jpg\" alt=\"\" class=\"wp-image-2881977 wp-image wp-image\"  \/><\/a><\/p>\n<p>Nous n\u2019avons jamais vu un MacBook M4 aussi accessible. Amazon frappe tr\u00e8s fort sur deux r\u00e9f\u00e9rences.<\/p>\n<ul class=\"wp-block-list\">\n<li>Le <strong>MacBook Air M4 13 pouces (16 Go \/ 256 Go)<\/strong> tombe <a target=\"_blank\" href=\"https:\/\/shop.frandroid.com\/z81f0btx\" rel=\"noopener\">\u00e0 <strong>899 euros<\/strong><\/a>. C\u2019est un prix plancher historique pour une machine de cette gamme.<\/li>\n<\/ul>\n<ul class=\"wp-block-list\">\n<li>Si vous pr\u00e9f\u00e9rez les grands \u00e9crans, le <strong>mod\u00e8le 15 pouces<\/strong> passe <a target=\"_blank\" href=\"https:\/\/shop.frandroid.com\/a5zmtz6t\" rel=\"noopener\">\u00e0 <strong>1199 euros<\/strong><\/a> au lieu de 1297 euros.<\/li>\n<\/ul>\n<p>Dans les deux cas, c\u2019est vendu et exp\u00e9di\u00e9 par <strong>Amazon<\/strong>, avec la configuration de 16 Go de RAM unifi\u00e9e.<\/p>\n<p>Le produit en bref<\/p>\n<p>Faut-il encore le pr\u00e9senter ? Le MacBook Air, c\u2019est le roi des portables. Avec cette nouvelle <strong>puce M4<\/strong>, Apple pousse le curseur encore plus loin.<\/p>\n<p>                <img decoding=\"async\" width=\"1200\" height=\"446\" loading=\"lazy\" alt=\"Copy of BlackFriday-Box partenaire\" title=\"Copy of BlackFriday-Box partenaire\" class=\"is-radiusless placeholder-default wp-image\" src=\"https:\/\/www.europesays.com\/fr\/wp-content\/uploads\/2025\/11\/copy-of-blackfriday-box-partenaire-1-1200x446.jpg\" \/>            <\/p>\n<p>\n                    Le Lenovo Legion 5i (RTX 5070) a\u0300 1 299 \u20ac au lieu de 1 799 \u20ac                <\/p>\n<p class=\"has-text-weight-medium is-size-6 is-line-height-normal\">\n                    Chez Lenovo, le code BLACKFRIDAY vous offre une remise de 500 \u20ac sur le surpuissant Legion 5i 15\u2033. Au programme : carte graphique Nvidia RTX 5070, processeur Intel Core i7 13e ge\u0301ne\u0301ration, 32 Go de RAM, e\u0301cran 165 Hz\u2026 pour 1 299 \u20ac au lieu de 1 799 \u20ac.                <\/p>\n<p>Vous avez une machine capable de monter de la <strong>4K<\/strong> sans transpirer, le tout dans un silence de cath\u00e9drale puisqu\u2019il n\u2019y a <strong>aucun ventilateur<\/strong> (refroidissement passif). L\u2019\u00e9cran Liquid Retina est sublime, le clavier est excellent, et l\u2019autonomie est tout simplement monstrueuse. Vous pouvez oublier votre chargeur \u00e0 la maison, il tiendra la journ\u00e9e.<\/p>\n<p>Ce qu\u2019on en pense vraiment<\/p>\n<p>C\u2019est probablement le meilleur ordinateur portable grand public du monde, sold\u00e9 au prix d\u2019un PC moyen.<\/p>\n<p><strong>Les points forts :<\/strong><\/p>\n<ul class=\"wp-block-list\">\n<li><strong>La puissance M4 :<\/strong> c\u2019est fluide, tout le temps, pour tout.<\/li>\n<li><strong>Le silence absolu :<\/strong> travailler sans le bruit d\u2019un avion au d\u00e9collage, \u00e7a change la vie.<\/li>\n<li><strong>L\u2019autonomie :<\/strong> Apple a une longueur d\u2019avance ind\u00e9cente sur ce point.<\/li>\n<\/ul>\n<p><strong>Les points faibles :<\/strong><\/p>\n<ul class=\"wp-block-list\">\n<li><strong>Le stockage :<\/strong> 256 Go, \u00e7a se remplit vite en 2025. Pr\u00e9voyez un SSD externe ou du Cloud.<\/li>\n<li><strong>La connectique :<\/strong> seulement deux ports USB-C, c\u2019est parfois frustrant.<\/li>\n<\/ul>\n<p>Notre avis <\/p>\n<p>Si vous avez un budget de 900 euros, il n\u2019y a rien de mieux sur le march\u00e9.<\/p>\n<p>Mais attendez, je dois quand m\u00eame pointer un d\u00e9faut qui m\u2019agace en 2025 : <strong>l\u2019\u00e9cran reste bloqu\u00e9 \u00e0 60 Hz<\/strong>. Sur une machine aussi puissante et premium, ne pas avoir le ProMotion 120 Hz qu\u2019on trouve sur les mod\u00e8les Pro, ou sur des PC \u00e0 600 euros, c\u2019est mesquin de la part d\u2019Apple. C\u2019est le seul truc qui lui manque pour \u00eatre parfait).<\/p>\n<p>Bref, si vous pouvez vivre sans le 120 Hz, foncez. \u00c0 <strong>899 euros<\/strong> pour une machine qui vous durera 6 ou 7 ans sans ralentir, c\u2019est un investissement imbattable. Le mod\u00e8le 13 pouces \u00e0 ce prix, c\u2019est oui, tout de suite.<\/p>\n<p>Black Friday Week : pour ne rien rater des offres<\/p>\n<p>Le v\u00e9ritable Black Friday ne commencera que le 28 novembre prochain, mais les e-commer\u00e7ants ont d\u00e9j\u00e0 partag\u00e9 des offres en avance lors d\u2019une sorte d\u2019avant-premi\u00e8re du vendredi noir. En ce moment, Amazon lance la Black Friday Week, pour faire encore plus de bonnes affaires. Une aubaine si vous voulez anticiper vos achats de fin d\u2019ann\u00e9e.<\/p>\n<p>Si vous n\u2019avez pas trouv\u00e9 votre bonheur dans les s\u00e9lections pr\u00e9c\u00e9demment cit\u00e9es, voici ce qu\u2019il vous reste \u00e0 faire : <\/p>\n<ul class=\"wp-block-list\">\n<li>T\u00e9l\u00e9chargez notre nouvelle extension Chrome Frandroid Check afin de comparer facilement et sans intrusion les prix des produits : <a href=\"https:\/\/www.frandroid.com\/humanoid\/2877567_telechargez-frandroid-check-le-comparateur-de-prix-et-de-tests-integre-a-votre-navigateur\" target=\"_blank\" rel=\"noreferrer noopener\">tout est expliqu\u00e9 ici<\/a>. <\/li>\n<li>Suivez notre compte X\u00a0<a href=\"https:\/\/twitter.com\/FrandroidPromos\" target=\"_blank\" rel=\"noreferrer noopener\">@FrandroidPromos<\/a> uniquement d\u00e9di\u00e9 aux bons plans (pensez \u00e0 activer la cloche pour recevoir les notifications en temps r\u00e9el)<\/li>\n<li><a href=\"https:\/\/whatsapp.com\/channel\/0029VabYxm5LI8YhSlD8xc05\" target=\"_blank\" rel=\"noreferrer noopener\">Rejoignez notre canal WhatsApp<\/a> pour recevoir une fois par jour un condens\u00e9 des meilleures offres<\/li>\n<li>T\u00e9l\u00e9chargez notre <a href=\"https:\/\/www.frandroid.com\/telecharger\/apps\/frandroid\" target=\"_blank\" rel=\"noreferrer noopener\">application Frandroid<\/a> (disponible sur iOS et Android) pour activer les notifications de la cat\u00e9gorie \u00ab Bons Plans \u00bb et ainsi recevoir en temps r\u00e9el les nouveaux articles li\u00e9s au Black Friday 2025<\/li>\n<li>Abonnez-vous \u00e0 notre newsletter pour \u00eatre s\u00fbr de recevoir les offres en avant-premi\u00e8re (pas plus d\u2019un mail par jour, d\u00e9sinscription en 1 clic, aucune diffusion \u00e0 des tiers) :<\/li>\n<\/ul>\n<p class=\"newsletter-form__title is-size-6 is-size-7-mobile is-uppercase has-text-good-deals has-text-weight-semibold mb-4 px-5\">Frandroid Bons plans<\/p>\n<p class=\"has-text-centered-tablet newsletter-form__subtitle is-size-4 has-text-weight-bold has-text-primary column is-9-tablet is-10-mobile\">\n                C\u2019est enregistr\u00e9 ! Surveillez votre bo\u00eete aux lettres, vous allez entendre parler de nous\u00a0!\n            <\/p>\n<p class=\"newsletter-form__subtitle is-size-4 has-text-weight-bold has-text-gradient-pink\">Ne manquez aucun bon plan avec notre newsletter<\/p>\n<p class=\"is-size-7\">\n                Les donn\u00e9es transmises par le biais de ce formulaire sont destin\u00e9es \u00e0 Humanoid,<br \/>\n                soci\u00e9t\u00e9 \u00e9ditrice du site Frandroid en sa qualit\u00e9 de responsable de traitement.<br \/>\n                Elles ne seront en aucun cas c\u00e9d\u00e9es \u00e0 des tiers. Ces donn\u00e9es sont trait\u00e9es sous r\u00e9serve d\u2019obtention de<br \/>\n                votre consentement pour vous envoyer par e-mail des actualit\u00e9s et informations relatives aux contenus<br \/>\n                \u00e9ditoriaux publi\u00e9s sur Frandroid. Vous pouvez vous opposer \u00e0 tout moment \u00e0 ces e-mails<br \/>\n                en cliquant sur les liens de d\u00e9sinscriptions pr\u00e9sents dans chacun d\u2019eux. Pour plus d\u2019informations, vous<br \/>\n                pouvez consulter l\u2019int\u00e9gralit\u00e9 de notre <a href=\"https:\/\/www.frandroid.com\/politique-donnees-personnelles\" target=\"_blank\" rel=\"noopener\"><br \/>\n                politique de traitement de vos donn\u00e9es personnelles<\/a>.<br \/>\n                Vous disposez d\u2019un droit d\u2019acc\u00e8s, de rectification, d\u2019effacement, de limitation, de portabilit\u00e9 et<br \/>\n                d\u2019opposition pour motif l\u00e9gitime aux donn\u00e9es personnelles vous concernant. Pour exercer l\u2019un de ces droits,<br \/>\n                merci d\u2019effectuer votre demande via notre <a href=\"https:\/\/www.frandroid.com\/contact\/#RGPD\" target=\"_blank\" rel=\"noopener\">formulaire<br \/>\n                de demandes d\u2019exercices de droits d\u00e9di\u00e9<\/a>.\n            <\/p>\n<p>            <script async src=\"https:\/\/platform.twitter.com\/widgets.js\" charset=\"utf-8\"><\/script><\/p>\n","protected":false},"excerpt":{"rendered":"Ne scrollez pas si vous avez besoin d\u2019un Mac. Que ce soit le compact 13 pouces ou le&hellip;\n","protected":false},"author":2,"featured_media":552554,"comment_status":"","ping_status":"","sticky":false,"template":"","format":"standard","meta":{"footnotes":""},"categories":[7],"tags":[11533,66978,201,1011,27,43,40,41,39,42,44],"class_list":{"0":"post-552553","1":"post","2":"type-post","3":"status-publish","4":"format-standard","5":"has-post-thumbnail","7":"category-sciences-et-technologies","8":"tag-apple-macbook-air-13-m4-2025","9":"tag-apple-macbook-air-15-m4-2025","10":"tag-bons-plans-amazon","11":"tag-fr","12":"tag-france","13":"tag-science","14":"tag-science-and-technology","15":"tag-sciences","16":"tag-sciences-et-technologies","17":"tag-technologies","18":"tag-technology"},"share_on_mastodon":{"url":"https:\/\/pubeurope.com\/@fr\/115596799159653458","error":""},"_links":{"self":[{"href":"https:\/\/www.europesays.com\/fr\/wp-json\/wp\/v2\/posts\/552553","targetHints":{"allow":["GET"]}}],"collection":[{"href":"https:\/\/www.europesays.com\/fr\/wp-json\/wp\/v2\/posts"}],"about":[{"href":"https:\/\/www.europesays.com\/fr\/wp-json\/wp\/v2\/types\/post"}],"author":[{"embeddable":true,"href":"https:\/\/www.europesays.com\/fr\/wp-json\/wp\/v2\/users\/2"}],"replies":[{"embeddable":true,"href":"https:\/\/www.europesays.com\/fr\/wp-json\/wp\/v2\/comments?post=552553"}],"version-history":[{"count":0,"href":"https:\/\/www.europesays.com\/fr\/wp-json\/wp\/v2\/posts\/552553\/revisions"}],"wp:featuredmedia":[{"embeddable":true,"href":"https:\/\/www.europesays.com\/fr\/wp-json\/wp\/v2\/media\/552554"}],"wp:attachment":[{"href":"https:\/\/www.europesays.com\/fr\/wp-json\/wp\/v2\/media?parent=552553"}],"wp:term":[{"taxonomy":"category","embeddable":true,"href":"https:\/\/www.europesays.com\/fr\/wp-json\/wp\/v2\/categories?post=552553"},{"taxonomy":"post_tag","embeddable":true,"href":"https:\/\/www.europesays.com\/fr\/wp-json\/wp\/v2\/tags?post=552553"}],"curies":[{"name":"wp","href":"https:\/\/api.w.org\/{rel}","templated":true}]}}