{"id":552571,"date":"2025-11-23T03:18:24","date_gmt":"2025-11-23T03:18:24","guid":{"rendered":"https:\/\/www.europesays.com\/fr\/552571\/"},"modified":"2025-11-23T03:18:24","modified_gmt":"2025-11-23T03:18:24","slug":"replay-nationale-revivez-le-difficile-mais-precieux-succes-de-chambery-contre-rouen","status":"publish","type":"post","link":"https:\/\/www.europesays.com\/fr\/552571\/","title":{"rendered":"REPLAY. Nationale\u00a0: Revivez le difficile mais pr\u00e9cieux succ\u00e8s de Chamb\u00e9ry contre Rouen\u00a0!"},"content":{"rendered":"<p>\n                Chamb\u00e9ry recevait Rouen ce samedi dans le cadre de la 12e journ\u00e9e de Nationale. Revivez la revanche de la derni\u00e8re demi-finale en direct sur Live. Rugbyrama.\n            <\/p>\n<p>La douzi\u00e8me journ\u00e9e de Nationale se poursuit apr\u00e8s la victoire de Massy face \u00e0 Bourg-en-Bresse ce vendredi soir, en ouverture (26-19). Ce samedi, il flottait un air de revanche en Savoie. Car c\u2019\u00e9tait le remake de la derni\u00e8re demi-finale de la division qui se jouait au pied des Alpes\u00a0! Chamb\u00e9ry re\u00e7oit Rouen.<\/p>\n<p>En phase finale, la saison pass\u00e9e, les prot\u00e9g\u00e9s de Cyril Villain avaient dispos\u00e9 des Normands. Invaincus \u00e0 domicile depuis le d\u00e9but de l\u2019exercice, les co\u00e9quipiers de Jean-Baptiste\u00a0Grenod voulaient donc encha\u00eener face au RNR et ainsi mettre la pression sur les \u00e9quipes devant eux au classement\u00a0: Narbonne ou Albi.<\/p>\n<p>En face, c\u2019est une \u00e9quipe rouennaise en plein doute qui effectuait\u00a0le long trajet vers Chamb\u00e9ry. S\u2019ils ont stopp\u00e9 leur s\u00e9rie de trois d\u00e9faites de rang en battant Niort 19 \u00e0 10, les hommes de Yannick Nyanga restaient loin de leur objectif de top 6 avec onze points de retard sur la zone des qualifi\u00e9s. Ils \u00e9taient donc oblig\u00e9s de faire un coup sur le terrain d\u2019une formation de ce top 6\u2026<\/p>\n","protected":false},"excerpt":{"rendered":"Chamb\u00e9ry recevait Rouen ce samedi dans le cadre de la 12e journ\u00e9e de Nationale. Revivez la revanche de&hellip;\n","protected":false},"author":2,"featured_media":552572,"comment_status":"","ping_status":"","sticky":false,"template":"","format":"standard","meta":{"footnotes":""},"categories":[9587],"tags":[1111,11,1777,674,1011,27,12,5161,25,9590],"class_list":{"0":"post-552571","1":"post","2":"type-post","3":"status-publish","4":"format-standard","5":"has-post-thumbnail","7":"category-rouen","8":"tag-actu","9":"tag-actualites","10":"tag-eu","11":"tag-europe","12":"tag-fr","13":"tag-france","14":"tag-news","15":"tag-normandie","16":"tag-republique-francaise","17":"tag-rouen"},"share_on_mastodon":{"url":"https:\/\/pubeurope.com\/@fr\/115596853476307340","error":""},"_links":{"self":[{"href":"https:\/\/www.europesays.com\/fr\/wp-json\/wp\/v2\/posts\/552571","targetHints":{"allow":["GET"]}}],"collection":[{"href":"https:\/\/www.europesays.com\/fr\/wp-json\/wp\/v2\/posts"}],"about":[{"href":"https:\/\/www.europesays.com\/fr\/wp-json\/wp\/v2\/types\/post"}],"author":[{"embeddable":true,"href":"https:\/\/www.europesays.com\/fr\/wp-json\/wp\/v2\/users\/2"}],"replies":[{"embeddable":true,"href":"https:\/\/www.europesays.com\/fr\/wp-json\/wp\/v2\/comments?post=552571"}],"version-history":[{"count":0,"href":"https:\/\/www.europesays.com\/fr\/wp-json\/wp\/v2\/posts\/552571\/revisions"}],"wp:featuredmedia":[{"embeddable":true,"href":"https:\/\/www.europesays.com\/fr\/wp-json\/wp\/v2\/media\/552572"}],"wp:attachment":[{"href":"https:\/\/www.europesays.com\/fr\/wp-json\/wp\/v2\/media?parent=552571"}],"wp:term":[{"taxonomy":"category","embeddable":true,"href":"https:\/\/www.europesays.com\/fr\/wp-json\/wp\/v2\/categories?post=552571"},{"taxonomy":"post_tag","embeddable":true,"href":"https:\/\/www.europesays.com\/fr\/wp-json\/wp\/v2\/tags?post=552571"}],"curies":[{"name":"wp","href":"https:\/\/api.w.org\/{rel}","templated":true}]}}