{"id":552573,"date":"2025-11-23T03:20:36","date_gmt":"2025-11-23T03:20:36","guid":{"rendered":"https:\/\/www.europesays.com\/fr\/552573\/"},"modified":"2025-11-23T03:20:36","modified_gmt":"2025-11-23T03:20:36","slug":"metropole-de-grenoble-a-echirolles-ils-se-sont-rassembles-contre-le-narcotrafic-pour-montrer-que-nous-navons-pas-peur","status":"publish","type":"post","link":"https:\/\/www.europesays.com\/fr\/552573\/","title":{"rendered":"M\u00e9tropole de Grenoble. \u00c0 \u00c9chirolles, ils se sont rassembl\u00e9s contre le narcotrafic \u00ab\u00a0pour montrer que nous n\u2019avons pas peur\u00a0\u00bb"},"content":{"rendered":"<p>\u00ab\u00a0Mehdi Kessaci n\u2019avait rien \u00e0 se reprocher. Il voulait devenir policier. Mehdi est <a href=\"https:\/\/www.ledauphine.com\/faits-divers-justice\/2025\/11\/20\/assassinat-de-mehdi-kessaci-il-est-mort-pour-rien-deplore-son-frere-amine\" target=\"_blank\" rel=\"noopener\">mort pour rien<\/a> comme l\u2019a d\u00e9clar\u00e9 son fr\u00e8re <a href=\"https:\/\/www.ledauphine.com\/faits-divers-justice\/2025\/11\/20\/assassinat-de-mehdi-kessaci-il-est-mort-pour-rien-deplore-son-frere-amine\" target=\"_blank\" rel=\"noopener\">Amine Kessaci<\/a> \u00bb.<\/p>\n<p>C\u2019est \u00e0 l\u2019appel de ce militant \u00e9cologiste et engag\u00e9 contre le narcotrafic qu\u2019<a href=\"https:\/\/www.ledauphine.com\/p\/amandine-demore\" target=\"_blank\" rel=\"noopener\">Amandine Demore<\/a>, maire d\u2019\u00c9chirolles, a r\u00e9pondu ce samedi 22\u00a0novembre au matin. Un rassemblement en hommage au jeune fr\u00e8re d\u2019Amine, assassin\u00e9 le 13\u00a0novembre \u00e0 Marseille, et \u00e0 toutes les victimes du narcotrafic. Un fl\u00e9au qui, comme l\u2019a rappel\u00e9 l\u2019\u00e9lue, \u00ab\u00a0touche\u00a080\u00a0% des communes en France. Il est grand temps que l\u2019\u00c9tat agisse car \u00e0 chaque nouveau mort, \u00e0 chaque nouveau drame, \u00e0 chaque nouvelle victime innocente, nous voyons la m\u00eame \u00e9motion, la m\u00eame col\u00e8re. Parfois la m\u00eame d\u00e9sesp\u00e9rance, mais il faut maintenant que notre pays ne se laisse pas enfermer dans le pi\u00e8ge du narcotrafic, comme tant d\u2019autres pays. Il est encore temps\u00a0\u00bb.<\/p>\n<p>  D\u2019autres rassemblements dans l\u2019agglom\u00e9ration<\/p>\n<p>Alors que pour Amandine Demore le narcotrafic \u00ab\u00a0s\u2019attaque \u00e0 l\u2019\u00c9tat de droit, \u00e0 la paix civile, \u00e0 la d\u00e9mocratie\u00a0\u00bb, elle a expliqu\u00e9 avoir organis\u00e9 le rassemblement \u00ab\u00a0devant le symbole de la coh\u00e9sion de notre territoire, notre h\u00f4tel de ville, pour montrer que nous n\u2019avons pas peur, que nous refusons la r\u00e9signation de baisser la t\u00eate. Nous refusons qu\u2019un assassinat efface la voix de ceux qui se battent pour la dignit\u00e9, pour la paix, pour le vivre ensemble. Nous serons l\u00e0, nous ne l\u00e2cherons rien\u00a0\u00bb.<\/p>\n<p>Une centaine de personnes \u00e9taient pr\u00e9sentes pour cette c\u00e9r\u00e9monie qui s\u2019est cl\u00f4tur\u00e9e par une minute de silence.<\/p>\n<p>D\u2019autres <a href=\"https:\/\/www.ledauphine.com\/faits-divers-justice\/2025\/11\/21\/isere-echirolles-un-rassemblement-en-hommage-a-mehdi-kessaci-et-aux-victimes-du-narcotrafic-ce-samedi\" target=\"_blank\" rel=\"noopener\">rassemblements<\/a> sont pr\u00e9vus ce samedi \u00e0 Meylan, Grenoble, Sassenage\u2026<\/p>\n","protected":false},"excerpt":{"rendered":"\u00ab\u00a0Mehdi Kessaci n\u2019avait rien \u00e0 se reprocher. Il voulait devenir policier. Mehdi est mort pour rien comme l\u2019a&hellip;\n","protected":false},"author":2,"featured_media":552574,"comment_status":"","ping_status":"","sticky":false,"template":"","format":"standard","meta":{"footnotes":""},"categories":[9566],"tags":[1111,11,2430,9852,9853,112,1777,674,274,107,1011,27,2731,108,12,25],"class_list":{"0":"post-552573","1":"post","2":"type-post","3":"status-publish","4":"format-standard","5":"has-post-thumbnail","7":"category-grenoble","8":"tag-actu","9":"tag-actualites","10":"tag-auvergne-rhone-alpes","11":"tag-echirolles","12":"tag-echirolles-bassin","13":"tag-edition-grenoble-agglomeration","14":"tag-eu","15":"tag-europe","16":"tag-faits-divers-justice","17":"tag-fil-info","18":"tag-fr","19":"tag-france","20":"tag-grenoble","21":"tag-isere","22":"tag-news","23":"tag-republique-francaise"},"share_on_mastodon":{"url":"https:\/\/pubeurope.com\/@fr\/115596861400775146","error":""},"_links":{"self":[{"href":"https:\/\/www.europesays.com\/fr\/wp-json\/wp\/v2\/posts\/552573","targetHints":{"allow":["GET"]}}],"collection":[{"href":"https:\/\/www.europesays.com\/fr\/wp-json\/wp\/v2\/posts"}],"about":[{"href":"https:\/\/www.europesays.com\/fr\/wp-json\/wp\/v2\/types\/post"}],"author":[{"embeddable":true,"href":"https:\/\/www.europesays.com\/fr\/wp-json\/wp\/v2\/users\/2"}],"replies":[{"embeddable":true,"href":"https:\/\/www.europesays.com\/fr\/wp-json\/wp\/v2\/comments?post=552573"}],"version-history":[{"count":0,"href":"https:\/\/www.europesays.com\/fr\/wp-json\/wp\/v2\/posts\/552573\/revisions"}],"wp:featuredmedia":[{"embeddable":true,"href":"https:\/\/www.europesays.com\/fr\/wp-json\/wp\/v2\/media\/552574"}],"wp:attachment":[{"href":"https:\/\/www.europesays.com\/fr\/wp-json\/wp\/v2\/media?parent=552573"}],"wp:term":[{"taxonomy":"category","embeddable":true,"href":"https:\/\/www.europesays.com\/fr\/wp-json\/wp\/v2\/categories?post=552573"},{"taxonomy":"post_tag","embeddable":true,"href":"https:\/\/www.europesays.com\/fr\/wp-json\/wp\/v2\/tags?post=552573"}],"curies":[{"name":"wp","href":"https:\/\/api.w.org\/{rel}","templated":true}]}}