{"id":552576,"date":"2025-11-23T03:23:04","date_gmt":"2025-11-23T03:23:04","guid":{"rendered":"https:\/\/www.europesays.com\/fr\/552576\/"},"modified":"2025-11-23T03:23:04","modified_gmt":"2025-11-23T03:23:04","slug":"plombe-par-sa-defense-las-monaco-sombre-a-rennes-4-1","status":"publish","type":"post","link":"https:\/\/www.europesays.com\/fr\/552576\/","title":{"rendered":"Plomb\u00e9 par sa d\u00e9fense, l\u2019AS Monaco sombre \u00e0 Rennes (4-1)"},"content":{"rendered":"<p class=\"fs-5 \">C\u2019\u00e9tait le match idoine pour que les hommes de S\u00e9bastien Pocognoli frappent un grand coup dans la course aux places europ\u00e9ennes. <strong>Il ne restera dans les annales uniquement gr\u00e2ce \u00e0 l\u2019entr\u00e9e en jeu de Paul Pogba \u00e0 la 85e minute<\/strong>, ses premi\u00e8res en Ligue 1 et en professionnel apr\u00e8s plus de deux ans sans jouer.<\/p>\n<p class=\"fs-5 \">Dans le contenu, l\u2019ASM s\u2019est d\u2019abord cr\u00e9\u00e9 bon nombre d\u2019opportunit\u00e9s, par l\u2019interm\u00e9diaire d\u2019Akliouche ou de Fati. Le meilleur buteur mon\u00e9gasque a beaucoup tent\u00e9 (17\u2019, 30\u2019, 38\u2019), mais a manqu\u00e9 de r\u00e9alisme en premi\u00e8re p\u00e9riode, notamment sur un service en retrait de l\u2019international fran\u00e7ais (31\u2019), o\u00f9 sa frappe s\u2019est envol\u00e9e.<\/p>\n<p>                                                                                <strong>Zakaria exclu, symbole du naufrage<\/strong><\/p>\n<p class=\"fs-5 \">Des cartouches g\u00e2ch\u00e9es, pendant que des Rennais pas vraiment flamboyants piquaient en premier. A\u00eft-Boudlal, esseul\u00e9 de tout marquage, a parfaitement coup\u00e9 du genou un service de Camara (20\u2019). L\u2019ancien brestois aurait pu faire le break sur un contre \u00e9clair ou Salisu s\u2019est jet\u00e9 comme un d\u00e9butant (40\u2019). Lepaul a \u00e9galement manqu\u00e9 un face-\u00e0-face (27\u2019). Men\u00e9 au score, Monaco confirmait ses difficult\u00e9s d\u00e9fensives (16e dans le domaine en L1), et a d\u00e9sormais encaiss\u00e9 au moins un but lors de ses dix derniers matchs \u00e0 l\u2019ext\u00e9rieur en Ligue 1, sa pire s\u00e9rie depuis la remont\u00e9e du club dans l\u2019\u00e9lite lors de la saison 2013-2014.<\/p>\n<p class=\"fs-5 \">\u00c0 peine les vestiaires quitt\u00e9s que le Rocher vacillait une deuxi\u00e8me fois. Camara, encore lui, jaillissait d\u2019une t\u00eate plongeante apr\u00e8s une parade de Hradecky sur une premi\u00e8re tentative bretonne (47\u2019). <strong>Preuve que la d\u00e9fense de l\u2019ASM \u00e9tait aux abois,<\/strong> Embolo, ancien mon\u00e9gasque, a cru inscrire le troisi\u00e8me but rennais deux minutes plus tard \u00e0 la sortie d\u2019une situation similaire. Image d\u2019une \u00e9quipe qui a fini par perdre totalement pied, le capitaine Zakaria a \u00e9cop\u00e9 d\u2019un carton rouge m\u00e9rit\u00e9 pour une grosse semelle sur Lepaul (66\u2019).<\/p>\n<p>            <img src=\"https:\/\/www.europesays.com\/fr\/wp-content\/uploads\/2025\/11\/b431011_upload-from-url-1-o3sbnveog57k-data-art-16645590.jpg\"   loading=\"lazy\" decoding=\"async\" alt=\"Paul Pogba\" class=\"img-fluid position-absolute w-100 object-fit-cover rounded-2\" width=\"600\" height=\"400\"\/><\/p>\n<p>                                                                                <strong>Biereth sauve l\u2019honneur<\/strong><\/p>\n<p class=\"fs-5 \">Le Suisse a vu son co\u00e9quipier en s\u00e9lection, Embolo, ajouter un troisi\u00e8me but (73\u2019), avant qu\u2019un penalty de Blas ne parach\u00e8ve le festival breton (84\u2019). Paul Pogba, entr\u00e9 \u00e0 cinq minutes du terme, aura au moins assist\u00e9 du terrain \u00e0 la r\u00e9duction de l\u2019\u00e9cart de Biereth, qui n\u2019avait plus marqu\u00e9 depuis dix matchs et deux mois, lors de la victoire face \u00e0 Metz (5-2). Au classement, l\u2019ASM plonge \u00e0 la 8e place.<\/p>\n","protected":false},"excerpt":{"rendered":"C\u2019\u00e9tait le match idoine pour que les hommes de S\u00e9bastien Pocognoli frappent un grand coup dans la course&hellip;\n","protected":false},"author":2,"featured_media":552577,"comment_status":"","ping_status":"","sticky":false,"template":"","format":"standard","meta":{"footnotes":""},"categories":[2821],"tags":[1111,11,2266,829,1777,674,1011,27,12,584,25],"class_list":{"0":"post-552576","1":"post","2":"type-post","3":"status-publish","4":"format-standard","5":"has-post-thumbnail","7":"category-rennes","8":"tag-actu","9":"tag-actualites","10":"tag-as-monaco","11":"tag-bretagne","12":"tag-eu","13":"tag-europe","14":"tag-fr","15":"tag-france","16":"tag-news","17":"tag-rennes","18":"tag-republique-francaise"},"share_on_mastodon":{"url":"https:\/\/pubeurope.com\/@fr\/115596874218417049","error":""},"_links":{"self":[{"href":"https:\/\/www.europesays.com\/fr\/wp-json\/wp\/v2\/posts\/552576","targetHints":{"allow":["GET"]}}],"collection":[{"href":"https:\/\/www.europesays.com\/fr\/wp-json\/wp\/v2\/posts"}],"about":[{"href":"https:\/\/www.europesays.com\/fr\/wp-json\/wp\/v2\/types\/post"}],"author":[{"embeddable":true,"href":"https:\/\/www.europesays.com\/fr\/wp-json\/wp\/v2\/users\/2"}],"replies":[{"embeddable":true,"href":"https:\/\/www.europesays.com\/fr\/wp-json\/wp\/v2\/comments?post=552576"}],"version-history":[{"count":0,"href":"https:\/\/www.europesays.com\/fr\/wp-json\/wp\/v2\/posts\/552576\/revisions"}],"wp:featuredmedia":[{"embeddable":true,"href":"https:\/\/www.europesays.com\/fr\/wp-json\/wp\/v2\/media\/552577"}],"wp:attachment":[{"href":"https:\/\/www.europesays.com\/fr\/wp-json\/wp\/v2\/media?parent=552576"}],"wp:term":[{"taxonomy":"category","embeddable":true,"href":"https:\/\/www.europesays.com\/fr\/wp-json\/wp\/v2\/categories?post=552576"},{"taxonomy":"post_tag","embeddable":true,"href":"https:\/\/www.europesays.com\/fr\/wp-json\/wp\/v2\/tags?post=552576"}],"curies":[{"name":"wp","href":"https:\/\/api.w.org\/{rel}","templated":true}]}}