{"id":552578,"date":"2025-11-23T03:25:34","date_gmt":"2025-11-23T03:25:34","guid":{"rendered":"https:\/\/www.europesays.com\/fr\/552578\/"},"modified":"2025-11-23T03:25:34","modified_gmt":"2025-11-23T03:25:34","slug":"plus-de-candidats-que-dhabitants","status":"publish","type":"post","link":"https:\/\/www.europesays.com\/fr\/552578\/","title":{"rendered":"plus de candidats que d\u2019habitants"},"content":{"rendered":"<p>\u00ab\u00a0Ces tabl\u00e9es th\u00e9matiques avec des habitants qui s\u2019expriment s\u2019inscrivent dans la vocation d\u2019\u00e9coute et d\u2019innovation des centres socioculturels\u00a0\u00bb, a d\u00e9marr\u00e9 la pr\u00e9sidente du Foss\u00e9 des Treize, Christine Ruetsch, au <a href=\"https:\/\/www.dna.fr\/elections\/2025\/11\/17\/strasbourg-a-l-esplanade-toutes-les-generations-ont-la-parole\" target=\"_blank\" rel=\"nofollow noopener\">World caf\u00e9<\/a> qui s\u2019est tenu dans le quartier Gare, jeudi 20\u00a0novembre.<\/p>\n<p>Seule une petite trentaine d\u2019habitants avait r\u00e9pondu \u00e0 l\u2019invitation. \u00ab\u00a0Nous devons nous poser la question du manque de liant entre les habitants, et de ces habitants avec le politique\u00a0\u00bb, commente <a href=\"https:\/\/www.dna.fr\/elections\/2025\/10\/14\/parti-socialiste-des-tensions-internes-sur-la-candidature-de-catherine-trautmann\" target=\"_blank\" rel=\"nofollow noopener\">Linda Ibiem<\/a>. Et la candidate socialiste (en dissidence avec le PS) de poursuivre\u00a0: \u00ab\u00a0Il nous faut revenir \u00e0 des fondamentaux\u00a0: un toit sur la t\u00eate, de la dignit\u00e9 dans l\u2019assiette et l\u2019accomplissement de soi.\u00a0\u00bb<\/p>\n<p>Un secteur \u00ab\u00a0d\u00e9labr\u00e9\u00a0\u00bb, un quartier \u00ab\u00a0en grande difficult\u00e9\u00a0\u00bb<\/p>\n<p><a href=\"https:\/\/www.dna.fr\/p\/catherine-trautmann\" target=\"_blank\" rel=\"nofollow noopener\">Catherine Trautmann<\/a> (PS) s\u2019empare, elle, \u00ab\u00a0de cette&#8230;<\/p>\n","protected":false},"excerpt":{"rendered":"\u00ab\u00a0Ces tabl\u00e9es th\u00e9matiques avec des habitants qui s\u2019expriment s\u2019inscrivent dans la vocation d\u2019\u00e9coute et d\u2019innovation des centres socioculturels\u00a0\u00bb,&hellip;\n","protected":false},"author":2,"featured_media":552579,"comment_status":"","ping_status":"","sticky":false,"template":"","format":"standard","meta":{"footnotes":""},"categories":[2820],"tags":[1111,11,2880,5949,4188,1777,674,107,1011,27,775,12,316,25,640,2879],"class_list":{"0":"post-552578","1":"post","2":"type-post","3":"status-publish","4":"format-standard","5":"has-post-thumbnail","7":"category-strasbourg","8":"tag-actu","9":"tag-actualites","10":"tag-edition-strasbourg","11":"tag-elections","12":"tag-elections-municipales","13":"tag-eu","14":"tag-europe","15":"tag-fil-info","16":"tag-fr","17":"tag-france","18":"tag-grand-est","19":"tag-news","20":"tag-politique","21":"tag-republique-francaise","22":"tag-strasbourg","23":"tag-strasbourg-ville"},"share_on_mastodon":{"url":"https:\/\/pubeurope.com\/@fr\/115596881051898418","error":""},"_links":{"self":[{"href":"https:\/\/www.europesays.com\/fr\/wp-json\/wp\/v2\/posts\/552578","targetHints":{"allow":["GET"]}}],"collection":[{"href":"https:\/\/www.europesays.com\/fr\/wp-json\/wp\/v2\/posts"}],"about":[{"href":"https:\/\/www.europesays.com\/fr\/wp-json\/wp\/v2\/types\/post"}],"author":[{"embeddable":true,"href":"https:\/\/www.europesays.com\/fr\/wp-json\/wp\/v2\/users\/2"}],"replies":[{"embeddable":true,"href":"https:\/\/www.europesays.com\/fr\/wp-json\/wp\/v2\/comments?post=552578"}],"version-history":[{"count":0,"href":"https:\/\/www.europesays.com\/fr\/wp-json\/wp\/v2\/posts\/552578\/revisions"}],"wp:featuredmedia":[{"embeddable":true,"href":"https:\/\/www.europesays.com\/fr\/wp-json\/wp\/v2\/media\/552579"}],"wp:attachment":[{"href":"https:\/\/www.europesays.com\/fr\/wp-json\/wp\/v2\/media?parent=552578"}],"wp:term":[{"taxonomy":"category","embeddable":true,"href":"https:\/\/www.europesays.com\/fr\/wp-json\/wp\/v2\/categories?post=552578"},{"taxonomy":"post_tag","embeddable":true,"href":"https:\/\/www.europesays.com\/fr\/wp-json\/wp\/v2\/tags?post=552578"}],"curies":[{"name":"wp","href":"https:\/\/api.w.org\/{rel}","templated":true}]}}