{"id":552580,"date":"2025-11-23T03:26:22","date_gmt":"2025-11-23T03:26:22","guid":{"rendered":"https:\/\/www.europesays.com\/fr\/552580\/"},"modified":"2025-11-23T03:26:22","modified_gmt":"2025-11-23T03:26:22","slug":"victoire-ecrasante-dol-lyonnes-face-au-rc-strasbourg","status":"publish","type":"post","link":"https:\/\/www.europesays.com\/fr\/552580\/","title":{"rendered":"Victoire \u00e9crasante d&rsquo;OL Lyonnes face au RC Strasbourg"},"content":{"rendered":"<p><strong>l&rsquo;OL Lyonnes recevait le RC Strasbourg en cl\u00f4ture de la 8e journ\u00e9e de la Premi\u00e8re Ligue Arkema ce soir au Groupama Stadium. Victoire des fenottes\u00a05-0.<\/strong><\/p>\n<p>Les rhodaniennes ont bien d\u00e9but\u00e9 la rencontre avec une pression permanente sur la d\u00e9fense strasbourgeoise mais les buts ont tard\u00e9 \u00e0 venir. Il a fallut attendre la 45&prime; tout juste avant la pause pour voir Becho ouvrir le score en faveur de l&rsquo;OL Lyonnes (1-0).<\/p>\n<p>La seconde p\u00e9riode a \u00e9t\u00e9 \u00e9galement \u00e0 l&rsquo;avantage de l&rsquo;OL Lyonnes. \u00c0 la 57&prime; Brand va pousser la d\u00e9fense strasbourgeoise \u00e0 la faute en marquant contre son camp \u00e0 la suite d&rsquo;un centre qu&rsquo;elle adressait \u00e0 l&rsquo;endroit de Hegerberg (2-0, 57&prime;). Douze minutes plus tard l&rsquo;allemande va cette fois-ci corser le score en fusillant du plat du pied la gardienne Strasbourgeoise (3-0). On se dirigeait vers une fin de match plut\u00f4t calme lorsque Tarciane va inscrire son but de la t\u00eate \u00e0 la suite d&rsquo;un corner (4-0, 84&prime;). Ada Hegerberg va clore le festival troid.linutes plus tard (5-0).<\/p>\n<p>L&rsquo;\u00e9quipe de Jonatan Giraldez poursuit son sans faute depuis le d\u00e9but de la saison et caracole en t\u00eate du classement de la Premi\u00e8re Ligue Arkema<\/p>\n<p>                                                                            (function(d, s, id) {<br \/>\n            var js, fjs = d.getElementsByTagName(s)[0];<br \/>\n            if (d.getElementById(id)) return;<br \/>\n            js = d.createElement(s); js.id = id;<br \/>\n            js.src = \u00ab\u00a0\/\/connect.facebook.net\/fr_FR\/sdk.js#xfbml=1&#038;version=v2.8\u00a0\u00bb;<br \/>\n            fjs.parentNode.insertBefore(js, fjs);<br \/>\n        }(document, &lsquo;script&rsquo;, &lsquo;facebook-jssdk&rsquo;));<\/p>\n","protected":false},"excerpt":{"rendered":"l&rsquo;OL Lyonnes recevait le RC Strasbourg en cl\u00f4ture de la 8e journ\u00e9e de la Premi\u00e8re Ligue Arkema ce&hellip;\n","protected":false},"author":2,"featured_media":552581,"comment_status":"","ping_status":"","sticky":false,"template":"","format":"standard","meta":{"footnotes":""},"categories":[2820],"tags":[1111,11,1777,674,1011,27,775,12,23183,25,640],"class_list":{"0":"post-552580","1":"post","2":"type-post","3":"status-publish","4":"format-standard","5":"has-post-thumbnail","7":"category-strasbourg","8":"tag-actu","9":"tag-actualites","10":"tag-eu","11":"tag-europe","12":"tag-fr","13":"tag-france","14":"tag-grand-est","15":"tag-news","16":"tag-ol-lyonnes","17":"tag-republique-francaise","18":"tag-strasbourg"},"share_on_mastodon":{"url":"https:\/\/pubeurope.com\/@fr\/115596885228026103","error":""},"_links":{"self":[{"href":"https:\/\/www.europesays.com\/fr\/wp-json\/wp\/v2\/posts\/552580","targetHints":{"allow":["GET"]}}],"collection":[{"href":"https:\/\/www.europesays.com\/fr\/wp-json\/wp\/v2\/posts"}],"about":[{"href":"https:\/\/www.europesays.com\/fr\/wp-json\/wp\/v2\/types\/post"}],"author":[{"embeddable":true,"href":"https:\/\/www.europesays.com\/fr\/wp-json\/wp\/v2\/users\/2"}],"replies":[{"embeddable":true,"href":"https:\/\/www.europesays.com\/fr\/wp-json\/wp\/v2\/comments?post=552580"}],"version-history":[{"count":0,"href":"https:\/\/www.europesays.com\/fr\/wp-json\/wp\/v2\/posts\/552580\/revisions"}],"wp:featuredmedia":[{"embeddable":true,"href":"https:\/\/www.europesays.com\/fr\/wp-json\/wp\/v2\/media\/552581"}],"wp:attachment":[{"href":"https:\/\/www.europesays.com\/fr\/wp-json\/wp\/v2\/media?parent=552580"}],"wp:term":[{"taxonomy":"category","embeddable":true,"href":"https:\/\/www.europesays.com\/fr\/wp-json\/wp\/v2\/categories?post=552580"},{"taxonomy":"post_tag","embeddable":true,"href":"https:\/\/www.europesays.com\/fr\/wp-json\/wp\/v2\/tags?post=552580"}],"curies":[{"name":"wp","href":"https:\/\/api.w.org\/{rel}","templated":true}]}}