{"id":552584,"date":"2025-11-23T03:28:45","date_gmt":"2025-11-23T03:28:45","guid":{"rendered":"https:\/\/www.europesays.com\/fr\/552584\/"},"modified":"2025-11-23T03:28:45","modified_gmt":"2025-11-23T03:28:45","slug":"coupe-de-france-feminine-face-a-nice-les-joueuses-du-fbbp-01-veulent-marquer-lhistoire-du-club","status":"publish","type":"post","link":"https:\/\/www.europesays.com\/fr\/552584\/","title":{"rendered":"Coupe de France f\u00e9minine. Face \u00e0 Nice, les joueuses du FBBP 01 veulent marquer l\u2019histoire du club"},"content":{"rendered":"<p><strong>FBBP 01 &#8211; OGC Nice Dimanche, 15 heures<\/strong><\/p>\n<p>\u00ab\u00a0J\u2019ai h\u00e2te d\u2019\u00eatre \u00e0 dimanche\u00a0!\u00a0\u00bb Sa veste rouge de gardienne sur le dos, Sorenza Vincent s\u2019\u00e9chauffe devant sa cage, en observant l\u2019entra\u00eenement de ses co\u00e9quipi\u00e8res au stade de P\u00e9ronnas. Dans le froid, les joueuses du FBBP 01 se pr\u00e9parent \u00e0 recevoir ce dimanche au municipal, les Ni\u00e7oises de l\u2019OGC. \u00ab\u00a0Nous aurions pr\u00e9f\u00e9r\u00e9 tomber sur une \u00e9quipe de R1 ou R2 et passer encore un tour\u00a0\u00bb, avoue la joueuse de 18 ans, licenci\u00e9e au club depuis la cat\u00e9gorie U9. \u00ab\u00a0Mais \u00e7a va \u00eatre une sacr\u00e9e exp\u00e9rience de jouer contre une \u00e9quipe de ce niveau, surtout \u00e0 domicile, avec nos familles et nos amis pour nous encourager\u00a0\u00bb, ajoute la gardienne de&#8230;<\/p>\n","protected":false},"excerpt":{"rendered":"FBBP 01 &#8211; OGC Nice Dimanche, 15 heures \u00ab\u00a0J\u2019ai h\u00e2te d\u2019\u00eatre \u00e0 dimanche\u00a0!\u00a0\u00bb Sa veste rouge de gardienne&hellip;\n","protected":false},"author":2,"featured_media":552585,"comment_status":"","ping_status":"","sticky":false,"template":"","format":"standard","meta":{"footnotes":""},"categories":[2819],"tags":[1111,11,2738,6751,1777,674,53597,63,1011,27,12,2401,49245,36582,882,25,517],"class_list":{"0":"post-552584","1":"post","2":"type-post","3":"status-publish","4":"format-standard","5":"has-post-thumbnail","7":"category-nice","8":"tag-actu","9":"tag-actualites","10":"tag-ain","11":"tag-edition-ain-ouest","12":"tag-eu","13":"tag-europe","14":"tag-fbbp-01-football-bourg-en-bresse-peronnas-01","15":"tag-football","16":"tag-fr","17":"tag-france","18":"tag-news","19":"tag-nice","20":"tag-peronnas","21":"tag-peronnas-bassin","22":"tag-provence-alpes-cote-dazur","23":"tag-republique-francaise","24":"tag-sport"},"share_on_mastodon":{"url":"https:\/\/pubeurope.com\/@fr\/115596892672759014","error":""},"_links":{"self":[{"href":"https:\/\/www.europesays.com\/fr\/wp-json\/wp\/v2\/posts\/552584","targetHints":{"allow":["GET"]}}],"collection":[{"href":"https:\/\/www.europesays.com\/fr\/wp-json\/wp\/v2\/posts"}],"about":[{"href":"https:\/\/www.europesays.com\/fr\/wp-json\/wp\/v2\/types\/post"}],"author":[{"embeddable":true,"href":"https:\/\/www.europesays.com\/fr\/wp-json\/wp\/v2\/users\/2"}],"replies":[{"embeddable":true,"href":"https:\/\/www.europesays.com\/fr\/wp-json\/wp\/v2\/comments?post=552584"}],"version-history":[{"count":0,"href":"https:\/\/www.europesays.com\/fr\/wp-json\/wp\/v2\/posts\/552584\/revisions"}],"wp:featuredmedia":[{"embeddable":true,"href":"https:\/\/www.europesays.com\/fr\/wp-json\/wp\/v2\/media\/552585"}],"wp:attachment":[{"href":"https:\/\/www.europesays.com\/fr\/wp-json\/wp\/v2\/media?parent=552584"}],"wp:term":[{"taxonomy":"category","embeddable":true,"href":"https:\/\/www.europesays.com\/fr\/wp-json\/wp\/v2\/categories?post=552584"},{"taxonomy":"post_tag","embeddable":true,"href":"https:\/\/www.europesays.com\/fr\/wp-json\/wp\/v2\/tags?post=552584"}],"curies":[{"name":"wp","href":"https:\/\/api.w.org\/{rel}","templated":true}]}}