{"id":552586,"date":"2025-11-23T03:29:13","date_gmt":"2025-11-23T03:29:13","guid":{"rendered":"https:\/\/www.europesays.com\/fr\/552586\/"},"modified":"2025-11-23T03:29:13","modified_gmt":"2025-11-23T03:29:13","slug":"lame-de-la-mediatheque-luce-courville-pionniere-des-mediatheques-et-promotrice-2","status":"publish","type":"post","link":"https:\/\/www.europesays.com\/fr\/552586\/","title":{"rendered":"\u00ab\u00a0L\u2019\u00e2me de la m\u00e9diath\u00e8que\u00a0\u00bb\u00a0: Luce Courville, pionni\u00e8re des m\u00e9diath\u00e8ques et promotrice"},"content":{"rendered":"<p>N\u00e9e \u00e0 Paris, c\u2019est en 1962 que Luce Courville prend les r\u00eanes de la biblioth\u00e8que municipale de la rue Gambetta. C\u2019est elle qui convaincra le maire Alain Ch\u00e9nard (1977-1983) pour la d\u00e9nomination de \u00ab\u00a0m\u00e9diath\u00e8que\u00a0\u00bb du futur b\u00e2timent, quai de la Fosse. De 1985 \u00e0 1991, \u00ab\u00a0il est inutile de lui donner un autre nom, la m\u00e9diath\u00e8que est unique\u00a0\u00bb, rappellent Annie Ollivier et Jo\u00ebl Pitrel.<\/p>\n<p>Impact durable sur la culture locale<\/p>\n<p>Mais la cr\u00e9ation de la m\u00e9diath\u00e8que Diderot \u00e0 Rez\u00e9 pousse \u00e0 lui en trouver. L\u2019association des amis de la biblioth\u00e8que, pr\u00e9sid\u00e9e par Jean-Louis Liters (auteur et ancien professeur de Clemenceau), propose d\u2019abord \u00ab\u00a0Passage Jacques-Demy\u00a0\u00bb, en r\u00e9f\u00e9rence au passage Pommeraye aim\u00e9 par le cin\u00e9aste. Ce sera au final \u00ab\u00a0Espace Jacques-Demy\u00a0\u00bb, valid\u00e9 par Agn\u00e8s Varda. Luce Courville, qualifi\u00e9e d\u2019\u00ab\u00a0\u00e2me de la m\u00e9diath\u00e8que par Jean-Marc Ayrault, sera aussi \u00e0 l\u2019origine du mus\u00e9e Jules-Verne sur la butte Sainte-anne en 1978.<\/p>\n<p>\u00a0<\/p>\n","protected":false},"excerpt":{"rendered":"N\u00e9e \u00e0 Paris, c\u2019est en 1962 que Luce Courville prend les r\u00eanes de la biblioth\u00e8que municipale de la&hellip;\n","protected":false},"author":2,"featured_media":552587,"comment_status":"","ping_status":"","sticky":false,"template":"","format":"standard","meta":{"footnotes":""},"categories":[2818],"tags":[1111,11,66932,66934,17765,1777,674,1011,27,66933,16582,5916,766,12,2636,44812,66935,25],"class_list":{"0":"post-552586","1":"post","2":"type-post","3":"status-publish","4":"format-standard","5":"has-post-thumbnail","7":"category-nantes","8":"tag-actu","9":"tag-actualites","10":"tag-ame","11":"tag-courville","12":"tag-culturelle","13":"tag-eu","14":"tag-europe","15":"tag-fr","16":"tag-france","17":"tag-luce","18":"tag-mediatheque","19":"tag-mediatheques","20":"tag-nantes","21":"tag-news","22":"tag-pays-de-la-loire","23":"tag-pionniere","24":"tag-promotrice","25":"tag-republique-francaise"},"share_on_mastodon":{"url":"","error":""},"_links":{"self":[{"href":"https:\/\/www.europesays.com\/fr\/wp-json\/wp\/v2\/posts\/552586","targetHints":{"allow":["GET"]}}],"collection":[{"href":"https:\/\/www.europesays.com\/fr\/wp-json\/wp\/v2\/posts"}],"about":[{"href":"https:\/\/www.europesays.com\/fr\/wp-json\/wp\/v2\/types\/post"}],"author":[{"embeddable":true,"href":"https:\/\/www.europesays.com\/fr\/wp-json\/wp\/v2\/users\/2"}],"replies":[{"embeddable":true,"href":"https:\/\/www.europesays.com\/fr\/wp-json\/wp\/v2\/comments?post=552586"}],"version-history":[{"count":0,"href":"https:\/\/www.europesays.com\/fr\/wp-json\/wp\/v2\/posts\/552586\/revisions"}],"wp:featuredmedia":[{"embeddable":true,"href":"https:\/\/www.europesays.com\/fr\/wp-json\/wp\/v2\/media\/552587"}],"wp:attachment":[{"href":"https:\/\/www.europesays.com\/fr\/wp-json\/wp\/v2\/media?parent=552586"}],"wp:term":[{"taxonomy":"category","embeddable":true,"href":"https:\/\/www.europesays.com\/fr\/wp-json\/wp\/v2\/categories?post=552586"},{"taxonomy":"post_tag","embeddable":true,"href":"https:\/\/www.europesays.com\/fr\/wp-json\/wp\/v2\/tags?post=552586"}],"curies":[{"name":"wp","href":"https:\/\/api.w.org\/{rel}","templated":true}]}}