{"id":552594,"date":"2025-11-23T03:34:21","date_gmt":"2025-11-23T03:34:21","guid":{"rendered":"https:\/\/www.europesays.com\/fr\/552594\/"},"modified":"2025-11-23T03:34:21","modified_gmt":"2025-11-23T03:34:21","slug":"pres-de-toulouse-valentin-2-ans-se-bat-contre-le-cancer-ses-parents-lancent-une-cagnotte-pour-faire-face","status":"publish","type":"post","link":"https:\/\/www.europesays.com\/fr\/552594\/","title":{"rendered":"Pr\u00e8s de Toulouse. Valentin, 2 ans, se bat contre le cancer, ses parents lancent une cagnotte pour faire face"},"content":{"rendered":"<p>                    Par<br \/>\n        <strong><br \/>\n            <a href=\"https:\/\/actu.fr\/auteur\/david-saint-sernin\" title=\"Consulter tous les articles de David Saint-Sernin\" target=\"_blank\" rel=\"noopener\">David Saint-Sernin<\/a><br \/>\n                    <\/strong><\/p>\n<p>        Publi\u00e9 le<\/p>\n<p>            22 nov. 2025 \u00e0 6h42        <\/p>\n<p>Chaque ann\u00e9e en France, <a href=\"https:\/\/actu.fr\/societe\/2400-enfants-touches-par-le-cancer-tous-les-ans-en-france-l-enjeu-crucial-de-guerir-mieux_60706269.html\" target=\"_blank\" rel=\"noopener\">2\u2009300 nouveaux cas de cancers sont diagnostiqu\u00e9s chez des enfants et adolescents.<\/a> Une r\u00e9alit\u00e9 qui bouleverse leur quotidien et celui de leurs familles. Un combat trop vite arriv\u00e9, l\u2019injustice balayant alors l\u2019innocence.<\/p>\n<p class=\" wall-content\">Depuis octobre 2025, Valentin, deux ans et demi, lutte courageusement contre le cancer, accompagn\u00e9 au quotidien par ses parents S\u00e9verine et Christopher, soutenu par son grand-fr\u00e8re de 9 ans, Lylian, et ses deux grandes s\u0153urs, El\u00e9na, 6 ans, et Anna, 4 ans.<\/p>\n<p>La vie qui bascule<\/p>\n<p class=\" wall-content\">Pour Valentin et sa famille qui vivent \u00e0 Seysses, au sud-ouest de Toulouse, la vie a bascul\u00e9 il y a quelques semaines. S\u00e9verine raconte\u2009:<\/p>\n<p class=\" wall-content\">\u00ab\u2009Valentin venait d\u2019effectuer sa premi\u00e8re rentr\u00e9e \u00e0 l\u2019\u00e9cole quelques semaines plus t\u00f4t. Assez vite, il a commenc\u00e9 \u00e0 avoir des bleus sur les jambes, sur le tibia, sur les fesses\u2026 On venait de s\u2019installer \u00e0 Seysses et l\u2019on craignait qu\u2019il soit harcel\u00e9. Mais, \u00e0 l\u2019\u00e9cole, personne n\u2019avait d\u2019explication. Puis, il a commenc\u00e9 \u00e0 avoir de la fi\u00e8vre, il se montrait extr\u00eamement fatigu\u00e9. Nous avons alors consult\u00e9 un m\u00e9decin, mais la fi\u00e8vre ne baissant pas, bien au contraire, nous avons effectu\u00e9 des analyses de sang en laboratoire. Quand j\u2019ai re\u00e7u les r\u00e9sultats, il y avait beaucoup de param\u00e8tres en rouge.<strong> J\u2019ai utilis\u00e9 l\u2019intelligence artificielle<\/strong> pour essayer de comprendre ces donn\u00e9es. L\u2019IA m\u2019a dit d\u2019aller tout de suite aux urgences et m\u2019a sorti plusieurs maladies possibles au vu des r\u00e9sultats des analyses, dont la leuc\u00e9mie. Le m\u00e9decin m\u2019a confirm\u00e9 qu\u2019il fallait vite aller aux urgences\u2009\u00bb.<\/p>\n<p class=\" wall-content\">S\u00e9verine poursuit\u2009:<\/p>\n<p class=\" wall-content\">\u00ab\u2009On a \u00e9t\u00e9 pris en charge \u00e0 l\u2019h\u00f4pital des Enfants o\u00f9 Valentin a eu de nouvelles analyses de sang et une perfusion de plaquettes. Puis, le m\u00e9decin de garde m\u2019a pris \u00e0 part et m\u2019a expliqu\u00e9 que c\u2019\u00e9tait fort probable que cela soit une leuc\u00e9mie\u2026\u2009\u00bb<\/p>\n<p>Vid\u00e9os : en ce moment sur Actu\u00ab\u2009Valentin \u00e9tait un enfant tr\u00e8s dynamique\u2009\u00bb<\/p>\n<p class=\" wall-content\">Leuc\u00e9mie\u2026 Huit lettres pour une bascule imm\u00e9diate dans un dur combat et une vie quotidienne totalement chamboul\u00e9e.<\/p>\n<p>Votre r\u00e9gion, votre actu !<\/p>\n<p>Recevez chaque jour les infos qui comptent pour vous.<\/p>\n<p>\t<a href=\"https:\/\/actu.fr\/newsletter\" class=\"ac-btn ac-btn--corner ac-btn--medium ac-btn--blue800\" target=\"_blank\" rel=\"noopener\">S&rsquo;incrire<\/a><\/p>\n<p class=\" wall-content\">\u00ab\u2009Valentin \u00e9tait un enfant tr\u00e8s dynamique, un petit gar\u00e7on plein de vie et de caract\u00e8re. Il bougeait tout le temps. <strong>D\u00e9sormais, il est hyper fatigu\u00e9 \u00e0 cause de la chimio<\/strong>. La cortisone qu\u2019il prend lui donne faim tout le temps et le fait gonfler. Elle lui provoque aussi des acc\u00e8s de col\u00e8re\u2009\u00bb, raconte Christopher.<\/p>\n<p>Un traitement d\u2019une grande rudesse<\/p>\n<p class=\" wall-content\">Le protocole qui doit amener Valentin vers la r\u00e9mission est d\u2019une grande rudesse pour un si petit enfant. La premi\u00e8re phase doit durer un an. Valentin a d\u00fb imm\u00e9diatement quitter l\u2019\u00e9cole et ne la retrouvera que dans un an, au plus t\u00f4t.<\/p>\n<p class=\" wall-content\">Valentin passe, pour l\u2019heure, quasiment tout son temps \u00e0 sa maison. Les seules interactions qu\u2019il a sont celles avec son fr\u00e8re et ses s\u0153urs, ses parents, et le corps m\u00e9dical qui le re\u00e7oit plusieurs fois par semaine pour son traitement ou des contr\u00f4les.<\/p>\n<p>Des d\u00e9fenses immunitaires affaiblies<\/p>\n<p class=\" wall-content\">\u00ab\u2009Pendant un mois, Valentin a v\u00e9cu dans le milieu aseptis\u00e9 de l\u2019h\u00f4pital et notre habitation doit d\u00e9sormais se rapprocher le plus possible de cet environnement car, avec la chimio, Valentin voit son syst\u00e8me immunitaire s\u2019affaiblir. La chimio d\u00e9truit en effet toutes les cellules, bonnes ou mauvaises, et, avec ses d\u00e9fenses amoindries, le risque de contracter un virus \u00e0 chaque contact humain est important\u2009\u00bb, explique Christopher.<\/p>\n<p>Un quotidien boulevers\u00e9<\/p>\n<p class=\" wall-content\">Autant dire que le quotidien de cette famille a \u00e9t\u00e9 totalement boulevers\u00e9.<\/p>\n<p class=\" wall-content\">Il y a le traitement \u00e0 suivre scrupuleusement\u2009: la chimio une \u00e0 deux fois par semaine, six \u00e0 huit m\u00e9dicaments \u00e0 lui donner avec une sonde naso-gastrique, des examens lourds comme une ponction lombaire, et une ponction de moelle osseuse qui a \u00e9t\u00e9 r\u00e9alis\u00e9e ces derniers jours toujours au sein \u00ab\u2009de la formidable \u00e9quipe m\u00e9dicale de Purpan\u2009\u00bb, insiste le couple.<\/p>\n<p>Une fratrie mise \u00e0 l\u2019\u00e9preuve<\/p>\n<p class=\" wall-content\">Et puis, il y a tout ce qu\u2019il faut faire pour garantir la stabilit\u00e9 de l\u2019\u00e9tat de sant\u00e9 de Valentin.<\/p>\n<p class=\" wall-content\">\u00ab\u2009D\u00e8s que nos enfants rentrent de l\u2019\u00e9cole, ils doivent imm\u00e9diatement se doucher. Ils n\u2019ont pas d\u2019interdiction de jouer avec lui, mais les consignes \u00e0 respecter sont de ne pas lui faire de bisous, ni de c\u00e2lins. On essaye qu\u2019il puisse le plus jouer avec eux pour maintenir le lien. La situation est tr\u00e8s difficile mentalement pour son fr\u00e8re et ses s\u0153urs, surtout pour la plus petite qui ne peut pas tout comprendre. On leur a expliqu\u00e9 la maladie, on ne leur a rien cach\u00e9. Ils redoutent le moment o\u00f9 Valentin va perdre leurs cheveux. Il y a aussi la crainte de la mort. On tente de les rassurer\u2009\u00bb, racontent S\u00e9verine et Christopher.<\/p>\n<p>Un logement \u00e0 r\u00e9organiser<\/p>\n<p class=\" wall-content\">Avec le retour de Valentin au domicile familial, il a \u00e9galement fallu r\u00e9organiser la maison\u2009:<\/p>\n<p class=\" wall-content\">\u00ab\u2009Il ne faut pas qu\u2019il y ait de poussi\u00e8re. On a obtenu une aide m\u00e9nag\u00e8re deux fois par semaine. On s\u2019est s\u00e9par\u00e9 des animaux \u00e9galement. Il y a beaucoup de choses qui ont chang\u00e9 en mati\u00e8re alimentaire. Il faut faire attention \u00e0 tout. Il faut acheter toutes les denr\u00e9es sous vide, et ne les conserver que 24h. Il faut laver ses affaires \u00e0 part pour ne pas r\u00e9cup\u00e9rer des r\u00e9sidus de chimio dans nos v\u00eatements\u2009\u00bb, d\u00e9taillent les parents.<\/p>\n<p>Comment s\u2019en sortir\u2009?<\/p>\n<p class=\" wall-content\">Comment faire pour s\u2019en sortir quand tout vous tombe dessus\u2009? Comment s\u2019organiser quand de parents, on devient <strong>des infirmiers parents<\/strong>\u2009? Comment faire face aux nouvelles charges financi\u00e8res du quotidien quand <strong>il faut s\u2019arr\u00eater de travailler<\/strong> pour mener le combat aupr\u00e8s de son enfant. Comment \u00eatre au plus pr\u00e8s du \u00ab\u2009petit guerrier\u2009\u00bb sans mettre de c\u00f4t\u00e9 le reste de la fratrie\u2009? Comment tenir debout en tant que parents face \u00e0 cette \u00e9preuve\u2009?<\/p>\n<p class=\" wall-content\">\u00c0 toutes ces questions, S\u00e9verine et Christopher n\u2019ont pas toutes les r\u00e9ponses aujourd\u2019hui\u2026 \u00ab\u00a0Nous faisons de notre mieux, mais cette situation nous a plong\u00e9s sous l\u2019eau financi\u00e8rement. Pour parer aux urgences qui s\u2019accumulent, ils ont d\u00e9cid\u00e9 <a href=\"https:\/\/www.leetchi.com\/fr\/c\/leucemie-soutien-pour-valentin-notre-petit-guerrier-1740372\" target=\"_blank\" rel=\"noopener\">de lancer une cagnotte Leetchi \u00ab\u00a0Soutien pour Valentin, notre guerrier\u00a0\u00bb.\u00a0<\/a><\/p>\n<p>R\u00e9colter de l\u2019argent pour des choses essentielles<\/p>\n<p class=\" wall-content\">\u00ab\u2009Il faut qu\u2019on change beaucoup de choses dans notre habitation pour assurer un environnement parfaitement sain, sans poussi\u00e8re, \u00e0 Valentin. Il nous faut acheter des meubles adapt\u00e9s, et notamment ferm\u00e9s, un lit sp\u00e9cial. Sur les ordonnances, certaines choses ne sont pas rembours\u00e9es\u2026 L\u2019argent r\u00e9colt\u00e9 ira \u00e0 des choses essentielles auxquelles on doit faire face car cela nous tombe dessus\u2009\u00bb, expliquent les parents de Valentin qui ne travaillent plus pour assister leur enfant dans cette lutte f\u00e9roce qu\u2019il a commenc\u00e9e.<\/p>\n<p class=\" wall-content\">Pour que Valentin redevienne \u00ab\u2009l\u2019enfant le plus dynamique, et le plus turbulent de la fratrie, celui qui \u00e9tait tout le temps en train de s\u2019amuser\u2009\u00bb. Celui qu\u2019il \u00e9tait avant l\u2019injuste entr\u00e9e de la maladie dans sa vie.<\/p>\n<p class=\" wall-content\">Personnalisez votre actualit\u00e9 en ajoutant vos villes et m\u00e9dias en favori avec <a href=\"https:\/\/moncompte.actu.fr\" title=\"D\u00e9couvez Mon Actu\" rel=\"nofollow noopener\" data-trk=\"{&quot;cta&quot;:{&quot;action&quot;:&quot;https:\\\/\\\/moncompte.actu.fr&quot;,&quot;category&quot;:&quot;mon compte&quot;,&quot;from&quot;:&quot;article footer&quot;,&quot;name&quot;:&quot;Mon actu&quot;,&quot;type&quot;:&quot;cta&quot;}}\" target=\"_blank\">Mon Actu<\/a>.<\/p>\n","protected":false},"excerpt":{"rendered":"Par David Saint-Sernin Publi\u00e9 le 22 nov. 2025 \u00e0 6h42 Chaque ann\u00e9e en France, 2\u2009300 nouveaux cas de&hellip;\n","protected":false},"author":2,"featured_media":552595,"comment_status":"","ping_status":"","sticky":false,"template":"","format":"standard","meta":{"footnotes":""},"categories":[2816],"tags":[1111,11,101,1777,674,1011,27,226,12,2680,25,71,104,2312],"class_list":{"0":"post-552594","1":"post","2":"type-post","3":"status-publish","4":"format-standard","5":"has-post-thumbnail","7":"category-toulouse","8":"tag-actu","9":"tag-actualites","10":"tag-cancer","11":"tag-eu","12":"tag-europe","13":"tag-fr","14":"tag-france","15":"tag-maladie","16":"tag-news","17":"tag-occitanie","18":"tag-republique-francaise","19":"tag-sante","20":"tag-societe","21":"tag-toulouse"},"share_on_mastodon":{"url":"https:\/\/pubeurope.com\/@fr\/115596916487664981","error":""},"_links":{"self":[{"href":"https:\/\/www.europesays.com\/fr\/wp-json\/wp\/v2\/posts\/552594","targetHints":{"allow":["GET"]}}],"collection":[{"href":"https:\/\/www.europesays.com\/fr\/wp-json\/wp\/v2\/posts"}],"about":[{"href":"https:\/\/www.europesays.com\/fr\/wp-json\/wp\/v2\/types\/post"}],"author":[{"embeddable":true,"href":"https:\/\/www.europesays.com\/fr\/wp-json\/wp\/v2\/users\/2"}],"replies":[{"embeddable":true,"href":"https:\/\/www.europesays.com\/fr\/wp-json\/wp\/v2\/comments?post=552594"}],"version-history":[{"count":0,"href":"https:\/\/www.europesays.com\/fr\/wp-json\/wp\/v2\/posts\/552594\/revisions"}],"wp:featuredmedia":[{"embeddable":true,"href":"https:\/\/www.europesays.com\/fr\/wp-json\/wp\/v2\/media\/552595"}],"wp:attachment":[{"href":"https:\/\/www.europesays.com\/fr\/wp-json\/wp\/v2\/media?parent=552594"}],"wp:term":[{"taxonomy":"category","embeddable":true,"href":"https:\/\/www.europesays.com\/fr\/wp-json\/wp\/v2\/categories?post=552594"},{"taxonomy":"post_tag","embeddable":true,"href":"https:\/\/www.europesays.com\/fr\/wp-json\/wp\/v2\/tags?post=552594"}],"curies":[{"name":"wp","href":"https:\/\/api.w.org\/{rel}","templated":true}]}}