{"id":552608,"date":"2025-11-23T03:44:26","date_gmt":"2025-11-23T03:44:26","guid":{"rendered":"https:\/\/www.europesays.com\/fr\/552608\/"},"modified":"2025-11-23T03:44:26","modified_gmt":"2025-11-23T03:44:26","slug":"14-departements-dont-ceux-de-lile-de-france-en-vigilance-orange-dimanche","status":"publish","type":"post","link":"https:\/\/www.europesays.com\/fr\/552608\/","title":{"rendered":"14 d\u00e9partements, dont ceux de l&rsquo;\u00cele-de-France, en vigilance orange dimanche"},"content":{"rendered":"<p>La capitale fran\u00e7aise devrait se couvrir d&rsquo;un manteau blanc d&rsquo;ici peu. Les huit d\u00e9partements d&rsquo;\u00cele-de-France et une partie du Massif central seront en vigilance orange neige\/verglas dans la nuit de samedi \u00e0 dimanche. M\u00e9t\u00e9o-France s&rsquo;attend \u00e0 des\u00a0<a href=\"https:\/\/www.ledauphine.com\/environnement\/2025\/11\/20\/un-reveil-sous-la-neige-dans-l-est-de-la-france-et-en-belgique\" target=\"_blank\" rel=\"noopener\">chutes de neige<\/a> dans la soir\u00e9e sur l&rsquo;ensemble de la r\u00e9gion \u00cele-de-France, pour ce premier \u00e9pisode de froid de la saison. La vigilance orange s&rsquo;applique \u00e0 partir de 20 heures jusqu&rsquo;\u00e0 dimanche matin, 8 heures. L&rsquo;organisme de pr\u00e9visions m\u00e9t\u00e9orologiques a \u00e9galement plac\u00e9 six autres d\u00e9partements en vigilance orange neige\/verglas \u00e0 partir de 3 heures dimanche\u00a0: Aveyron, Cantal, Corr\u00e8ze, Creuse, Haute-Vienne et Puy-de-D\u00f4me.<\/p>\n<p>\u00ab\u00a0\u00c0\u00a0partir du milieu de nuit de samedi \u00e0 dimanche et jusqu&rsquo;en fin de nuit, des pluies vergla\u00e7antes, en faibles quantit\u00e9s, sont pr\u00e9vues sur une partie du Massif central. Elles pourront y rendre les sols particuli\u00e8rement glissants \u00bb, pr\u00e9vient M\u00e9t\u00e9o-France. \u00ab Une perturbation pluvieuse rentre par la Bretagne \u00bb, qui \u00ab va progresser lentement vers l&rsquo;Est et [&#8230;] abordera une large bande centrale du pays \u00bb\u00a0: \u00ab\u00a0Au contact de l&rsquo;air plus froid, les pr\u00e9cipitations se feront sous forme de neige ou localement de pluies vergla\u00e7antes.\u00a0\u00bb \u00ab La tenue au sol est attendue avec 5 \u00e0 7 cm sur la moiti\u00e9 ouest de la r\u00e9gion parisienne et 2 \u00e0 5 cm sur la moiti\u00e9 est. Pour Paris et la Petite-Couronne, 1 \u00e0 2 cm de neige au sol sont attendus, \u00bb selon le site de l&rsquo;organisme, qui pr\u00e9cise que la neige devrait \u00ab fondre \u00e0 partir de la mi-journ\u00e9e \u00e0 la faveur d&rsquo;un net redoux \u00bb.<\/p>\n<p>Ce contenu est bloqu\u00e9 car vous n&rsquo;avez pas accept\u00e9 les cookies et autres traceurs.<\/p>\n<p>En cliquant sur \u00ab J\u2019accepte \u00bb, les cookies et autres traceurs seront d\u00e9pos\u00e9s et vous pourrez visualiser les contenus  (<a href=\"\" class=\"consentModule_policy\" target=\"_blank\" title=\"Consulter la politique de protection des donn\u00e9es du fournisseur\">plus d&rsquo;informations<\/a>).<\/p>\n<p>En cliquant sur \u00ab J\u2019accepte tous les cookies \u00bb, vous autorisez des d\u00e9p\u00f4ts de cookies et autres traceurs pour le stockage de vos donn\u00e9es sur nos sites et applications \u00e0 des fins de personnalisation et de ciblage publicitaire.<\/p>\n<p class=\"consentModule_secondaryText\">Vous gardez la possibilit\u00e9 de retirer votre consentement \u00e0 tout moment en consultant notre <a href=\"https:\/\/www.ledauphine.com\/protection-des-donnees\" target=\"_blank\" title=\"Consulter notre politique de protection des donn\u00e9es\" rel=\"noopener\">politique de protection des donn\u00e9es<\/a>. <br \/>&#13;<br \/>\n            <a href=\"https:\/\/www.ledauphine.com\/environnement\/2025\/11\/22\/javascript:Didomi.notice.show()\" class=\"consentModule_cmp\" target=\"_blank\" rel=\"noopener\">G\u00e9rer mes choix<\/a>&#13;\n        <\/p>\n<p>&#13;<br \/>\n                        J&rsquo;accepte&#13;<br \/>\n            J&rsquo;accepte tous les cookies&#13;\n        <\/p>\n<p>  Appel \u00e0 la \u00ab\u00a0prudence\u00a0\u00bb sur les routes<\/p>\n<p>\u00ab Les premiers \u00e9pisodes quelquefois ne sont pas pris suffisamment au s\u00e9rieux et il y a des difficult\u00e9s suite \u00e0 un manque de prudence. Nous avons donc voulu intervenir en amont pour informer \u00bb le public, a dit ce samedi le ministre, <a href=\"https:\/\/www.ledauphine.com\/p\/philippe-tabarot\" target=\"_blank\" rel=\"noopener\">Philippe Tabarot<\/a>, depuis le centre de crise r\u00e9unissant les services de M\u00e9t\u00e9o France, des Infrastructures, de l&rsquo;Aviation civile, des Routes, la Pr\u00e9fecture de police et les op\u00e9rateurs de transport. \u00ab La question principale, c&rsquo;est la question des routes \u00bb, a-t-il dit. \u00ab Les personnes ont compris que si leurs d\u00e9placements n&rsquo;\u00e9taient pas indispensables, il valait mieux les reporter. Et pour celles qui sont dans l&rsquo;obligation de se d\u00e9placer aujourd&rsquo;hui, notamment \u00e0 partir de 20 heures et jusqu&rsquo;\u00e0 demain 8 heures, on leur demande de s&rsquo;informer sur la situation du r\u00e9seau, de s&rsquo;\u00e9quiper et d&rsquo;\u00e9quiper leur v\u00e9hicule. Et puis bien s\u00fbr la prudence est le message principal que je souhaite faire passer \u00bb.<\/p>\n<p>La vitesse autoris\u00e9e sur toute l&rsquo;\u00cele-de-France sera r\u00e9duite de 20 km\/h pour tous les v\u00e9hicules, et les d\u00e9passements interdits sur les grands axes pour les poids lourds de plus de 3,5 tonnes et v\u00e9hicules de transport de personnes, a d\u00e9cid\u00e9 la pr\u00e9fecture de police. En revanche, selon le ministre, \u00ab les trains ne seront pas particuli\u00e8rement impact\u00e9s, et les r\u00e9seaux urbains et interurbains [&#8230;] sont op\u00e9r\u00e9s actuellement \u00bb. Du c\u00f4t\u00e9 des a\u00e9roports, o\u00f9 les conditions affectent la visibilit\u00e9, \u00ab il y a environ une heure de retard sur les vols de Roissy, \u00e7a risque d&rsquo;\u00eatre le cas \u00e9galement demain [dimanche], ce sont des \u00e9pisodes qui arrivent malheureusement bien souvent tout au long de l&rsquo;ann\u00e9e \u00bb. Selon Philippe Tabarot, 7 500 agents des Routes seront mobilis\u00e9s ce weekend sur toute la France.<\/p>\n","protected":false},"excerpt":{"rendered":"La capitale fran\u00e7aise devrait se couvrir d&rsquo;un manteau blanc d&rsquo;ici peu. Les huit d\u00e9partements d&rsquo;\u00cele-de-France et une partie&hellip;\n","protected":false},"author":2,"featured_media":552609,"comment_status":"","ping_status":"","sticky":false,"template":"","format":"standard","meta":{"footnotes":""},"categories":[1592],"tags":[1111,11,3542,436,1777,674,107,1011,27,329,662,8423,12,626,25],"class_list":{"0":"post-552608","1":"post","2":"type-post","3":"status-publish","4":"format-standard","5":"has-post-thumbnail","7":"category-ile-de-france","8":"tag-actu","9":"tag-actualites","10":"tag-circulation","11":"tag-environnement","12":"tag-eu","13":"tag-europe","14":"tag-fil-info","15":"tag-fr","16":"tag-france","17":"tag-france-monde","18":"tag-ile-de-france","19":"tag-meteorologie-climat","20":"tag-news","21":"tag-paris","22":"tag-republique-francaise"},"share_on_mastodon":{"url":"https:\/\/pubeurope.com\/@fr\/115596955802143406","error":""},"_links":{"self":[{"href":"https:\/\/www.europesays.com\/fr\/wp-json\/wp\/v2\/posts\/552608","targetHints":{"allow":["GET"]}}],"collection":[{"href":"https:\/\/www.europesays.com\/fr\/wp-json\/wp\/v2\/posts"}],"about":[{"href":"https:\/\/www.europesays.com\/fr\/wp-json\/wp\/v2\/types\/post"}],"author":[{"embeddable":true,"href":"https:\/\/www.europesays.com\/fr\/wp-json\/wp\/v2\/users\/2"}],"replies":[{"embeddable":true,"href":"https:\/\/www.europesays.com\/fr\/wp-json\/wp\/v2\/comments?post=552608"}],"version-history":[{"count":0,"href":"https:\/\/www.europesays.com\/fr\/wp-json\/wp\/v2\/posts\/552608\/revisions"}],"wp:featuredmedia":[{"embeddable":true,"href":"https:\/\/www.europesays.com\/fr\/wp-json\/wp\/v2\/media\/552609"}],"wp:attachment":[{"href":"https:\/\/www.europesays.com\/fr\/wp-json\/wp\/v2\/media?parent=552608"}],"wp:term":[{"taxonomy":"category","embeddable":true,"href":"https:\/\/www.europesays.com\/fr\/wp-json\/wp\/v2\/categories?post=552608"},{"taxonomy":"post_tag","embeddable":true,"href":"https:\/\/www.europesays.com\/fr\/wp-json\/wp\/v2\/tags?post=552608"}],"curies":[{"name":"wp","href":"https:\/\/api.w.org\/{rel}","templated":true}]}}