{"id":552612,"date":"2025-11-23T03:48:04","date_gmt":"2025-11-23T03:48:04","guid":{"rendered":"https:\/\/www.europesays.com\/fr\/552612\/"},"modified":"2025-11-23T03:48:04","modified_gmt":"2025-11-23T03:48:04","slug":"un-loup-solitaire-observe-aux-portes-de-paris","status":"publish","type":"post","link":"https:\/\/www.europesays.com\/fr\/552612\/","title":{"rendered":"Un loup solitaire observ\u00e9 aux portes de Paris"},"content":{"rendered":"<ul class=\"jsx-862013697 ArticleChapo__List\">\n<li class=\"jsx-862013697 ArticleChapo__List_Item flex\">Un loup a \u00e9t\u00e9 observ\u00e9 en Seine-et-Marne, mi-novembre.<\/li>\n<li class=\"jsx-862013697 ArticleChapo__List_Item flex\">Sa pr\u00e9sence a ensuite \u00e9t\u00e9 confirm\u00e9e par l&rsquo;Office fran\u00e7ais de la biodiversit\u00e9.<\/li>\n<li class=\"jsx-862013697 ArticleChapo__List_Item flex\">\u00c0 ce stade, il ne repr\u00e9sente aucune inqui\u00e9tude.<\/li>\n<\/ul>\n<p><a href=\"https:\/\/www.tf1info.fr\/emissions\/lci\/la-matinale-14333\/\" rel=\"noopener\" class=\"jsx-484472199 Link jsx-1428418400 jsx-640816507\" target=\"_blank\"><\/p>\n<p style=\"font-weight:400\" class=\"jsx-1837267516\">Suivez la couverture compl\u00e8te<\/p>\n<p style=\"font-weight:800\" class=\"jsx-1837267516\">La Matinale<\/p>\n<p><\/a><\/p>\n<p data-module=\"article-paragraph\" class=\"jsx-3046738180 Paragraph\">La pr\u00e9sence d&rsquo;un loup a \u00e9t\u00e9 observ\u00e9e \u00e0 plusieurs reprises en Seine-et-Marne. Un agriculteur est tomb\u00e9 nez \u00e0 nez avec l&rsquo;animal, le 9 novembre, sur la commune de Beton-Bazoches, o\u00f9 des empreintes ont \u00e9galement \u00e9t\u00e9 relev\u00e9es. Le 13 novembre, un \u00ab\u00a0<a href=\"https:\/\/www.tf1info.fr\/societe\/comment-faire-la-difference-entre-le-chien-et-le-loup-sans-se-tromper-2371348.html\" target=\"_blank\" rel=\"noopener\">canid\u00e9 de grande taille<\/a>\u00a0\u00bb a \u00e9t\u00e9 aper\u00e7u \u00e0 Saint-Mars-Vieux-Maison, d\u00e9taille la pr\u00e9fecture. Quelques jours plus tard, l&rsquo;Office fran\u00e7ais de la biodiversit\u00e9 (OFB), qui a effectu\u00e9 des pr\u00e9l\u00e8vements et proc\u00e9d\u00e9 \u00e0 diff\u00e9rentes constatations, le confirme : il s&rsquo;agit bel et bien d&rsquo;<a href=\"https:\/\/www.tf1info.fr\/environnement-ecologie\/pourquoi-les-eurodeputes-ont-change-le-niveau-de-protection-du-loup-espece-protegee-2369671.html\" target=\"_blank\" rel=\"noopener\">un loup<\/a>.\u00a0<\/p>\n<p data-module=\"article-paragraph\" class=\"jsx-3046738180 Paragraph Paragraph__End\">Ce n&rsquo;est pas la premi\u00e8re fois que l&rsquo;on remarque la pr\u00e9sence de ces carnassiers en \u00cele-de-France : un cadavre de loup avait \u00e9t\u00e9 retrouv\u00e9 \u00e0 Fontainebleau, en 2023. Toutefois, l&rsquo;OFB pr\u00e9cise que \u00ab\u00a0ce type d\u2019observation fortuite et isol\u00e9e peut survenir en automne\/hiver et ne permet pas d\u2019affirmer que le loup est install\u00e9 durablement en Seine-et-Marne\u00a0\u00bb. En effet, \u00ab\u00a0\u00e7a peut aussi \u00eatre des individus isol\u00e9s qui cherchent un territoire parce qu&rsquo;ils ont \u00e9t\u00e9 chass\u00e9s de la meute par un nouveau m\u00e2le dominant. Dans ces cas-l\u00e0, ils peuvent faire des centaines et des centaines de kilom\u00e8tres pour trouver un nouvel endroit o\u00f9 s&rsquo;\u00e9tablir. D&rsquo;o\u00f9 l&rsquo;expression &lsquo;loup solitaire'\u00a0\u00bb, d\u00e9veloppe Coralie Dioum, journaliste environnement de LCI.\u00a0<\/p>\n<p><a href=\"https:\/\/www.tf1info.fr\/environnement-ecologie\/tuer-des-loups-sans-y-avoir-ete-autorise-voici-ce-qui-va-changer-en-2026-pour-les-eleveurs-2396426.html\" rel=\"noopener\" class=\"jsx-3308031228 Link flex\" target=\"_blank\"><img decoding=\"async\" src=\"https:\/\/www.europesays.com\/fr\/wp-content\/uploads\/2025\/11\/loupgris-886a5e-4@1x.jpeg\" alt=\"Getty Images\/iStockphoto\" loading=\"lazy\" importance=\"low\" fetchpriority=\"low\" class=\"\" aria-hidden=\"true\"\/><\/p>\n<p class=\"jsx-3657663356 ReadMoreArticle__Title\">Lire aussi<\/p>\n<p class=\"jsx-3657663356\">Tuer des loups sans y avoir \u00e9t\u00e9 autoris\u00e9 : voici ce qui va changer en 2026 pour les \u00e9leveurs<\/p>\n<p><\/a><\/p>\n<p data-module=\"article-paragraph\" class=\"jsx-3046738180 Paragraph\">En outre, \u00ab\u00a0il convient, \u00e0 ce stade, de rappeler que le loup est une esp\u00e8ce prot\u00e9g\u00e9e et qu\u2019aucune <a href=\"https:\/\/www.tf1info.fr\/environnement-ecologie\/brebis-tuees-par-des-loups-ces-benevoles-qui-dorment-avec-les-troupeaux-pour-les-proteger-2387530.html\" target=\"_blank\" rel=\"noopener\">attaque de troupeau<\/a> n\u2019a \u00e9t\u00e9 signal\u00e9e dans notre d\u00e9partement\u00a0\u00bb, pr\u00e9cise la pr\u00e9fecture. La chambre d&rsquo;agriculture d&rsquo;\u00cele-de-France a, de son c\u00f4t\u00e9, indiqu\u00e9 que la Seine-et-Marne restera class\u00e9e en cerclage de niveau 3 en 2026. Cela signifie que \u00ab\u00a0la pr\u00e9dation du loup est possible \u00e0 moyen terme\u00a0\u00bb.\u00a0<\/p>\n<p data-module=\"article-paragraph\" class=\"jsx-3046738180 Paragraph Paragraph__End\">L&rsquo;OFB estime qu&rsquo;il y a 1.013 loups pr\u00e9sents en France. La plupart se sont install\u00e9s dans les Alpes, le Massif central, le Jura et les Pyr\u00e9n\u00e9es. Bien que sur la liste rouge des esp\u00e8ces menac\u00e9es, le loup gris est au c\u0153ur de nombreux d\u00e9bats, notamment concernant les \u00e9leveurs qui s&rsquo;inqui\u00e8tent pour leurs b\u00eates.<\/p>\n<p>Emma ALLAMAND<\/p>\n","protected":false},"excerpt":{"rendered":"Un loup a \u00e9t\u00e9 observ\u00e9 en Seine-et-Marne, mi-novembre. Sa pr\u00e9sence a ensuite \u00e9t\u00e9 confirm\u00e9e par l&rsquo;Office fran\u00e7ais de&hellip;\n","protected":false},"author":2,"featured_media":552613,"comment_status":"","ping_status":"","sticky":false,"template":"","format":"standard","meta":{"footnotes":""},"categories":[1888],"tags":[1111,1928,11,1927,1867,1921,1777,674,1011,27,1922,6225,11601,12,1926,626,1925,25,133,5737],"class_list":{"0":"post-552612","1":"post","2":"type-post","3":"status-publish","4":"format-standard","5":"has-post-thumbnail","7":"category-paris","8":"tag-actu","9":"tag-actu-paris","10":"tag-actualites","11":"tag-actualites-paris","12":"tag-animaux","13":"tag-article-video","14":"tag-eu","15":"tag-europe","16":"tag-fr","17":"tag-france","18":"tag-info","19":"tag-la-matinale","20":"tag-nature-et-animaux","21":"tag-news","22":"tag-news-paris","23":"tag-paris","24":"tag-paris-news","25":"tag-republique-francaise","26":"tag-video","27":"tag-video-environnement"},"share_on_mastodon":{"url":"https:\/\/pubeurope.com\/@fr\/115596972735682845","error":""},"_links":{"self":[{"href":"https:\/\/www.europesays.com\/fr\/wp-json\/wp\/v2\/posts\/552612","targetHints":{"allow":["GET"]}}],"collection":[{"href":"https:\/\/www.europesays.com\/fr\/wp-json\/wp\/v2\/posts"}],"about":[{"href":"https:\/\/www.europesays.com\/fr\/wp-json\/wp\/v2\/types\/post"}],"author":[{"embeddable":true,"href":"https:\/\/www.europesays.com\/fr\/wp-json\/wp\/v2\/users\/2"}],"replies":[{"embeddable":true,"href":"https:\/\/www.europesays.com\/fr\/wp-json\/wp\/v2\/comments?post=552612"}],"version-history":[{"count":0,"href":"https:\/\/www.europesays.com\/fr\/wp-json\/wp\/v2\/posts\/552612\/revisions"}],"wp:featuredmedia":[{"embeddable":true,"href":"https:\/\/www.europesays.com\/fr\/wp-json\/wp\/v2\/media\/552613"}],"wp:attachment":[{"href":"https:\/\/www.europesays.com\/fr\/wp-json\/wp\/v2\/media?parent=552612"}],"wp:term":[{"taxonomy":"category","embeddable":true,"href":"https:\/\/www.europesays.com\/fr\/wp-json\/wp\/v2\/categories?post=552612"},{"taxonomy":"post_tag","embeddable":true,"href":"https:\/\/www.europesays.com\/fr\/wp-json\/wp\/v2\/tags?post=552612"}],"curies":[{"name":"wp","href":"https:\/\/api.w.org\/{rel}","templated":true}]}}