{"id":552618,"date":"2025-11-23T03:54:34","date_gmt":"2025-11-23T03:54:34","guid":{"rendered":"https:\/\/www.europesays.com\/fr\/552618\/"},"modified":"2025-11-23T03:54:34","modified_gmt":"2025-11-23T03:54:34","slug":"ukraine-etats-unis-et-russie-les-enjeux-caches-du-futur-accord-de-paix-discute-en-suisse","status":"publish","type":"post","link":"https:\/\/www.europesays.com\/fr\/552618\/","title":{"rendered":"Ukraine, \u00c9tats-Unis et Russie : Les enjeux cach\u00e9s du futur accord de paix discut\u00e9 en Suisse"},"content":{"rendered":"<p>        <a class=\"Link \" href=\"https:\/\/www.lopinion.fr\/international\/apres-lincendie-a-la-cop30-un-dernier-jour-sur-fond-de-tensions-au-sujet-des-energies-fossiles\" data-cms-ai=\"0\" rel=\"nofollow noopener\" target=\"_blank\">Apr\u00e8s l&rsquo;incendie \u00e0 la COP30, un dernier jour sur fond de tensions au sujet des \u00e9nergies fossiles<\/a><\/p>\n<p>l&rsquo;Opinion (avec AFP)<\/p>\n<p>Bel\u00e9m &#8211; Un incendie a boulevers\u00e9 la derni\u00e8re ligne droite des n\u00e9gociations climatiques de la COP30 au Br\u00e9sil, privant les d\u00e9l\u00e9gu\u00e9s de pr\u00e9cieuses heures pour forger un compromis sur la finance et les \u00e9nergies fossiles avant la fin pr\u00e9vue vendredi soir. Le site \u00e0 Belem a \u00e9t\u00e9 ferm\u00e9 pendant pr\u00e8s de sept heures jeudi, for\u00e7ant les n\u00e9gociateurs \u00e0 interrompre leurs travaux et \u00e0 rentrer dans leurs h\u00f4tels. Il n\u2019a rouvert que dans la soir\u00e9e, apr\u00e8s une inspection des pompiers. Les n\u00e9gociations, d\u00e9j\u00e0 mal engag\u00e9es jeudi au lever du jour, ne reprendront pleinement que vendredi matin. C\u2019est le troisi\u00e8me incident perturbant la conf\u00e9rence de l\u2019ONU, d\u00e9marr\u00e9e la semaine derni\u00e8re dans cette ville d\u2019Amazonie br\u00e9silienne. Une incursion de manifestants indig\u00e8nes, puis le blocage de l\u2019entr\u00e9e, avaient d\u00e9j\u00e0 d\u00e9sorganis\u00e9 les travaux du sommet, organis\u00e9 par le Br\u00e9sil avec l\u2019ONU. Le feu a \u00e9clat\u00e9 vers 14H00 heure locale (17H00 GMT) en plein coeur du site temporaire \u00e9rig\u00e9 au Parque da Cidade, constitu\u00e9 d\u2019immenses tentes climatis\u00e9es. \u00abAu feu! Sortez!\u00bb criaient des participants affol\u00e9s en courant vers les sorties. En quelques minutes, la fum\u00e9e a envahi la zone et les hautes flammes ont consum\u00e9 une partie du toit dans le secteur des stands nationaux, ont constat\u00e9 des journalistes de l\u2019AFP. Le pavillon de la communaut\u00e9 d\u2019Afrique de l\u2019Est est l\u2019un de ceux d\u00e9truits par le feu. Le secteur des pavillons nationaux est ferm\u00e9, a constat\u00e9 un journaliste de l\u2019AFP. Des agents avec extincteurs puis des pompiers ont \u00e9teint l\u2019incendie en six minutes, selon la pr\u00e9sidence br\u00e9silienne de la conf\u00e9rence et l\u2019ONU Climat. Dix-neuf personnes ont \u00e9t\u00e9 trait\u00e9es par les secours \u00e0 cause des fum\u00e9es, et deux pour des crises d\u2019anxi\u00e9t\u00e9, selon le minist\u00e8re de la Sant\u00e9. Neuf d\u2019entre elles restaient prises en charge dans la soir\u00e9e. Aucune alarme n\u2019a retenti, si bien que l&rsquo;\u00e9vacuation du tr\u00e8s grand site a \u00e9t\u00e9 men\u00e9e par des agents de s\u00e9curit\u00e9 dans un certain d\u00e9sordre. \u00abD\u00e9tresse \u00e9motionnelle\u00bb \u00abLes difficult\u00e9s op\u00e9rationnelles juste avant le d\u00e9marrage de la COP pouvaient laisser penser que ce type d\u2019incident puisse se produire\u00bb, a confi\u00e9 \u00e0 l\u2019AFP une source proche de l\u2019organisation, sous couvert d\u2019anonymat. Le patron de l\u2019ONU Climat, Simon Stiell, s&rsquo;\u00e9tait plaint dans une lettre aux Br\u00e9siliens, au d\u00e9but de la conf\u00e9rence, de probl\u00e8mes de s\u00e9curit\u00e9, de climatisation et de fuites d\u2019eau. \u00abCela aurait pu arriver n\u2019importe o\u00f9 dans le monde\u00bb, s\u2019est d\u00e9fendu Celso Sabino, ministre br\u00e9silien du Tourisme, sur place. Mais de multiples participants ont signal\u00e9 des probl\u00e8mes de syst\u00e8mes de c\u00e2blages \u00e9lectriques ces derniers jours. L\u2019AFP a constat\u00e9 dans son propre espace de travail des fuites d\u2019eau venant du plafond pendant les fortes pluies tropicales quotidiennes. Il y a eu \u00abdes personnes en \u00e9tat de d\u00e9tresse \u00e9motionnelle et de choc\u00bb, a t\u00e9moign\u00e9 Kimberly Humphrey, sp\u00e9cialiste en m\u00e9decine d\u2019urgence, participant \u00e0 la COP avec Doctors for the Environment Australia. Tout retarder La pr\u00e9sidence br\u00e9silienne de la conf\u00e9rence, d\u00e9j\u00e0 en retard sur son calendrier, devait publier jeudi un projet d\u2019accord pour les 194 pays et l\u2019Union europ\u00e9enne membres de l\u2019accord de Paris, pour une adoption par consensus, toujours une \u00e9preuve. A l\u2019ext\u00e9rieur, la frustration des participants qui esp\u00e9raient envoyer un signal fort sur la coop\u00e9ration climatique est palpable. \u00abCela va retarder le processus\u00bb alors que c\u2019est le \u00abmoment crucial\u00bb o\u00f9 \u00abl\u2019on doit prendre des d\u00e9cisions\u00bb, a dit \u00e0 l\u2019AFP Windyo Laksono, un d\u00e9l\u00e9gu\u00e9 indon\u00e9sien. Blocages sur les fossiles L\u2019UE a tenu sa r\u00e9union de coordination en visioconf\u00e9rence. \u00abLa situation est volatile. On attendait des nouvelles de la pr\u00e9sidence en d\u00e9but d\u2019apr\u00e8s midi, l\u00e0 c\u2019est compliqu\u00e9 pour eux, ils faut qu\u2019ils relancent un processus clair et propre\u00bb, confie un n\u00e9gociateur d\u2019un pays d\u00e9velopp\u00e9. L\u2019un des sujets les plus conflictuels est l\u2019id\u00e9e de cr\u00e9er une \u00abfeuille de route\u00bb pour acc\u00e9l\u00e9rer la sortie du p\u00e9trole, du charbon et du gaz, largement responsables du r\u00e9chauffement, afin d\u2019aller plus loin que l\u2019engagement \u00e0 une sortie progressive des \u00e9nergies fossiles pris \u00e0 la COP28 il y a deux ans. Le pr\u00e9sident br\u00e9silien Lula l\u2019a remise au centre du jeu mercredi lors de sa visite \u00e0 Belem. Mais selon un n\u00e9gociateur qui souhaite rester anonyme, la Chine, l\u2019Inde, l\u2019Arabie saoudite, le Nigeria et le Russie s\u2019y sont fermement oppos\u00e9s. Et cette \u00abfeuille de route\u00bb ne figurait pas dans une \u00e9bauche d\u2019accord propos\u00e9e par les Br\u00e9siliens aux d\u00e9l\u00e9gations jeudi, et obtenue par l\u2019AFP. Julien MIVIELLE \u00a9 Agence France-Presse<\/p>\n","protected":false},"excerpt":{"rendered":"Apr\u00e8s l&rsquo;incendie \u00e0 la COP30, un dernier jour sur fond de tensions au sujet des \u00e9nergies fossiles l&rsquo;Opinion&hellip;\n","protected":false},"author":2,"featured_media":552619,"comment_status":"","ping_status":"","sticky":false,"template":"","format":"standard","meta":{"footnotes":""},"categories":[1591],"tags":[11,1887,12,1885,1886,132],"class_list":{"0":"post-552618","1":"post","2":"type-post","3":"status-publish","4":"format-standard","5":"has-post-thumbnail","7":"category-russie","8":"tag-actualites","9":"tag-federation-de-russie","10":"tag-news","11":"tag-russia","12":"tag-russian-federation","13":"tag-russie"},"share_on_mastodon":{"url":"https:\/\/pubeurope.com\/@fr\/115596995040824028","error":""},"_links":{"self":[{"href":"https:\/\/www.europesays.com\/fr\/wp-json\/wp\/v2\/posts\/552618","targetHints":{"allow":["GET"]}}],"collection":[{"href":"https:\/\/www.europesays.com\/fr\/wp-json\/wp\/v2\/posts"}],"about":[{"href":"https:\/\/www.europesays.com\/fr\/wp-json\/wp\/v2\/types\/post"}],"author":[{"embeddable":true,"href":"https:\/\/www.europesays.com\/fr\/wp-json\/wp\/v2\/users\/2"}],"replies":[{"embeddable":true,"href":"https:\/\/www.europesays.com\/fr\/wp-json\/wp\/v2\/comments?post=552618"}],"version-history":[{"count":0,"href":"https:\/\/www.europesays.com\/fr\/wp-json\/wp\/v2\/posts\/552618\/revisions"}],"wp:featuredmedia":[{"embeddable":true,"href":"https:\/\/www.europesays.com\/fr\/wp-json\/wp\/v2\/media\/552619"}],"wp:attachment":[{"href":"https:\/\/www.europesays.com\/fr\/wp-json\/wp\/v2\/media?parent=552618"}],"wp:term":[{"taxonomy":"category","embeddable":true,"href":"https:\/\/www.europesays.com\/fr\/wp-json\/wp\/v2\/categories?post=552618"},{"taxonomy":"post_tag","embeddable":true,"href":"https:\/\/www.europesays.com\/fr\/wp-json\/wp\/v2\/tags?post=552618"}],"curies":[{"name":"wp","href":"https:\/\/api.w.org\/{rel}","templated":true}]}}