{"id":552624,"date":"2025-11-23T03:58:23","date_gmt":"2025-11-23T03:58:23","guid":{"rendered":"https:\/\/www.europesays.com\/fr\/552624\/"},"modified":"2025-11-23T03:58:23","modified_gmt":"2025-11-23T03:58:23","slug":"aide-internationale-au-vietnam-pour-son-relevement-apres-les-catastrophes-naturelles","status":"publish","type":"post","link":"https:\/\/www.europesays.com\/fr\/552624\/","title":{"rendered":"Aide internationale au Vietnam pour son rel\u00e8vement apr\u00e8s les catastrophes naturelles"},"content":{"rendered":"<p>&#13;<br \/>\n                        Aide internationale au Vietnam pour son rel\u00e8vement apr\u00e8s les catastrophes naturelles&#13;\n                    <\/p>\n<p style=\"text-align:\">Plusieurs pays tels que le Royaume-Uni, la R\u00e9publique de Cor\u00e9e et la Nouvelle-Z\u00e9lande, ainsi que des organisations internationales comme l\u2019Organisation internationale pour les migrations (OIM) et le Fonds des Nations unies pour l\u2019enfance (UNICEF), ont annonc\u00e9 leur soutien au Vietnam afin de faire face aux graves dommages provoqu\u00e9s par les temp\u00eates et les inondations prolong\u00e9es, particuli\u00e8rement dans le Centre du pays.<\/p>\n<p><a href=\"https:\/\/lecourrier.vn\/inondations-reception-de-laide-durgence-japonaise-en-faveur-des-populations-sinistrees\/1292858.html\" title=\"Inondations : r\u00e9ception de l\u2019aide d\u2019urgence japonaise en faveur des populations sinistr\u00e9es\" target=\"_blank\" rel=\"noopener\">&gt;&gt; Inondations : r\u00e9ception de l\u2019aide d\u2019urgence japonaise en faveur des populations sinistr\u00e9es<\/a><\/p>\n<p><a href=\"https:\/\/lecourrier.vn\/le-premier-ministre-ordonne-une-mobilisation-urgente-face-aux-inondations-au-centre\/1295788.html\" title=\"Le Premier ministre ordonne une mobilisation urgente face aux inondations au Centre\" target=\"_blank\" rel=\"noopener\">&gt;&gt; Le Premier ministre ordonne une mobilisation urgente face aux inondations au Centre<\/a><\/p>\n<p><a href=\"https:\/\/lecourrier.vn\/gia-lai-un-elan-de-solidarite-face-aux-inondations-historiques\/1295808.html\" title=\"Gia Lai : un \u00e9lan de solidarit\u00e9 face aux inondations historiques\" target=\"_blank\" rel=\"noopener\">&gt;&gt; Gia Lai : un \u00e9lan de solidarit\u00e9 face aux inondations historiques<\/a><\/p>\n<p><a href=\"https:\/\/lecourrier.vn\/inondations-le-trafic-ferroviaire-nord-sud-paralyse-de-nouvelles-annulations-annoncees\/1295846.html\" title=\"Inondations : le trafic ferroviaire Nord-Sud paralys\u00e9, de nouvelles annulations annonc\u00e9es\" target=\"_blank\" rel=\"noopener\">&gt;&gt; Inondations : le trafic ferroviaire Nord-Sud paralys\u00e9, de nouvelles annulations annonc\u00e9es<\/a><\/p>\n<p><a href=\"https:\/\/lecourrier.vn\/plus-de-112-milliards-de-dongs-collectes-pour-soutenir-les-sinistres-des-inondations\/1295871.html\" title=\"Plus de 112 milliards de d\u00f4ngs collect\u00e9s pour soutenir les sinistr\u00e9s des inondations\" target=\"_blank\" rel=\"noopener\">&gt;&gt; Plus de 112 milliards de d\u00f4ngs collect\u00e9s pour soutenir les sinistr\u00e9s des inondations<\/a><\/p>\n<tr>\n<td class=\"pic\"><img decoding=\"async\" class=\"lazyload\" src=\"https:\/\/www.europesays.com\/fr\/wp-content\/uploads\/2025\/11\/163938-vna_potal_dak_lak_tiep_tuc_ung_cuu_tiep_te_luong_thuc_cho_nguoi_dan_vung_lu_8423229.jpeg\" alt=\"\"\/><\/td>\n<\/tr>\n<tr>\n<td class=\"caption\">\u00c9vacuation des habitants des zones isol\u00e9es de la province de Dak Lak.<\/td>\n<\/tr>\n<tr align=\"right\">\n<td class=\"author\">Photo : VNA\/CVN<\/td>\n<\/tr>\n<p style=\"text-align:left\">Le 21 novembre, le gouvernement sud-cor\u00e9en a annonc\u00e9 une aide d\u2019urgence d\u2019un montant d\u2019un million de dollars. Cette aide est mise en \u0153uvre par l\u2019interm\u00e9diaire de l\u2019OIM au Vietnam.<\/p>\n<p style=\"text-align:left\">L\u2019aide de la R\u00e9publique de Cor\u00e9e se concentre sur le soutien aux populations contraintes de se d\u00e9placer temporairement, d\u2019\u00eatre \u00e9vacu\u00e9es, ainsi qu\u2019aux communaut\u00e9s touch\u00e9es par les violentes typhons Bualoi et Matmo qui ont ravag\u00e9 le Nord du Vietnam depuis la fin septembre 2025.<\/p>\n<p style=\"text-align:left\">Selon Mme Kendra Rinas, cheffe de mission de l\u2019OIM au Vietnam, l\u2019OIM d\u00e9ploie un plan de r\u00e9ponse et de rel\u00e8vement en deux phases. Phase d\u2019urgence : soutien aux m\u00e9nages pour r\u00e9pondre \u00e0 leurs besoins essentiels sous forme d\u2019aides financi\u00e8res polyvalentes. Phase de rel\u00e8vement pr\u00e9coce : appui \u00e0 la r\u00e9paration et \u00e0 la construction de logements gr\u00e2ce \u00e0 des sessions de formation sur les habitations s\u00fbres et r\u00e9silientes face au changement climatique, et des aides financi\u00e8res conditionnelles.<\/p>\n<tr>\n<td class=\"pic\"><img decoding=\"async\" class=\"lazyload\" src=\"https:\/\/www.europesays.com\/fr\/wp-content\/uploads\/2025\/11\/194053-cuu-tro-2.jpg\" alt=\"\"\/><\/td>\n<\/tr>\n<tr>\n<td class=\"caption\">Distribution de vivres aux sinistr\u00e9s de la commune de Hoa Thinh, dans la province de Dak Lak.<\/td>\n<\/tr>\n<tr align=\"right\">\n<td class=\"author\">Photo : VNA\/CVN<\/td>\n<\/tr>\n<p style=\"text-align:left\">Toujours le 21 novembre, l\u2019ambassade du Royaume-Uni a annonc\u00e9 que le gouvernement britannique venait de d\u00e9bloquer une aide suppl\u00e9mentaire de 300.000 livres sterling pour soutenir les op\u00e9rations humanitaires au Centre du Vietnam. Cette aide, ajout\u00e9e aux 500.000 livres sterling accord\u00e9es en octobre 2025, porte le total du soutien d\u2019urgence britannique cette ann\u00e9e \u00e0 800.000 livres sterling.<\/p>\n<p style=\"text-align:left\">Cette aide fait partie du paquet d\u2019assistance du Royaume-Uni destin\u00e9 au Vietnam et aux Philippines, deux pays de l\u2019ASEAN lourdement frapp\u00e9s par de r\u00e9cents typhons.<\/p>\n<p style=\"text-align:left\">Le nouveau financement sera mis en \u0153uvre par l\u2019interm\u00e9diaire de l\u2019UNICEF, en coordination \u00e9troite avec le D\u00e9partement vietnamien de gestion des digues et de pr\u00e9vention des catastrophes. Il vise \u00e0 fournir des secours d\u2019urgence dans la province de Gia Lai, incluant : aides financi\u00e8res, eau potable et articles d\u2019hygi\u00e8ne.<\/p>\n<p style=\"text-align:left\">L\u2019ambassadeur britannique au Vietnam, Iain Frew, a soulign\u00e9 qu\u2019en tant que partenaire strat\u00e9gique global et membre du Partenariat pour la r\u00e9duction des risques de catastrophe au Vietnam, le Royaume-Uni est pr\u00eat \u00e0 coop\u00e9rer \u00e9troitement pour r\u00e9pondre aux besoins urgents et contribuer au renforcement de la r\u00e9silience climatique et de l\u2019adaptation \u00e0 long terme.<\/p>\n<tr>\n<td class=\"pic\"><img decoding=\"async\" class=\"lazyload\" src=\"https:\/\/www.europesays.com\/fr\/wp-content\/uploads\/2025\/11\/194147-cuu-tro.jpg\" alt=\"\"\/><\/td>\n<\/tr>\n<tr>\n<td class=\"caption\">Acheminement de nourriture et de produits de premi\u00e8re n\u00e9cessit\u00e9 par les autorit\u00e9s de Gia Lai vers les zones inond\u00e9es.<\/td>\n<\/tr>\n<tr align=\"right\">\n<td class=\"author\">Photo : VNA\/CVN<\/td>\n<\/tr>\n<p style=\"text-align:left\">Auparavant, le 17 novembre, l\u2019ambassade des \u00c9tats-Unis \u00e0 Hano\u00ef avait annonc\u00e9 que les \u00c9tats-Unis apporteraient une aide d\u2019urgence de 500.000 dollars pour soutenir le Vietnam dans le rel\u00e8vement apr\u00e8s les temp\u00eates Fengshen et Kalmaegi.<\/p>\n<p style=\"text-align:left\">L\u2019aide vise \u00e0 accompagner les familles et communaut\u00e9s les plus touch\u00e9es en leur garantissant des besoins essentiels tels que des abris temporaires et de l\u2019eau potable. Cette somme s\u2019ajoute au financement de 500.000 dollars accord\u00e9 en octobre 2025 pour aider le Vietnam \u00e0 faire face aux typhons.<\/p>\n<p style=\"text-align:left\">Le 13 novembre, le gouvernement n\u00e9o-z\u00e9landais a annonc\u00e9 une aide humanitaire d\u2019un montant d\u2019un million de dollars n\u00e9o-z\u00e9landais. Cette aide sera distribu\u00e9e \u00e0 la population par l\u2019interm\u00e9diaire d\u2019organisations non gouvernementales n\u00e9o-z\u00e9landaises travaillant avec des partenaires vietnamiens, dans le cadre du programme n\u00e9o-z\u00e9landais de Partenariat pour la r\u00e9ponse aux catastrophes.<\/p>\n<p style=\"text-align:left\">L\u2019ambassadrice de Nouvelle-Z\u00e9lande au Vietnam, Caroline Beresford, a affirm\u00e9 que la Nouvelle-Z\u00e9lande, en tant que partenaire strat\u00e9gique global du Vietnam, se tenait aux c\u00f4t\u00e9s du gouvernement et du peuple vietnamien en cette p\u00e9riode difficile, dans l\u2019espoir que cette aide contribuera aux efforts d\u2019urgence et aidera les communaut\u00e9s touch\u00e9es \u00e0 reconstruire leur vie.<\/p>\n<p style=\"text-align:right\"><b>VNA\/CVN<\/b><\/p>\n","protected":false},"excerpt":{"rendered":"&#13; Aide internationale au Vietnam pour son rel\u00e8vement apr\u00e8s les catastrophes naturelles&#13; Plusieurs pays tels que le Royaume-Uni,&hellip;\n","protected":false},"author":2,"featured_media":552625,"comment_status":"","ping_status":"","sticky":false,"template":"","format":"standard","meta":{"footnotes":""},"categories":[1588],"tags":[11,51644,33409,1777,674,4458,12,473,1853,1851,1850,1852],"class_list":{"0":"post-552624","1":"post","2":"type-post","3":"status-publish","4":"format-standard","5":"has-post-thumbnail","7":"category-royaume-uni","8":"tag-actualites","9":"tag-aide-internationale","10":"tag-catastrophes-naturelles","11":"tag-eu","12":"tag-europe","13":"tag-inondation","14":"tag-news","15":"tag-royaume-uni","16":"tag-royaume-uni-de-grande-bretagne-et-dirlande-du-nord","17":"tag-uk","18":"tag-united-kingdom","19":"tag-united-kingdom-of-great-britain-and-northern-ireland"},"share_on_mastodon":{"url":"https:\/\/pubeurope.com\/@fr\/115597012870196196","error":""},"_links":{"self":[{"href":"https:\/\/www.europesays.com\/fr\/wp-json\/wp\/v2\/posts\/552624","targetHints":{"allow":["GET"]}}],"collection":[{"href":"https:\/\/www.europesays.com\/fr\/wp-json\/wp\/v2\/posts"}],"about":[{"href":"https:\/\/www.europesays.com\/fr\/wp-json\/wp\/v2\/types\/post"}],"author":[{"embeddable":true,"href":"https:\/\/www.europesays.com\/fr\/wp-json\/wp\/v2\/users\/2"}],"replies":[{"embeddable":true,"href":"https:\/\/www.europesays.com\/fr\/wp-json\/wp\/v2\/comments?post=552624"}],"version-history":[{"count":0,"href":"https:\/\/www.europesays.com\/fr\/wp-json\/wp\/v2\/posts\/552624\/revisions"}],"wp:featuredmedia":[{"embeddable":true,"href":"https:\/\/www.europesays.com\/fr\/wp-json\/wp\/v2\/media\/552625"}],"wp:attachment":[{"href":"https:\/\/www.europesays.com\/fr\/wp-json\/wp\/v2\/media?parent=552624"}],"wp:term":[{"taxonomy":"category","embeddable":true,"href":"https:\/\/www.europesays.com\/fr\/wp-json\/wp\/v2\/categories?post=552624"},{"taxonomy":"post_tag","embeddable":true,"href":"https:\/\/www.europesays.com\/fr\/wp-json\/wp\/v2\/tags?post=552624"}],"curies":[{"name":"wp","href":"https:\/\/api.w.org\/{rel}","templated":true}]}}