{"id":552627,"date":"2025-11-23T04:00:49","date_gmt":"2025-11-23T04:00:49","guid":{"rendered":"https:\/\/www.europesays.com\/fr\/552627\/"},"modified":"2025-11-23T04:00:49","modified_gmt":"2025-11-23T04:00:49","slug":"les-frelons-asiatiques-en-europe-une-invasion-silencieuse-regarder-le-documentaire-complet","status":"publish","type":"post","link":"https:\/\/www.europesays.com\/fr\/552627\/","title":{"rendered":"Les frelons asiatiques en Europe, une invasion silencieuse &#8211; Regarder le documentaire complet"},"content":{"rendered":"<p>Les frelons asiatiques prolif\u00e8rent en Europe ! Depuis 2016, ils sont m\u00eame inscrits sur la liste des esp\u00e8ces exotiques envahissantes pr\u00e9occupantes pour l\u2019UE. En plus d\u2019\u00eatre dangereux pour les humains \u00e0 cause de leurs piq\u00fbres potentiellement mortelles, ils repr\u00e9sentent une vraie menace pour la survie d\u2019autres insectes importants, comme les abeilles. L\u2019automne est la p\u00e9riode cl\u00e9 pour les traquer, car les reines sortent pour faire le plein de provisions avant d\u2019hiberner. Reportage.<\/p>\n","protected":false},"excerpt":{"rendered":"Les frelons asiatiques prolif\u00e8rent en Europe ! Depuis 2016, ils sont m\u00eame inscrits sur la liste des esp\u00e8ces&hellip;\n","protected":false},"author":2,"featured_media":552628,"comment_status":"","ping_status":"","sticky":false,"template":"","format":"standard","meta":{"footnotes":""},"categories":[1586],"tags":[11,1777,674,1011,27,12,25],"class_list":{"0":"post-552627","1":"post","2":"type-post","3":"status-publish","4":"format-standard","5":"has-post-thumbnail","7":"category-europe","8":"tag-actualites","9":"tag-eu","10":"tag-europe","11":"tag-fr","12":"tag-france","13":"tag-news","14":"tag-republique-francaise"},"share_on_mastodon":{"url":"https:\/\/pubeurope.com\/@fr\/115597022468465864","error":""},"_links":{"self":[{"href":"https:\/\/www.europesays.com\/fr\/wp-json\/wp\/v2\/posts\/552627","targetHints":{"allow":["GET"]}}],"collection":[{"href":"https:\/\/www.europesays.com\/fr\/wp-json\/wp\/v2\/posts"}],"about":[{"href":"https:\/\/www.europesays.com\/fr\/wp-json\/wp\/v2\/types\/post"}],"author":[{"embeddable":true,"href":"https:\/\/www.europesays.com\/fr\/wp-json\/wp\/v2\/users\/2"}],"replies":[{"embeddable":true,"href":"https:\/\/www.europesays.com\/fr\/wp-json\/wp\/v2\/comments?post=552627"}],"version-history":[{"count":0,"href":"https:\/\/www.europesays.com\/fr\/wp-json\/wp\/v2\/posts\/552627\/revisions"}],"wp:featuredmedia":[{"embeddable":true,"href":"https:\/\/www.europesays.com\/fr\/wp-json\/wp\/v2\/media\/552628"}],"wp:attachment":[{"href":"https:\/\/www.europesays.com\/fr\/wp-json\/wp\/v2\/media?parent=552627"}],"wp:term":[{"taxonomy":"category","embeddable":true,"href":"https:\/\/www.europesays.com\/fr\/wp-json\/wp\/v2\/categories?post=552627"},{"taxonomy":"post_tag","embeddable":true,"href":"https:\/\/www.europesays.com\/fr\/wp-json\/wp\/v2\/tags?post=552627"}],"curies":[{"name":"wp","href":"https:\/\/api.w.org\/{rel}","templated":true}]}}