{"id":552633,"date":"2025-11-23T04:04:20","date_gmt":"2025-11-23T04:04:20","guid":{"rendered":"https:\/\/www.europesays.com\/fr\/552633\/"},"modified":"2025-11-23T04:04:20","modified_gmt":"2025-11-23T04:04:20","slug":"malcolm-marx-sacre-meilleur-joueur-du-monde-de-lannee-2025-lequipe","status":"publish","type":"post","link":"https:\/\/www.europesays.com\/fr\/552633\/","title":{"rendered":"Malcolm Marx sacr\u00e9 meilleur joueur du monde de l&#039;ann\u00e9e 2025 &#8211; L&#039;\u00c9quipe"},"content":{"rendered":"<ol>\n<li><a href=\"https:\/\/news.google.com\/rss\/articles\/CBMiqwFBVV95cUxNTFpRNlJkZUhBbHVOYjRjWkhfQXFhTi0teWFBQjhrMEo1a01hNVlia2RwdHlGNDVLNzZOczR2N0VFUWUzWWhRVUVFSEJ1ZnU5ZkRQOWFwcE1zVkNicTlBVFpzUWN3Q3dOaE1xNmRhQ0ZYR0N3UWJId0YyNGY3SXc5NUJ2TVhKUE9udDhTVGJEVzQ2R1RxckR3aUZ5cE1lSHVvVU8yQ0hSVjdLQzQ?oc=5\" target=\"_blank\" rel=\"nofollow noopener\">Malcolm Marx sacr\u00e9 meilleur joueur du monde de l&rsquo;ann\u00e9e 2025<\/a>&nbsp;&nbsp;L&rsquo;\u00c9quipe<\/li>\n<li><a href=\"https:\/\/news.google.com\/rss\/articles\/CBMi2wFBVV95cUxQRURPd19fNk0xOXc1SDRqekxOTnIxLWE5LUZvRmptMEhLdWhsLWRGOGxhVG4xcE80dzJvZEZpZGJmYm43MU05SXhsc3hsWFlzZFU4bmxLVC02Mk9zRm5YNlZZQnRNdktMV2RPS3owZnNreGFiUzY0Unl4cXpiYXVISENDcXg0T3FhSFRlZVI4UDc1YkRqMkw0dzNsaGlqdkJBMXJmQmkwRnNXaFhnUXdMZjUxMW9fOGlyREE2VkFqZ2NhM09heWZxQXhNUW5ucVZ0LXpzNmZxczZiYjDSAdoBQVVfeXFMT0ttczFRcVRkVkNYUmdZbFktMlpCd3ZZU2pEUnFRUlAtb1pZWGRrNllhMFFxeXRDWHJoTHhXX1ROdE1vd1ZsNEVCdEpxd29nUERjZ1Vhd0pDWk1kdnVDaENoRnJlR3lTM0owaElqRmJKdFg3dm9ON3hOdFdiMnZTanBwLVZseFR0RXJpa0JxYkRVRWFaN3FkSzgzRjhOaE03VDhUNWRmbjAxZ2VsTldvRy1LV2RHR2ExZlZtUm83WmV5ZzZFbzZFX3AwYXNhSnBfSFJObjlWNHVfQUE?oc=5\" target=\"_blank\" rel=\"nofollow noopener\">World Rugby Awards : Marx remporte le titre de meilleur joueur du monde : Sports &#8211; Orange<\/a>&nbsp;&nbsp;Sports &#8211; Orange<\/li>\n<li><a href=\"https:\/\/news.google.com\/rss\/articles\/CBMiggJBVV95cUxPS3FOcmptV2diN2ZvaGRDcUxQR3FsR3NsRjh1VDlPV0JjTmZTaVBoRGpiMjZtTS00VUZueW9qQnJrSEk4RmZSczZVTHEzZ283X2tma09kZFR3c2h4Z281cHE3Y1V4bzRCNmNNSkpkUVU4S3RjQ2FSUnoyN1k4NDdvX1VfQUtaSGlpOWp1RHNOcllwUVJYa3ZPbUYyU3lJc2drOVh1ZmwxcTZJX0tEZ19uTVZkTnNydmhKd01ZS2JPWTUyYldVWGNwN21NWkUtNGJzSUJRWlgtVV85Z2hraUN5TzZlRERsOE1LUzFhMElQNUJ3WWx1Y2xucFVsRWF4Rzl2Q2c?oc=5\" target=\"_blank\" rel=\"nofollow noopener\">L&rsquo;Afrique du Sud rafle tout: Malcolm Marx d\u00e9sign\u00e9 meilleur joueur de rugby du monde, d\u00e9ception pour Louis Bielle-Biarrey<\/a>&nbsp;&nbsp;RMC Sport<\/li>\n<li><a href=\"https:\/\/news.google.com\/rss\/articles\/CBMizAFBVV95cUxPSTE5RjM0UXFJYzJJZWJrTFdNdzBaeVZhRnJxaHNLYm82N0o3LWRUejdGeXNSd2Y3Q3ZiTnhTU2p0QV9NdWotYTJOeGswLWpjdEtzeDN2cXdTRnZYZFE2eG5WSmlvem5kZ0VfejI2bFJJWWVweHI5T09jaENFZzgteGdPYUQzZEEyaWk3a29uR0I0TklHYzByUGthZnFwT0lkSHc2dlUtaXNGVlFTWTF1TVpoWGd0REdjQ2NYd3NoODk5ZU1vRlBRUENFQzQ?oc=5\" target=\"_blank\" rel=\"nofollow noopener\">Un Sud-Africain \u00e9lu meilleur joueur du monde devant Bielle-Biarrey<\/a>&nbsp;&nbsp;Rugbyrama<\/li>\n<li><a href=\"https:\/\/news.google.com\/rss\/articles\/CBMigwFBVV95cUxNUXRNcnI2ZnRvVFZhWlFPMC03VUhESTJaMVNITGVIZ21RNDJMYVFKa1lXMWFhUHhodE9CclY0MFhpMm9NMWlGUThmV21sUVotenhBdlR0UjBFVmpDZzNObndlUW9ZLTJUZHhuLVBEYl9rUUktZW5xdE5lTEtIVlV4bDZaRQ?oc=5\" target=\"_blank\" rel=\"nofollow noopener\">Mauvaise nouvelle pour Bielle-Biarrey<\/a>&nbsp;&nbsp;Sports.fr<\/li>\n<\/ol>\n","protected":false},"excerpt":{"rendered":"Malcolm Marx sacr\u00e9 meilleur joueur du monde de l&rsquo;ann\u00e9e 2025&nbsp;&nbsp;L&rsquo;\u00c9quipe World Rugby Awards : Marx remporte le titre&hellip;\n","protected":false},"author":2,"featured_media":552634,"comment_status":"","ping_status":"","sticky":false,"template":"","format":"standard","meta":{"footnotes":""},"categories":[2],"tags":[11,1011,27,12,25],"class_list":{"0":"post-552633","1":"post","2":"type-post","3":"status-publish","4":"format-standard","5":"has-post-thumbnail","7":"category-actualites","8":"tag-actualites","9":"tag-fr","10":"tag-france","11":"tag-news","12":"tag-republique-francaise"},"share_on_mastodon":{"url":"https:\/\/pubeurope.com\/@fr\/115597034301942547","error":""},"_links":{"self":[{"href":"https:\/\/www.europesays.com\/fr\/wp-json\/wp\/v2\/posts\/552633","targetHints":{"allow":["GET"]}}],"collection":[{"href":"https:\/\/www.europesays.com\/fr\/wp-json\/wp\/v2\/posts"}],"about":[{"href":"https:\/\/www.europesays.com\/fr\/wp-json\/wp\/v2\/types\/post"}],"author":[{"embeddable":true,"href":"https:\/\/www.europesays.com\/fr\/wp-json\/wp\/v2\/users\/2"}],"replies":[{"embeddable":true,"href":"https:\/\/www.europesays.com\/fr\/wp-json\/wp\/v2\/comments?post=552633"}],"version-history":[{"count":0,"href":"https:\/\/www.europesays.com\/fr\/wp-json\/wp\/v2\/posts\/552633\/revisions"}],"wp:featuredmedia":[{"embeddable":true,"href":"https:\/\/www.europesays.com\/fr\/wp-json\/wp\/v2\/media\/552634"}],"wp:attachment":[{"href":"https:\/\/www.europesays.com\/fr\/wp-json\/wp\/v2\/media?parent=552633"}],"wp:term":[{"taxonomy":"category","embeddable":true,"href":"https:\/\/www.europesays.com\/fr\/wp-json\/wp\/v2\/categories?post=552633"},{"taxonomy":"post_tag","embeddable":true,"href":"https:\/\/www.europesays.com\/fr\/wp-json\/wp\/v2\/tags?post=552633"}],"curies":[{"name":"wp","href":"https:\/\/api.w.org\/{rel}","templated":true}]}}