{"id":552635,"date":"2025-11-23T04:05:28","date_gmt":"2025-11-23T04:05:28","guid":{"rendered":"https:\/\/www.europesays.com\/fr\/552635\/"},"modified":"2025-11-23T04:05:28","modified_gmt":"2025-11-23T04:05:28","slug":"le-cosma-simpose-face-au-grand-gousier-basket-en-demi-finale-inter-regionale-antilles-guyane","status":"publish","type":"post","link":"https:\/\/www.europesays.com\/fr\/552635\/","title":{"rendered":"Le Cosma s&rsquo;impose face au Grand Gousier Basket en demi-finale inter-r\u00e9gionale Antilles-Guyane"},"content":{"rendered":"<p class=\"svelte-qfpp5o first-paragraph\">Le Cosma a suivi l&rsquo;exemple des joueuses de l&rsquo;ASC Tours qui s&rsquo;\u00e9taient qualifi\u00e9es en d\u00e9but de soir\u00e9e en s&rsquo;imposant face \u00e0 la MJC des Abyme 63 \u00e0 54.<\/p>\n<p class=\"svelte-qfpp5o\">Les deux \u00e9quipes guyanaises se d\u00e9placeront en Martinique et tenteront de se qualifier pour la suite de la comp\u00e9tition. <\/p>\n<p class=\"svelte-qfpp5o\">(Re)Voir le match. Au commentaire, Sophie Donzenac, son invit\u00e9 Athys Ja\u00efr, et St\u00e9phane Edwige sur le bord du terrain<\/p>\n","protected":false},"excerpt":{"rendered":"Le Cosma a suivi l&rsquo;exemple des joueuses de l&rsquo;ASC Tours qui s&rsquo;\u00e9taient qualifi\u00e9es en d\u00e9but de soir\u00e9e en&hellip;\n","protected":false},"author":2,"featured_media":552636,"comment_status":"","ping_status":"","sticky":false,"template":"","format":"standard","meta":{"footnotes":""},"categories":[4],"tags":[11,1011,27,12,25],"class_list":{"0":"post-552635","1":"post","2":"type-post","3":"status-publish","4":"format-standard","5":"has-post-thumbnail","7":"category-france","8":"tag-actualites","9":"tag-fr","10":"tag-france","11":"tag-news","12":"tag-republique-francaise"},"share_on_mastodon":{"url":"https:\/\/pubeurope.com\/@fr\/115597038253694648","error":""},"_links":{"self":[{"href":"https:\/\/www.europesays.com\/fr\/wp-json\/wp\/v2\/posts\/552635","targetHints":{"allow":["GET"]}}],"collection":[{"href":"https:\/\/www.europesays.com\/fr\/wp-json\/wp\/v2\/posts"}],"about":[{"href":"https:\/\/www.europesays.com\/fr\/wp-json\/wp\/v2\/types\/post"}],"author":[{"embeddable":true,"href":"https:\/\/www.europesays.com\/fr\/wp-json\/wp\/v2\/users\/2"}],"replies":[{"embeddable":true,"href":"https:\/\/www.europesays.com\/fr\/wp-json\/wp\/v2\/comments?post=552635"}],"version-history":[{"count":0,"href":"https:\/\/www.europesays.com\/fr\/wp-json\/wp\/v2\/posts\/552635\/revisions"}],"wp:featuredmedia":[{"embeddable":true,"href":"https:\/\/www.europesays.com\/fr\/wp-json\/wp\/v2\/media\/552636"}],"wp:attachment":[{"href":"https:\/\/www.europesays.com\/fr\/wp-json\/wp\/v2\/media?parent=552635"}],"wp:term":[{"taxonomy":"category","embeddable":true,"href":"https:\/\/www.europesays.com\/fr\/wp-json\/wp\/v2\/categories?post=552635"},{"taxonomy":"post_tag","embeddable":true,"href":"https:\/\/www.europesays.com\/fr\/wp-json\/wp\/v2\/tags?post=552635"}],"curies":[{"name":"wp","href":"https:\/\/api.w.org\/{rel}","templated":true}]}}