{"id":552639,"date":"2025-11-23T04:09:14","date_gmt":"2025-11-23T04:09:14","guid":{"rendered":"https:\/\/www.europesays.com\/fr\/552639\/"},"modified":"2025-11-23T04:09:14","modified_gmt":"2025-11-23T04:09:14","slug":"djokovic-depasse-les-500-millions-il-brise-le-silence-sur-son-empire-financier-tennistemple","status":"publish","type":"post","link":"https:\/\/www.europesays.com\/fr\/552639\/","title":{"rendered":"Djokovic d\u00e9passe les 500 millions ? Il brise le silence sur son empire financier \u2022 TennisTemple"},"content":{"rendered":"\n<p>Pour la r\u00e9v\u00e9lation de l&rsquo;ann\u00e9e, quatre joueurs sont en lice : Valentin Vacherot, Jack Draper, Joao Fonseca et Jakub Mensik.<\/p>\n<p>En ce qui concerne le prix de la sportivit\u00e9 Stefan Edberg, Carlos Alcaraz, Casper Ruud et Grigor Dimitrov font de nouveau partie des nomm\u00e9s, en plus de F\u00e9lix Auger-Aliassime.<\/p>\n<p>Enfin, pour le titre de coach de l&rsquo;ann\u00e9e, les nomm\u00e9s sont les suivants : Benjamin Balleret (entra\u00eene&#8230;<\/p>\n<p> <a href=\"https:\/\/fr.tennistemple.com\/LaChaineTT\/post\/34500752\/pour-la-revelation-de-lannee-quatre-joueurs-sont-en-lice\/\" class=\"expand\" rel=\"nofollow noopener\" target=\"_blank\">Lire en entier<\/a> <\/p>\n","protected":false},"excerpt":{"rendered":"Pour la r\u00e9v\u00e9lation de l&rsquo;ann\u00e9e, quatre joueurs sont en lice : Valentin Vacherot, Jack Draper, Joao Fonseca et&hellip;\n","protected":false},"author":2,"featured_media":552640,"comment_status":"","ping_status":"","sticky":false,"template":"","format":"standard","meta":{"footnotes":""},"categories":[1415],"tags":[1011,27,60,1467],"class_list":{"0":"post-552639","1":"post","2":"type-post","3":"status-publish","4":"format-standard","5":"has-post-thumbnail","7":"category-tennis","8":"tag-fr","9":"tag-france","10":"tag-sports","11":"tag-tennis"},"share_on_mastodon":{"url":"https:\/\/pubeurope.com\/@fr\/115597053995997053","error":""},"_links":{"self":[{"href":"https:\/\/www.europesays.com\/fr\/wp-json\/wp\/v2\/posts\/552639","targetHints":{"allow":["GET"]}}],"collection":[{"href":"https:\/\/www.europesays.com\/fr\/wp-json\/wp\/v2\/posts"}],"about":[{"href":"https:\/\/www.europesays.com\/fr\/wp-json\/wp\/v2\/types\/post"}],"author":[{"embeddable":true,"href":"https:\/\/www.europesays.com\/fr\/wp-json\/wp\/v2\/users\/2"}],"replies":[{"embeddable":true,"href":"https:\/\/www.europesays.com\/fr\/wp-json\/wp\/v2\/comments?post=552639"}],"version-history":[{"count":0,"href":"https:\/\/www.europesays.com\/fr\/wp-json\/wp\/v2\/posts\/552639\/revisions"}],"wp:featuredmedia":[{"embeddable":true,"href":"https:\/\/www.europesays.com\/fr\/wp-json\/wp\/v2\/media\/552640"}],"wp:attachment":[{"href":"https:\/\/www.europesays.com\/fr\/wp-json\/wp\/v2\/media?parent=552639"}],"wp:term":[{"taxonomy":"category","embeddable":true,"href":"https:\/\/www.europesays.com\/fr\/wp-json\/wp\/v2\/categories?post=552639"},{"taxonomy":"post_tag","embeddable":true,"href":"https:\/\/www.europesays.com\/fr\/wp-json\/wp\/v2\/tags?post=552639"}],"curies":[{"name":"wp","href":"https:\/\/api.w.org\/{rel}","templated":true}]}}