{"id":552647,"date":"2025-11-23T04:17:46","date_gmt":"2025-11-23T04:17:46","guid":{"rendered":"https:\/\/www.europesays.com\/fr\/552647\/"},"modified":"2025-11-23T04:17:46","modified_gmt":"2025-11-23T04:17:46","slug":"fontaine-francaise-cette-habitante-a-imagine-un-concept-atypique-dans-lancienne-boulangerie-cornille","status":"publish","type":"post","link":"https:\/\/www.europesays.com\/fr\/552647\/","title":{"rendered":"Fontaine-Fran\u00e7aise. Cette habitante a imagin\u00e9 un concept atypique dans l\u2019ancienne boulangerie Cornille"},"content":{"rendered":"<p>Une id\u00e9e originale. Lundi 17\u00a0octobre, Audrey Malnoury, habitante de Fontaine-Fran\u00e7aise, est venue pr\u00e9senter un projet in\u00e9dit aux \u00e9lus locaux, en marge du conseil municipal, avec son mari Sylvain. La jeune femme de 34 ans a expliqu\u00e9 vouloir cr\u00e9er un lieu de convivialit\u00e9 dans la commune.<\/p>\n<p>Elle a imagin\u00e9 un espace interg\u00e9n\u00e9rationnel, avec un nouveau concept m\u00ealant salon de th\u00e9, ludoth\u00e8que, m\u00e9diath\u00e8que et espace de vente de produits locaux, entre&#8230;<\/p>\n","protected":false},"excerpt":{"rendered":"Une id\u00e9e originale. Lundi 17\u00a0octobre, Audrey Malnoury, habitante de Fontaine-Fran\u00e7aise, est venue pr\u00e9senter un projet in\u00e9dit aux \u00e9lus&hellip;\n","protected":false},"author":2,"featured_media":552648,"comment_status":"","ping_status":"","sticky":false,"template":"","format":"standard","meta":{"footnotes":""},"categories":[1358],"tags":[1348,1384,1385,1984,1386,58,2664,59,107,45183,45184,1011,27,316],"class_list":{"0":"post-552647","1":"post","2":"type-post","3":"status-publish","4":"format-standard","5":"has-post-thumbnail","7":"category-arts-et-design","8":"tag-arts","9":"tag-arts-and-design","10":"tag-arts-et-design","11":"tag-conseil-municipal","12":"tag-design","13":"tag-divertissement","14":"tag-edition-region-dijonnaise","15":"tag-entertainment","16":"tag-fil-info","17":"tag-fontaine-francaise","18":"tag-fontaine-francaise-bassin","19":"tag-fr","20":"tag-france","21":"tag-politique"},"share_on_mastodon":{"url":"https:\/\/pubeurope.com\/@fr\/115597085459226808","error":""},"_links":{"self":[{"href":"https:\/\/www.europesays.com\/fr\/wp-json\/wp\/v2\/posts\/552647","targetHints":{"allow":["GET"]}}],"collection":[{"href":"https:\/\/www.europesays.com\/fr\/wp-json\/wp\/v2\/posts"}],"about":[{"href":"https:\/\/www.europesays.com\/fr\/wp-json\/wp\/v2\/types\/post"}],"author":[{"embeddable":true,"href":"https:\/\/www.europesays.com\/fr\/wp-json\/wp\/v2\/users\/2"}],"replies":[{"embeddable":true,"href":"https:\/\/www.europesays.com\/fr\/wp-json\/wp\/v2\/comments?post=552647"}],"version-history":[{"count":0,"href":"https:\/\/www.europesays.com\/fr\/wp-json\/wp\/v2\/posts\/552647\/revisions"}],"wp:featuredmedia":[{"embeddable":true,"href":"https:\/\/www.europesays.com\/fr\/wp-json\/wp\/v2\/media\/552648"}],"wp:attachment":[{"href":"https:\/\/www.europesays.com\/fr\/wp-json\/wp\/v2\/media?parent=552647"}],"wp:term":[{"taxonomy":"category","embeddable":true,"href":"https:\/\/www.europesays.com\/fr\/wp-json\/wp\/v2\/categories?post=552647"},{"taxonomy":"post_tag","embeddable":true,"href":"https:\/\/www.europesays.com\/fr\/wp-json\/wp\/v2\/tags?post=552647"}],"curies":[{"name":"wp","href":"https:\/\/api.w.org\/{rel}","templated":true}]}}