{"id":552653,"date":"2025-11-23T04:22:56","date_gmt":"2025-11-23T04:22:56","guid":{"rendered":"https:\/\/www.europesays.com\/fr\/552653\/"},"modified":"2025-11-23T04:22:56","modified_gmt":"2025-11-23T04:22:56","slug":"la-star-de-black-panther-chadwick-boseman-recoit-une-etoile-posthume-a-hollywood-2","status":"publish","type":"post","link":"https:\/\/www.europesays.com\/fr\/552653\/","title":{"rendered":"La star de \u00ab\u00a0Black Panther\u00a0\u00bb Chadwick Boseman re\u00e7oit une \u00e9toile posthume \u00e0 Hollywood"},"content":{"rendered":"<p class=\"ap-StoryElement ap-StoryElement--mb ap-StoryText\">Le cin\u00e9aste Ryan Coogler, qui a supervis\u00e9 ce film Marvel sorti en 2018, l&rsquo;actrice Viola Davis et la veuve du com\u00e9dien, Simone Ledward-Boseman, ont conduit la c\u00e9r\u00e9monie \u00e9mouvante sur le c\u00e9l\u00e8bre Hollywood Boulevard.<\/p>\n<p class=\"ap-StoryElement ap-StoryElement--mb ap-StoryText\"><a href=\"\" rel=\"\"> L&rsquo;acteur est d\u00e9c\u00e9d\u00e9 en 2020 \u00e0 l&rsquo;\u00e2ge de 43 ans<\/a> apr\u00e8s avoir souffert d&rsquo;un cancer du c\u00f4lon pendant quatre ans. Une maladie qui ne l&rsquo;a pas emp\u00each\u00e9 de faire des films ni de s&rsquo;engager pleinement dans son art, a rappel\u00e9 M. Coogler.<\/p>\n<p class=\"ap-StoryElement ap-StoryElement--mb ap-StoryText\">Chadwick Boseman a commenc\u00e9 sa carri\u00e8re au th\u00e9\u00e2tre et \u00e0 la t\u00e9l\u00e9vision avant de se lancer dans le cin\u00e9ma.<\/p>\n","protected":false},"excerpt":{"rendered":"Le cin\u00e9aste Ryan Coogler, qui a supervis\u00e9 ce film Marvel sorti en 2018, l&rsquo;actrice Viola Davis et la&hellip;\n","protected":false},"author":2,"featured_media":552654,"comment_status":"","ping_status":"","sticky":false,"template":"","format":"standard","meta":{"footnotes":""},"categories":[1354],"tags":[650,251,58,59,73,1346,1011,27,1360],"class_list":{"0":"post-552653","1":"post","2":"type-post","3":"status-publish","4":"format-standard","5":"has-post-thumbnail","7":"category-films","8":"tag-cinema","9":"tag-culture","10":"tag-divertissement","11":"tag-entertainment","12":"tag-etats-unis","13":"tag-films","14":"tag-fr","15":"tag-france","16":"tag-movies"},"share_on_mastodon":{"url":"https:\/\/pubeurope.com\/@fr\/115597109048742120","error":""},"_links":{"self":[{"href":"https:\/\/www.europesays.com\/fr\/wp-json\/wp\/v2\/posts\/552653","targetHints":{"allow":["GET"]}}],"collection":[{"href":"https:\/\/www.europesays.com\/fr\/wp-json\/wp\/v2\/posts"}],"about":[{"href":"https:\/\/www.europesays.com\/fr\/wp-json\/wp\/v2\/types\/post"}],"author":[{"embeddable":true,"href":"https:\/\/www.europesays.com\/fr\/wp-json\/wp\/v2\/users\/2"}],"replies":[{"embeddable":true,"href":"https:\/\/www.europesays.com\/fr\/wp-json\/wp\/v2\/comments?post=552653"}],"version-history":[{"count":0,"href":"https:\/\/www.europesays.com\/fr\/wp-json\/wp\/v2\/posts\/552653\/revisions"}],"wp:featuredmedia":[{"embeddable":true,"href":"https:\/\/www.europesays.com\/fr\/wp-json\/wp\/v2\/media\/552654"}],"wp:attachment":[{"href":"https:\/\/www.europesays.com\/fr\/wp-json\/wp\/v2\/media?parent=552653"}],"wp:term":[{"taxonomy":"category","embeddable":true,"href":"https:\/\/www.europesays.com\/fr\/wp-json\/wp\/v2\/categories?post=552653"},{"taxonomy":"post_tag","embeddable":true,"href":"https:\/\/www.europesays.com\/fr\/wp-json\/wp\/v2\/tags?post=552653"}],"curies":[{"name":"wp","href":"https:\/\/api.w.org\/{rel}","templated":true}]}}