{"id":552659,"date":"2025-11-23T04:26:13","date_gmt":"2025-11-23T04:26:13","guid":{"rendered":"https:\/\/www.europesays.com\/fr\/552659\/"},"modified":"2025-11-23T04:26:13","modified_gmt":"2025-11-23T04:26:13","slug":"ca-na-pas-ete-la-plus-facile-apres-marc-lavoine-nouveau-changement-de-vie","status":"publish","type":"post","link":"https:\/\/www.europesays.com\/fr\/552659\/","title":{"rendered":"\u201c\u00c7a n\u2019a pas \u00e9t\u00e9 la plus facile&#8230;\u00a0\u00bb apr\u00e8s Marc Lavoine, nouveau changement de vie"},"content":{"rendered":"<p>Depuis plusieurs mois, Adriana Karembeu vit une histoire<br \/>\nsentimentale qui fait beaucoup parler : <a href=\"https:\/\/www.melty.fr\/people\/en-couple-avec-marc-lavoine-adriana-karembeu-balance-une-verite-rien-de-pire-quun-homme-2275125.html\" target=\"_blank\" rel=\"noopener\"><br \/>\nsa relation avec Marc Lavoine.<\/a> Une romance inattendue, venue<br \/>\nbouleverser la vie d\u00e9j\u00e0 bien remplie de l\u2019ancienne mannequin<br \/>\ndevenue animatrice. Et cette nouvelle dynamique familiale a<br \/>\nr\u00e9cemment amen\u00e9 un d\u00e9fi de taille pour les experts immobiliers de<br \/>\nL\u2019Agence sur TMC.<\/p>\n<p><strong>Une mission de luxe\u2026 et pleine d\u2019exigences pour Adriana<br \/>\nKarembeu<\/strong><\/p>\n<p>Dans un \u00e9pisode, Valentin Kretz, le fils cadet de la c\u00e9l\u00e8bre<br \/>\nfratrie, revient sur une mission pas comme les autres :<br \/>\n<strong>trouver la maison de vacances id\u00e9ale pour Adriana<br \/>\nKarembeu<\/strong> et sa famille. Et selon lui, ce n\u2019\u00e9tait<br \/>\nclairement pas une mince affaire. \u00ab\u00a0J\u2019ai eu la recherche d\u00a0\u00bbAdriana<br \/>\nKarembeu qui a v\u00e9cu beaucoup de choses, donc qui a une recherche<br \/>\npas facile pour passer ses vacances en famille\u00a0\u00bb, confie-t-il.<\/p>\n<p><a href=\"https:\/\/www.melty.fr\/people\/adriana-karembeu-sa-fille-est-a-lecole-americaine-de-marrakech-le-prix-onereux-des-frais-de-scolarite-2260379.html#:~:text=Adriana%20Karembeu%20et%20une%20s%C3%A9paration%20en%20douceur%20pour%20sa%20fille&amp;text=Elle%20a%20d&#039;ailleurs%20affirm%C3%A9,r%C3%A9fl%C3%A9chie%20avec%20une%20grande%20lucidit%C3%A9.\" target=\"_blank\" rel=\"noopener\"><br \/>\nAdriana Karembeu, aujourd\u2019hui maman de la petite Nina<\/a>, a<br \/>\nparcouru le monde, log\u00e9 dans des propri\u00e9t\u00e9s d\u2019exception et sait<br \/>\nexactement ce qu\u2019elle veut. Une exigence parfaitement<br \/>\ncompr\u00e9hensible qui met une certaine pression sur les \u00e9paules des<br \/>\nagents immobiliers. \u00ab\u00a0Donc c&rsquo;\u00e9tait une recherche de location de<br \/>\nluxe. Et elle a eu beaucoup d&rsquo;exp\u00e9riences, elle est partie dans<br \/>\nbeaucoup de pays donc des maisons elle en a vues beaucoup. Elle<br \/>\nsait ce qu&rsquo;elle veut et je peux vous dire que la visite est pleine<br \/>\nde rebondissements. Ce n&rsquo;est pas la plus facile disons\u00a0\u00bb,<br \/>\nreconna\u00eet Valentin Kretz.<\/p>\n<p><strong>Adriana Karembeu, une femme heureuse avec Marc<br \/>\nLavoine<\/strong><\/p>\n<p>Habitu\u00e9e \u00e0 voyager dans des endroits prestigieux, Adriana<br \/>\nKarembeu n\u2019est pas une cliente comme les autres. Et lorsqu\u2019il<br \/>\ns\u2019agit de d\u00e9nicher un lieu o\u00f9 se ressourcer avec sa fille et<br \/>\npotentiellement Marc Lavoine, le niveau monte encore d\u2019un cran. Ce<br \/>\nn\u2019est \u00e9videmment pas la premi\u00e8re personnalit\u00e9 publique \u00e0 solliciter<br \/>\nles services de la famille Kretz. Leur carnet d\u2019adresses compte de<br \/>\nnombreuses c\u00e9l\u00e9brit\u00e9s, habitu\u00e9es \u00e0 des standards \u00e9lev\u00e9s.<\/p>\n<p>Mais m\u00eame pour eux, la recherche d\u2019Adriana fait partie des<br \/>\nmissions les plus complexes. La Slovaque n\u2019est pas la seule \u00e0 avoir<br \/>\ndonn\u00e9 du fil \u00e0 retordre aux agents. Avant elle, <strong>Linda Hardy<br \/>\navait elle aussi fait appel<\/strong> \u00e0 leurs services pour trouver<br \/>\nune maison de campagne. Une recherche qui n\u2019avait finalement pas<br \/>\nabouti, notamment \u00e0 cause des d\u00e9lais d\u2019entr\u00e9e dans les lieux.<\/p>\n<p><strong>La famille Kretz se donne du<br \/>\nmal pour trouver la maison de vacances de l&rsquo;ancienne<br \/>\nmannequin<\/strong><\/p>\n<p>Elle expliquait alors : \u00ab\u00a0Elle \u00e9tait disponible trop tard par<br \/>\nrapport \u00e0 mon besoin, parce que moi, je voulais en profiter pendant<br \/>\nl&rsquo;\u00e9t\u00e9. <strong>Elle \u00e9tait disponible, si mes souvenirs<br \/>\nsont bons,<\/strong> \u00e0 partir du mois de novembre. Et moi,<br \/>\nrentrer dans une maison de campagne au mois de novembre, ce n&rsquo;\u00e9tait<br \/>\npas franchement ce dont j&rsquo;avais r\u00eav\u00e9.\u00a0\u00bb. Un pr\u00e9c\u00e9dent qui<br \/>\nmontre \u00e0 quel point r\u00e9pondre aux attentes d\u2019une c\u00e9l\u00e9brit\u00e9 peut<br \/>\ndevenir un v\u00e9ritable casse-t\u00eate, m\u00eame pour des professionnels rod\u00e9s<br \/>\n\u00e0 l\u2019exercice.<\/p>\n<p>Un nouveau chapitre qui s\u2019\u00e9crit Pour <a href=\"https:\/\/www.melty.fr\/people\/adriana-karembeu-lucide-sur-la-feminite-a-54-ans-a-cet-age-la-cest-trop-tard-pour-2274552.html\" target=\"_blank\" rel=\"noopener\"><br \/>\nAdriana Karembeu, qui s&rsquo;est confi\u00e9e sur sa f\u00e9minit\u00e9,<\/a> cette<br \/>\nrecherche immobili\u00e8re symbolise aussi un changement profond. Apr\u00e8s<br \/>\nson divorce, puis sa rencontre avec Marc Lavoine, elle construit<br \/>\nprogressivement une nouvelle vie, un nouvel \u00e9quilibre et envisage<br \/>\nses projets diff\u00e9remment. Trouver une maison capable d\u2019accueillir<br \/>\nsa famille recompos\u00e9e repr\u00e9sente donc bien plus qu\u2019un simple<br \/>\nvoyage.\u00a0<\/p>\n","protected":false},"excerpt":{"rendered":"Depuis plusieurs mois, Adriana Karembeu vit une histoire sentimentale qui fait beaucoup parler : sa relation avec Marc&hellip;\n","protected":false},"author":2,"featured_media":552660,"comment_status":"","ping_status":"","sticky":false,"template":"","format":"standard","meta":{"footnotes":""},"categories":[8],"tags":[6382,21303,58,59,1011,27,7593],"class_list":{"0":"post-552659","1":"post","2":"type-post","3":"status-publish","4":"format-standard","5":"has-post-thumbnail","7":"category-divertissement","8":"tag-adriana-karembeu","9":"tag-buzz_nonli","10":"tag-divertissement","11":"tag-entertainment","12":"tag-fr","13":"tag-france","14":"tag-marc-lavoine"},"share_on_mastodon":{"url":"https:\/\/pubeurope.com\/@fr\/115597121034039540","error":""},"_links":{"self":[{"href":"https:\/\/www.europesays.com\/fr\/wp-json\/wp\/v2\/posts\/552659","targetHints":{"allow":["GET"]}}],"collection":[{"href":"https:\/\/www.europesays.com\/fr\/wp-json\/wp\/v2\/posts"}],"about":[{"href":"https:\/\/www.europesays.com\/fr\/wp-json\/wp\/v2\/types\/post"}],"author":[{"embeddable":true,"href":"https:\/\/www.europesays.com\/fr\/wp-json\/wp\/v2\/users\/2"}],"replies":[{"embeddable":true,"href":"https:\/\/www.europesays.com\/fr\/wp-json\/wp\/v2\/comments?post=552659"}],"version-history":[{"count":0,"href":"https:\/\/www.europesays.com\/fr\/wp-json\/wp\/v2\/posts\/552659\/revisions"}],"wp:featuredmedia":[{"embeddable":true,"href":"https:\/\/www.europesays.com\/fr\/wp-json\/wp\/v2\/media\/552660"}],"wp:attachment":[{"href":"https:\/\/www.europesays.com\/fr\/wp-json\/wp\/v2\/media?parent=552659"}],"wp:term":[{"taxonomy":"category","embeddable":true,"href":"https:\/\/www.europesays.com\/fr\/wp-json\/wp\/v2\/categories?post=552659"},{"taxonomy":"post_tag","embeddable":true,"href":"https:\/\/www.europesays.com\/fr\/wp-json\/wp\/v2\/tags?post=552659"}],"curies":[{"name":"wp","href":"https:\/\/api.w.org\/{rel}","templated":true}]}}