{"id":552661,"date":"2025-11-23T04:27:12","date_gmt":"2025-11-23T04:27:12","guid":{"rendered":"https:\/\/www.europesays.com\/fr\/552661\/"},"modified":"2025-11-23T04:27:12","modified_gmt":"2025-11-23T04:27:12","slug":"il-vend-ce-ssd-crucial-4-to-au-prix-dun-vieux-hdd-%f0%9f%98%b1","status":"publish","type":"post","link":"https:\/\/www.europesays.com\/fr\/552661\/","title":{"rendered":"il vend ce SSD Crucial 4 To au prix d&rsquo;un vieux HDD \ud83d\ude31"},"content":{"rendered":"<p>Black Friday est en cours sur Amazon et les offres coulent \u00e0 flot. Au rayon des p\u00e9riph\u00e9riques informatiques, on retrouve le SSD Crucial P310 en version 4 To qui voit son prix chuter plus bas que terre pour l\u2019occasion.\u00a0<\/p>\n<p>Le c\u00e9l\u00e8bre Black Friday fait son grand retour sur Amazon. L\u2019\u00e9ditons 2025 se d\u00e9roule du 20 novembre au 1er d\u00e9cembre, et elle promet des r\u00e9ductions XL sur tout le catalogue du e-commer\u00e7ant. Durant l\u2019\u00e9v\u00e8nement, vous pouvez r\u00e9aliser des \u00e9conomies sur de nombreux produits high-tech. Aussi, nul besoin d\u2019attendre la date exacte du Black Friday (le 28 novembre), car les prix sont les m\u00eames tout le long de l\u2019op\u00e9ration.<\/p>\n<p>Bien que les autres acteurs du e-commerce en France participent au Black Friday, Amazon reste de loin le num\u00e9ro 1, et c\u2019est d\u2019ailleurs lui qui a import\u00e9 l\u2019\u00e9v\u00e8nement en France dans les ann\u00e9es 2010. Ainsi, il propose l<a href=\"https:\/\/shop.01net.com\/go\/33177\/\" target=\"_blank\" rel=\"nofollow noopener\">e SSD interne Crucial P310 en version 4 To au prix fou de 234 euros au lieu de 309 euros<\/a>.<\/p>\n<p class=\"text-center not-prose\"><a class=\"comp-button\" href=\"https:\/\/shop.01net.com\/go\/33177\/\" target=\"_self\" rel=\"sponsored nofollow noopener\">Je profite de l\u2019offre sur Amazon<\/a><\/p>\n<p>Pour en profiter, on vous conseille toutefois de ne pas trop tarder, car les stocks sont limit\u00e9s et tout le monde est \u00e0 l\u2019aff\u00fbt de la bonne affaire pendant Black Friday. Autrement, vous avez toujours la livraison gratuite, la garantie fabricant de 5 ans qui vous couvre en cas de pannes ou d\u00e9fauts. Sinon, le marchand n\u2019a rien laiss\u00e9 au hasard, et il vous permet de retourner les produits command\u00e9s au Balck Friday jusqu\u2019au 26 janvier 2026.<\/p>\n<p>C\u2019est pratique, notamment si vous faites des cadeaux \u00e0 No\u00ebl et q\u2019ils ne plaisent pas. Cela vous \u00e9vite de devoir les revendre sur Leboncoin, ou qu\u2019ils vous restent sur les bras, et permet de recevoir un remboursement.<\/p>\n<p>Un SSD fiable et performant sign\u00e9 Crucial<\/p>\n<p>Le Crucial P310 fait partie de cette nouvelle g\u00e9n\u00e9ration de SSD qui bouscule les codes du stockage grand public. Avec des vitesses de lecture s\u00e9quentielle atteignant 7100 Mo\/s et d\u2019\u00e9criture jusqu\u2019\u00e0 6000 Mo\/s, ce SSD M.2 2280 PCIe 4.0 NVMe double litt\u00e9ralement les performances de son grand fr\u00e8re le P3 Plus, tout en pulv\u00e9risant celles des anciens SSD SATA.<\/p>\n<p>Lancer <a href=\"https:\/\/www.01net.com\/telecharger\/utilitaire\/systeme\/windows-11.html\" target=\"_blank\" rel=\"false noopener\">Windows 11<\/a> ne prend que quelques secondes et les applications et programmes gourmands tels que Adobe Photoshop ou Illustrator s\u2019ouvrent en un clin d\u2019\u0153il, sans cette frustration habituelle des temps de chargement. Si vous \u00eates gamer, vous pourrez profiter au mieux de vos titres AAA pr\u00e9f\u00e9r\u00e9s quasi instantan\u00e9ment. Et aussi, transf\u00e9rer vos fichiers volumineux \u00e0 une vitesse fulgurante.<\/p>\n<p class=\"text-center not-prose\"><a class=\"comp-button\" href=\"https:\/\/shop.01net.com\/go\/33177\/\" target=\"_self\" rel=\"sponsored nofollow noopener\">Je profite de l\u2019offre sur Amazon<\/a><\/p>\n<p>Dans les faits, le Crucial P310 est 20% plus rapide que la moyenne des SSD Gen4 dans les t\u00e2ches r\u00e9elles du quotidien\u00a0: boot syst\u00e8me, lancement d\u2019applications lourdes, gestion de documents Office comme Excel ou PowerPoint. Il est en outre compatible PS5, et si vous voulez obtenir plus de stockage pour installer toujours plus de jeux sur la console de Sony, cette version 4 To actuellement en promo pour le Black Friday sur Amazon tombe \u00e0 pic.<\/p>\n<p>Outre l\u2019avantage du stockage, il r\u00e9duit drastiquement les temps de chargement entre les niveaux. Pareillement, sur PC, que vous jouiez \u00e0 Battlefield, Call of Duty ou des jeux open-world exigeants, la fluidit\u00e9 est au rendez-vous avec des chargements r\u00e9duits au maximum. Aussi, l\u2019un des autres atouts souvent n\u00e9glig\u00e9s\u00a0: la consommation \u00e9nerg\u00e9tique optimis\u00e9e qui affiche un gain d\u2019environ 40% par rapport \u00e0 la g\u00e9n\u00e9ration pr\u00e9c\u00e9dente gr\u00e2ce \u00e0 son architecture sans DRAM (utilisant le Host Memory Buffer).<\/p>\n<p>Pour votre ordinateur portable, cela se traduit par des heures suppl\u00e9mentaires d\u2019autonomie, vous permettant de travailler plus longtemps. De leur c\u00f4t\u00e9, le contr\u00f4leur Phison PS5027-E27T et la m\u00e9moire QLC Micron 232 couches garantissent ce ratio performance\/efficacit\u00e9 \u00e9nerg\u00e9tique exceptionnel. Si vous n\u2019avez jamais install\u00e9 un SSD dans votre machine, pas de panique, c\u2019est un vrai jeu d\u2019enfant.<\/p>\n<p>Il suffit que votre ordinateur soit \u00e9quip\u00e9 d\u2019un slot M.2, dans lequel le SSD vient se clipser en trois seconde. De votre c\u00f4t\u00e9, vous n\u2019aurez plus qu\u2019\u00e0 le fixer sur la carte m\u00e8re, \u00e0 l\u2019aide d\u2019un tournevis. Et si vous n\u2019\u00eates pas s\u00fbr que votre syst\u00e8me prend en charge ce SSD, sachez que <a href=\"https:\/\/www.crucial.fr\/store\/systemscanner\" target=\"_blank\" rel=\"nofollow noopener\">Crucial propose un outil en ligne gratuit pour v\u00e9rifier la compatibilit\u00e9 avec votre configuration<\/a>.<\/p>\n<p>Par ailleurs, si vous n\u2019avez pas besoin d\u2019autant de capacit\u00e9 de stockage, les autres mod\u00e8les, notamment en 1 To et 2 To sont \u00e9galement propos\u00e9s \u00e0 prix cass\u00e9s pour le Black Friday Amazon. Vous donc l\u2019embarras du choix et pouvez partir sur celui qui r\u00e9pond le mieux \u00e0 vos besoins. Vous l\u2019avez compris, le SSD interne Crucial P310 offre un excellent rapport qualit\u00e9-prix lors du c\u00e9l\u00e8bre vendredi noir.<\/p>\n<p>Que vous vouliez mettre \u00e0 jour une configuration existante ou une existante, il est parfait pour booster instantan\u00e9ment les performances de votre PC, qu\u2019il soit fixe ou portable. Ne tardez pas trop s\u2019il vous int\u00e9resse, l\u2019offre peut expirer d\u2019une minute \u00e0 l\u2019autre, et elle ne reviendra certainement pas d\u2019ici la fin du Black Friday.<\/p>\n<p>Pour voir le deal Black Friday sur cet excellent SSD, c\u2019est ici\u00a0:<\/p>\n<p class=\"text-center not-prose\"><a class=\"comp-button\" href=\"https:\/\/shop.01net.com\/go\/33177\/\" target=\"_self\" rel=\"sponsored nofollow noopener\">Je profite de l\u2019offre sur Amazon<\/a><\/p>\n<blockquote style=\"border:1px solid grey;border-radius:8px;\">\n<p class=\"text-base text-neutral-700 dark:text-neutral-300\" style=\"color:grey;\">\ud83d\udc49\ud83c\udffb Suivez l\u2019actualit\u00e9 tech en temps r\u00e9el\u00a0: ajoutez 01net \u00e0 vos sources sur <a href=\"https:\/\/news.google.com\/publications\/CAAqBwgKMJPsvAswoIfUAw?hl=fr&amp;gl=FR&amp;ceid=FR%3Afr\" target=\"_blank\" rel=\"noopener\">Google Actualit\u00e9s<\/a>, abonnez-vous \u00e0 notre canal <a href=\"https:\/\/whatsapp.com\/channel\/0029VaH5gKg6xCSG9nQQhQ1Z\" target=\"_blank\" rel=\"noopener\">WhatsApp<\/a> ou suivez-nous en vid\u00e9o sur <a href=\"https:\/\/www.tiktok.com\/@01net.com\" target=\"_blank\" rel=\"noopener\">TikTok<\/a>.<\/p>\n<\/blockquote>\n<p>        Ce qu&rsquo;il faut savoir sur nos bons plans<\/p>\n<p>Ce contenu vous est propos\u00e9 par les experts bons plans de 01net.<br \/>&#13;<br \/>\nLa r\u00e9daction n\u2019a pas particip\u00e9 \u00e0 la r\u00e9alisation de ce contenu. 01net est susceptible de percevoir une r\u00e9mun\u00e9ration lorsqu\u2019un des lecteurs proc\u00e8de \u00e0 un achat via les liens int\u00e9gr\u00e9s dans cet article. Les prix mentionn\u00e9s dans cet article sont susceptibles d&rsquo;\u00e9voluer tr\u00e8s rapidement.<\/p>\n<p>              <script async src=\"\/\/www.tiktok.com\/embed.js\"><\/script><\/p>\n","protected":false},"excerpt":{"rendered":"Black Friday est en cours sur Amazon et les offres coulent \u00e0 flot. Au rayon des p\u00e9riph\u00e9riques informatiques,&hellip;\n","protected":false},"author":2,"featured_media":552662,"comment_status":"","ping_status":"","sticky":false,"template":"","format":"standard","meta":{"footnotes":""},"categories":[7],"tags":[56038,1011,27,43,40,41,39,42,44],"class_list":{"0":"post-552661","1":"post","2":"type-post","3":"status-publish","4":"format-standard","5":"has-post-thumbnail","7":"category-sciences-et-technologies","8":"tag-black-friday","9":"tag-fr","10":"tag-france","11":"tag-science","12":"tag-science-and-technology","13":"tag-sciences","14":"tag-sciences-et-technologies","15":"tag-technologies","16":"tag-technology"},"share_on_mastodon":{"url":"https:\/\/pubeurope.com\/@fr\/115597125208972458","error":""},"_links":{"self":[{"href":"https:\/\/www.europesays.com\/fr\/wp-json\/wp\/v2\/posts\/552661","targetHints":{"allow":["GET"]}}],"collection":[{"href":"https:\/\/www.europesays.com\/fr\/wp-json\/wp\/v2\/posts"}],"about":[{"href":"https:\/\/www.europesays.com\/fr\/wp-json\/wp\/v2\/types\/post"}],"author":[{"embeddable":true,"href":"https:\/\/www.europesays.com\/fr\/wp-json\/wp\/v2\/users\/2"}],"replies":[{"embeddable":true,"href":"https:\/\/www.europesays.com\/fr\/wp-json\/wp\/v2\/comments?post=552661"}],"version-history":[{"count":0,"href":"https:\/\/www.europesays.com\/fr\/wp-json\/wp\/v2\/posts\/552661\/revisions"}],"wp:featuredmedia":[{"embeddable":true,"href":"https:\/\/www.europesays.com\/fr\/wp-json\/wp\/v2\/media\/552662"}],"wp:attachment":[{"href":"https:\/\/www.europesays.com\/fr\/wp-json\/wp\/v2\/media?parent=552661"}],"wp:term":[{"taxonomy":"category","embeddable":true,"href":"https:\/\/www.europesays.com\/fr\/wp-json\/wp\/v2\/categories?post=552661"},{"taxonomy":"post_tag","embeddable":true,"href":"https:\/\/www.europesays.com\/fr\/wp-json\/wp\/v2\/tags?post=552661"}],"curies":[{"name":"wp","href":"https:\/\/api.w.org\/{rel}","templated":true}]}}