{"id":552664,"date":"2025-11-23T04:31:44","date_gmt":"2025-11-23T04:31:44","guid":{"rendered":"https:\/\/www.europesays.com\/fr\/552664\/"},"modified":"2025-11-23T04:31:44","modified_gmt":"2025-11-23T04:31:44","slug":"le-paris-fc-enchaine-face-a-montpellier-nantes-domine-fleury-en-arkema-premiere-ligue-lequipe","status":"publish","type":"post","link":"https:\/\/www.europesays.com\/fr\/552664\/","title":{"rendered":"Le Paris FC encha\u00eene face \u00e0 Montpellier, Nantes domine Fleury en Arkema Premi\u00e8re Ligue &#8211; L&#039;\u00c9quipe"},"content":{"rendered":"<ol>\n<li><a href=\"https:\/\/news.google.com\/rss\/articles\/CBMi0gFBVV95cUxOY2U4UVJkUWRfRF9kdFFLS2hQejdpN05yd25BLUVCb0s4c1NUcmJQQ0xVblZJZFVUYUNZY3dLRlBtZ2VDWFBpOEN0VWFpSUxBM0poVmxZbnBpSWF0YTV5UVNYNnRpQU81bVVrYTIxNFFzU0kzbnZzWXBNYUdpOUlhTk0tT3plWVBPLVFZSllnVnVydndDakppcXhORzI2dy01UVE0WVRBaU9PUERKWW9qelZSMExJY3hJRzJDRW1ZRXNRS2thdWRmM0haX3piN3RKNFE?oc=5\" target=\"_blank\" rel=\"nofollow noopener\">Le Paris FC encha\u00eene face \u00e0 Montpellier, Nantes domine Fleury en Arkema Premi\u00e8re Ligue<\/a>&nbsp;&nbsp;L&rsquo;\u00c9quipe<\/li>\n<li><a href=\"https:\/\/news.google.com\/rss\/articles\/CBMia0FVX3lxTFBlcHhOczhHRFV4bmQtLWVNNUdVaWtjQlhPRkFIelowZkx5R1F1YWFFd2ZORTFZRnNHcG5KNWdHRUlCUjB3Q1hXNXRMQlB1elhpUm1ZM21xY2Z2MVVOQ0tIVm12LXE4WnR1Y1hN?oc=5\" target=\"_blank\" rel=\"nofollow noopener\">Le groupe nantais<\/a>&nbsp;&nbsp;FC Nantes<\/li>\n<li><a href=\"https:\/\/news.google.com\/rss\/articles\/CBMimAJBVV95cUxNSzNPYXR4TU05Q0owU1dqUUtzc01tclMzcU4zcW5nTVhTT0ZuUTM1YjB2M013ZkpBMkxINElLbXJYdnIyWkJ3bHZtb29VMUlESEM0YWczUW5LNlc0c2pxNWdSdWJ4RzFScGg0OTRrM0NPenlPN3NDc09OSG1VOFZ4UERjQU9lT1JraUdRWk9WSzl0VGJvWC1IRkpIazZkRWR1cHl6VU1kZFlpaUpVb21jZi1ZY0x3cHpnRkl5LTF5WkdDamFmbVZOWU83R2Jvdl83VGdVTk1wUkdFNHdIZHlkcVN6d2FxMHhWUE9DcS1LelA2cENvdjZ4SnNaRENrR3p4X051cmFVM01MRHR0emg4ek56TlVqY28z?oc=5\" target=\"_blank\" rel=\"nofollow noopener\">FC Nantes. \u00ab Important de se confronter \u00e0 ces situations \u00bb : Juliette Mossard veut s\u2019inscrire dans la dur\u00e9e<\/a>&nbsp;&nbsp;Ouest-France<\/li>\n<li><a href=\"https:\/\/news.google.com\/rss\/articles\/CBMi2AFBVV95cUxPYXZhTnZwQjhEbmRCRzdLSTRWMnJSWUh5OEgwaWtWNFdNSGg4N0pYdEdZLUhIbnBZbUY1TkxSeFdhdWo5MWFvdEljeWNlWm5CM1JkWVhMUDFuNjZWcC1ZOHBKcTNmR21IZWM2b01aRlNjbHQ4RzJrQ3lrNlF1cy1qYUJyQVJjeTk3emxBQzNnMzVHU1l1M3lWemdvOUZsXzVBNFRqMm5TQTVIaEZhUldYNFprMXdGVlJmWnpBcUhCZzRtSmFBWmRFVHUtYV9MN3dIdW5uMld5RS0?oc=5\" target=\"_blank\" rel=\"nofollow noopener\">Football. Premi\u00e8re Ligue : les Nantaises s\u2019imposent \u00e0 Fleury et int\u00e8grent le top 4 . Sport<\/a>&nbsp;&nbsp;Maville<\/li>\n<li><a href=\"https:\/\/news.google.com\/rss\/articles\/CBMi8wFBVV95cUxQSDVxQlU1a3dVZmwtUEJiU0FETUlmaXdUbjNSS0hwM2U2a2JSLTYzN2V4SEN0bkRpcXBlc0haaDJoczJ5aWRzNmtzV1hlMVdZQXh6MWtoM1FSS0tISVIxcWU3bmhBUS1rUE5iU0RJQjJJeHlTSWN2Yk5JSHkzazlDRFlPcndzcXhCc2EyM3VfTGswdWNWUVROdzVMTHJWQ2tPeWRzWUtOTlZRcmJOM05XaVhYMi1MU1Vpb2NMSHVPSFZyU2R2WVMtMWc0TldWUkVZRHZPWXlZUTVWbml4UmRXMGpPYndOYVladkxYOUFXZ3BJY2c?oc=5\" target=\"_blank\" rel=\"nofollow noopener\">Premi\u00e8re Ligue : Nantes l\u2019emporte face \u00e0 Fleury, Dijon s\u2019impose au Havre et le Paris FC vainqueur contre Montpellier<\/a>&nbsp;&nbsp;Foot National<\/li>\n<\/ol>\n","protected":false},"excerpt":{"rendered":"Le Paris FC encha\u00eene face \u00e0 Montpellier, Nantes domine Fleury en Arkema Premi\u00e8re Ligue&nbsp;&nbsp;L&rsquo;\u00c9quipe Le groupe nantais&nbsp;&nbsp;FC Nantes&hellip;\n","protected":false},"author":2,"featured_media":552665,"comment_status":"","ping_status":"","sticky":false,"template":"","format":"standard","meta":{"footnotes":""},"categories":[2],"tags":[11,1011,27,12],"class_list":{"0":"post-552664","1":"post","2":"type-post","3":"status-publish","4":"format-standard","5":"has-post-thumbnail","7":"category-actualites","8":"tag-actualites","9":"tag-fr","10":"tag-france","11":"tag-news"},"share_on_mastodon":{"url":"https:\/\/pubeurope.com\/@fr\/115597140516199251","error":""},"_links":{"self":[{"href":"https:\/\/www.europesays.com\/fr\/wp-json\/wp\/v2\/posts\/552664","targetHints":{"allow":["GET"]}}],"collection":[{"href":"https:\/\/www.europesays.com\/fr\/wp-json\/wp\/v2\/posts"}],"about":[{"href":"https:\/\/www.europesays.com\/fr\/wp-json\/wp\/v2\/types\/post"}],"author":[{"embeddable":true,"href":"https:\/\/www.europesays.com\/fr\/wp-json\/wp\/v2\/users\/2"}],"replies":[{"embeddable":true,"href":"https:\/\/www.europesays.com\/fr\/wp-json\/wp\/v2\/comments?post=552664"}],"version-history":[{"count":0,"href":"https:\/\/www.europesays.com\/fr\/wp-json\/wp\/v2\/posts\/552664\/revisions"}],"wp:featuredmedia":[{"embeddable":true,"href":"https:\/\/www.europesays.com\/fr\/wp-json\/wp\/v2\/media\/552665"}],"wp:attachment":[{"href":"https:\/\/www.europesays.com\/fr\/wp-json\/wp\/v2\/media?parent=552664"}],"wp:term":[{"taxonomy":"category","embeddable":true,"href":"https:\/\/www.europesays.com\/fr\/wp-json\/wp\/v2\/categories?post=552664"},{"taxonomy":"post_tag","embeddable":true,"href":"https:\/\/www.europesays.com\/fr\/wp-json\/wp\/v2\/tags?post=552664"}],"curies":[{"name":"wp","href":"https:\/\/api.w.org\/{rel}","templated":true}]}}