{"id":552675,"date":"2025-11-23T04:43:20","date_gmt":"2025-11-23T04:43:20","guid":{"rendered":"https:\/\/www.europesays.com\/fr\/552675\/"},"modified":"2025-11-23T04:43:20","modified_gmt":"2025-11-23T04:43:20","slug":"un-foyer-detecte-dans-le-departement-dans-un-elevage-de-canards","status":"publish","type":"post","link":"https:\/\/www.europesays.com\/fr\/552675\/","title":{"rendered":"un foyer d\u00e9tect\u00e9 dans le d\u00e9partement dans un \u00e9levage de canards"},"content":{"rendered":"<p melodystyle=\"texte\">Un foyer d&rsquo;influenza aviaire hautement pathog\u00e8ne (IAHP) a \u00e9t\u00e9 confirm\u00e9 vendredi 21\u00a0novembre dans un \u00e9levage de canards, situ\u00e9 dans la commune de Bosville, pr\u00e8s de Cany-Barville. Pour \u00e9viter tout risque de diffusion du virus \u00e0 d&rsquo;autres \u00e9levages, le pr\u00e9fet de la Seine-Maritime a pris un arr\u00eat\u00e9 qui d\u00e9finit des zones r\u00e9glement\u00e9es dites de protection et de surveillance, mises en place dans un rayon de 3 et 10km autour de l&rsquo;\u00e9levage.<\/p>\n<p>Les communes concern\u00e9es par la zone de protection<\/p>\n<p melodystyle=\"texte\">Plusieurs communes sont concern\u00e9es par la zone de protection dans un rayon de 3km. Il s&rsquo;agit de Bosville, Grainville-la-Teinturi\u00e8re, Le Hanouard, Oherville, Robertot, Saint-Vaast-Dieppedalle et Veauville-l\u00e8s-Quelles. Dans ces p\u00e9rim\u00e8tres, tous les lieux de d\u00e9tention de volailles et d&rsquo;oiseaux captifs \u00ab\u00a0sont soumis \u00e0 des prescriptions sp\u00e9cifiques. En particulier, les transports de volailles et autres oiseaux captifs sont interdits sauf d\u00e9rogations accord\u00e9es par la Direction d\u00e9partementale de la protection des populations (DDPP)\u00a0\u00bb, indique la pr\u00e9fecture.<\/p>\n<p>La surveillance renforc\u00e9e<\/p>\n<p melodystyle=\"texte\">La surveillance est \u00e9galement renforc\u00e9e par \u00ab\u00a0la r\u00e9alisation d&rsquo;autocontr\u00f4les qui sont rendus obligatoires par arr\u00eat\u00e9 pr\u00e9fectoral pour les \u00e9leveurs d\u00e9tenant 250 volailles et plus\u00a0\u00bb, poursuit la pr\u00e9fecture seinomarine. Dans le cadre des mesures de lutte contre la propagation du virus, une op\u00e9ration d&rsquo;abattage de tous les oiseaux pr\u00e9sents dans l&rsquo;\u00e9levage concern\u00e9 par le foyer d&rsquo;influenza aviaire a \u00e9t\u00e9 men\u00e9e par les services de l&rsquo;Etat.<\/p>\n<p melodystyle=\"texte\">Tous les \u00e9leveurs et professionnels de la fili\u00e8re doivent rester vigilants et appliquer strictement les mesures de bios\u00e9curit\u00e9 pour emp\u00eacher l&rsquo;entr\u00e9e du virus dans les \u00e9levages, que ce soit par les oiseaux sauvages [en p\u00e9riode de migration] ou par les activit\u00e9s humaines. Les particuliers qui d\u00e9tiennent des volailles ou des oiseaux captifs doivent suivre les m\u00eames recommandations.<\/p>\n<p>Les services de l&rsquo;Etat accompagneront les \u00e9leveurs concern\u00e9s<\/p>\n<p melodystyle=\"texte\">Les services de l&rsquo;Etat accompagneront les \u00e9leveurs concern\u00e9s. Les mesures de protection feront \u00e9galement l&rsquo;objet de contr\u00f4les.<\/p>\n<p melodystyle=\"texte\">La pr\u00e9fecture indique aussi que \u00ab\u00a0la consommation de viande et d&rsquo;\u0153ufs \u2013 et plus g\u00e9n\u00e9ralement de tout produit alimentaire \u00e0 base de volaille \u2013 ne pr\u00e9sente aucun risque pour l&rsquo;Homme\u00a0\u00bb.<\/p>\n","protected":false},"excerpt":{"rendered":"Un foyer d&rsquo;influenza aviaire hautement pathog\u00e8ne (IAHP) a \u00e9t\u00e9 confirm\u00e9 vendredi 21\u00a0novembre dans un \u00e9levage de canards, situ\u00e9&hellip;\n","protected":false},"author":2,"featured_media":552676,"comment_status":"","ping_status":"","sticky":false,"template":"","format":"standard","meta":{"footnotes":""},"categories":[9587],"tags":[1111,11,1777,674,1011,27,12,5161,25,9590],"class_list":{"0":"post-552675","1":"post","2":"type-post","3":"status-publish","4":"format-standard","5":"has-post-thumbnail","7":"category-rouen","8":"tag-actu","9":"tag-actualites","10":"tag-eu","11":"tag-europe","12":"tag-fr","13":"tag-france","14":"tag-news","15":"tag-normandie","16":"tag-republique-francaise","17":"tag-rouen"},"share_on_mastodon":{"url":"https:\/\/pubeurope.com\/@fr\/115597187830421319","error":""},"_links":{"self":[{"href":"https:\/\/www.europesays.com\/fr\/wp-json\/wp\/v2\/posts\/552675","targetHints":{"allow":["GET"]}}],"collection":[{"href":"https:\/\/www.europesays.com\/fr\/wp-json\/wp\/v2\/posts"}],"about":[{"href":"https:\/\/www.europesays.com\/fr\/wp-json\/wp\/v2\/types\/post"}],"author":[{"embeddable":true,"href":"https:\/\/www.europesays.com\/fr\/wp-json\/wp\/v2\/users\/2"}],"replies":[{"embeddable":true,"href":"https:\/\/www.europesays.com\/fr\/wp-json\/wp\/v2\/comments?post=552675"}],"version-history":[{"count":0,"href":"https:\/\/www.europesays.com\/fr\/wp-json\/wp\/v2\/posts\/552675\/revisions"}],"wp:featuredmedia":[{"embeddable":true,"href":"https:\/\/www.europesays.com\/fr\/wp-json\/wp\/v2\/media\/552676"}],"wp:attachment":[{"href":"https:\/\/www.europesays.com\/fr\/wp-json\/wp\/v2\/media?parent=552675"}],"wp:term":[{"taxonomy":"category","embeddable":true,"href":"https:\/\/www.europesays.com\/fr\/wp-json\/wp\/v2\/categories?post=552675"},{"taxonomy":"post_tag","embeddable":true,"href":"https:\/\/www.europesays.com\/fr\/wp-json\/wp\/v2\/tags?post=552675"}],"curies":[{"name":"wp","href":"https:\/\/api.w.org\/{rel}","templated":true}]}}