{"id":552680,"date":"2025-11-23T04:50:21","date_gmt":"2025-11-23T04:50:21","guid":{"rendered":"https:\/\/www.europesays.com\/fr\/552680\/"},"modified":"2025-11-23T04:50:21","modified_gmt":"2025-11-23T04:50:21","slug":"plusieurs-centaines-de-personnes-dans-la-rue-a-rennes-pour-lutter-contre-les-violences-sexistes-et-sexuelles","status":"publish","type":"post","link":"https:\/\/www.europesays.com\/fr\/552680\/","title":{"rendered":"Plusieurs centaines de personnes dans la rue \u00e0 Rennes pour lutter contre les violences sexistes et sexuelles"},"content":{"rendered":"<p>                    Par<br \/>\n        <strong><br \/>\n            <a href=\"https:\/\/actu.fr\/auteur\/brian-legoff\" title=\"Consulter tous les articles de Brian Le Goff\" target=\"_blank\" rel=\"noopener\">Brian Le Goff<\/a><br \/>\n                    <\/strong><\/p>\n<p>        Publi\u00e9 le<\/p>\n<p>            22 nov. 2025 \u00e0 19h37        <\/p>\n<p><strong>Il y a quelques semaines<\/strong>, lorsque le collectif f\u00e9ministe Nous Toutes 35 pr\u00e9parait la mobilisation <a href=\"https:\/\/actu.fr\/rennes\/\" target=\"_blank\" rel=\"noopener\">rennaise<\/a> de ce samedi 22 novembre, journ\u00e9e internationale de lutte contre les violences sexistes et sexuelles et de genre,<strong> 135 <a href=\"https:\/\/actu.fr\/tag\/feminicide\" target=\"_blank\" rel=\"noopener\">f\u00e9minicides<\/a><\/strong> \u00e9taient comptabilis\u00e9s. Aujourd\u2019hui,<strong> le chiffre atteint 149.<\/strong><\/p>\n<p class=\" wall-content\">Et pour que cela ne reste pas qu\u2019un chiffre, des <strong>centaines de personnes, voire plus d\u2019un millier de manifestants<\/strong>, se sont retrouv\u00e9es en milieu d\u2019apr\u00e8s-midi sur l\u2019esplanade Charles de Gaulle pour ne dire stop \u00e0 ce triste constat, avant de partir en cort\u00e8ge pour une boucle dans le centre-ville.<\/p>\n<p>Blagues lourdes, cyberharc\u00e8lement, etc. intol\u00e9rables<\/p>\n<p class=\" wall-content\">De nombreuses associations et collectifs ont ainsi pu s\u2019exprimer, rappelant que \u00ab\u00a0les <strong>blagues lourdes faites, les rapports sexuels non prot\u00e9g\u00e9s non consentis, le cyberharc\u00e8lement, les viols<\/strong> et tout un continuum d\u2019actions r\u00e9alis\u00e9es globalement par des hommes\u00a0\u00bb \u00e9taient <strong>intol\u00e9rables<\/strong>.<\/p>\n<p class=\" wall-content\">Toutes et tous ont aussi voulu \u00e9voquer la <strong>baisse des dotations<\/strong> aupr\u00e8s des services d\u2019accompagnement pour lutter contre, comme les aides \u00e0 destinations du planning familial.<\/p>\n<p>\u00ab\u00a0L\u2019extr\u00eame droite ne sera jamais f\u00e9ministe\u00a0\u00bb<\/p>\n<p class=\" wall-content\">Un rappel que \u00ab\u00a0l\u2019extr\u00eame droite ne sera jamais f\u00e9ministe\u00a0\u00bb a par ailleurs \u00e9t\u00e9 lanc\u00e9. <strong>\u00ab\u00a0L\u2019extr\u00eame droite n\u2019est jamais favorable \u00e0 ce que les femmes puissent disposer de leurs corps<\/strong>, sur les questions d\u2019IVG et des mutilations d\u2019enfants intersexes. Les violences sexistes et sexuelles n\u2019ont rien \u00e0 voir avec les origines des auteurs. C\u2019est une <strong>r\u00e9cup\u00e9ration politique<\/strong> naus\u00e9abonde par l\u2019extr\u00eame droite.\u00a0\u00bb<\/p>\n<p>Votre r\u00e9gion, votre actu !<\/p>\n<p>Recevez chaque jour les infos qui comptent pour vous.<\/p>\n<p>\t<a href=\"https:\/\/actu.fr\/newsletter\" class=\"ac-btn ac-btn--corner ac-btn--medium ac-btn--blue800\" target=\"_blank\" rel=\"noopener\">S&rsquo;incrire<\/a><\/p>\n<p class=\" wall-content\">Au-del\u00e0 de cette manifestation, une <strong>marche aux flambeau est pr\u00e9vue mardi 25 novembre \u00e0 18h, au d\u00e9part de R\u00e9publique<\/strong>.<\/p>\n<p class=\" wall-content\">Personnalisez votre actualit\u00e9 en ajoutant vos villes et m\u00e9dias en favori avec <a href=\"https:\/\/moncompte.actu.fr\" title=\"D\u00e9couvez Mon Actu\" rel=\"nofollow noopener\" data-trk=\"{&quot;cta&quot;:{&quot;action&quot;:&quot;https:\\\/\\\/moncompte.actu.fr&quot;,&quot;category&quot;:&quot;mon compte&quot;,&quot;from&quot;:&quot;article footer&quot;,&quot;name&quot;:&quot;Mon actu&quot;,&quot;type&quot;:&quot;cta&quot;}}\" target=\"_blank\">Mon Actu<\/a>.<\/p>\n","protected":false},"excerpt":{"rendered":"Par Brian Le Goff Publi\u00e9 le 22 nov. 2025 \u00e0 19h37 Il y a quelques semaines, lorsque le&hellip;\n","protected":false},"author":2,"featured_media":552681,"comment_status":"","ping_status":"","sticky":false,"template":"","format":"standard","meta":{"footnotes":""},"categories":[2821],"tags":[1111,11,829,6121,1777,674,1011,27,1272,12,584,25,104],"class_list":{"0":"post-552680","1":"post","2":"type-post","3":"status-publish","4":"format-standard","5":"has-post-thumbnail","7":"category-rennes","8":"tag-actu","9":"tag-actualites","10":"tag-bretagne","11":"tag-droits-des-femmes","12":"tag-eu","13":"tag-europe","14":"tag-fr","15":"tag-france","16":"tag-manifestations","17":"tag-news","18":"tag-rennes","19":"tag-republique-francaise","20":"tag-societe"},"share_on_mastodon":{"url":"https:\/\/pubeurope.com\/@fr\/115597215353924818","error":""},"_links":{"self":[{"href":"https:\/\/www.europesays.com\/fr\/wp-json\/wp\/v2\/posts\/552680","targetHints":{"allow":["GET"]}}],"collection":[{"href":"https:\/\/www.europesays.com\/fr\/wp-json\/wp\/v2\/posts"}],"about":[{"href":"https:\/\/www.europesays.com\/fr\/wp-json\/wp\/v2\/types\/post"}],"author":[{"embeddable":true,"href":"https:\/\/www.europesays.com\/fr\/wp-json\/wp\/v2\/users\/2"}],"replies":[{"embeddable":true,"href":"https:\/\/www.europesays.com\/fr\/wp-json\/wp\/v2\/comments?post=552680"}],"version-history":[{"count":0,"href":"https:\/\/www.europesays.com\/fr\/wp-json\/wp\/v2\/posts\/552680\/revisions"}],"wp:featuredmedia":[{"embeddable":true,"href":"https:\/\/www.europesays.com\/fr\/wp-json\/wp\/v2\/media\/552681"}],"wp:attachment":[{"href":"https:\/\/www.europesays.com\/fr\/wp-json\/wp\/v2\/media?parent=552680"}],"wp:term":[{"taxonomy":"category","embeddable":true,"href":"https:\/\/www.europesays.com\/fr\/wp-json\/wp\/v2\/categories?post=552680"},{"taxonomy":"post_tag","embeddable":true,"href":"https:\/\/www.europesays.com\/fr\/wp-json\/wp\/v2\/tags?post=552680"}],"curies":[{"name":"wp","href":"https:\/\/api.w.org\/{rel}","templated":true}]}}