{"id":552684,"date":"2025-11-23T04:53:55","date_gmt":"2025-11-23T04:53:55","guid":{"rendered":"https:\/\/www.europesays.com\/fr\/552684\/"},"modified":"2025-11-23T04:53:55","modified_gmt":"2025-11-23T04:53:55","slug":"des-lyceens-bloquent-fustel-de-coulanges-et-les-pontonniers","status":"publish","type":"post","link":"https:\/\/www.europesays.com\/fr\/552684\/","title":{"rendered":"des lyc\u00e9ens bloquent Fustel de Coulanges et Les Pontonniers"},"content":{"rendered":"<p class=\"wp-block-post-excerpt__excerpt\">Jeudi 20 novembre, une centaine d\u2019\u00e9l\u00e8ves a bloqu\u00e9 les lyc\u00e9ens des Pontonniers et de Fustel de Coulanges pour protester contre l\u2019inaction du gouvernement face \u00ab\u00a0aux g\u00e9nocides en cours\u00a0\u00bb. <\/p>\n<p class=\"font-sans\">\n\t\t\tCet article est en acc\u00e8s libre. Pour soutenir Rue89 Strasbourg,<br \/>\n\t\t\t<a class=\"underline\" href=\"https:\/\/www.rue89strasbourg.com\/abonnement\" target=\"_blank\" rel=\"noopener\">abonnez-vous<\/a>.\n\t\t<\/p>\n<p>Antoine Hild<\/p>\n<p>Publi\u00e9 le 21 novembre 2025\u00a0\u00a0\u00b7\u00a0\u00a0<\/p>\n<p>Imprim\u00e9 le 23 novembre 2025 \u00e0 05h53\u00a0\u00a0\u00b7\u00a0\u00a0<\/p>\n<p>Modifi\u00e9 le 21 novembre 2025\u00a0\u00a0\u00b7\u00a0\u00a0<\/p>\n<p>\t\t\t\t\t2\u00a0minutes\n<\/p>\n<p>\u00ab\u00a0Nous crions avec vous.\u00a0\u00bb C\u2019est l\u2019inscription sur la banderole qu\u2019ont d\u00e9ploy\u00e9e les membres du collectif des Lyc\u00e9en\u00b7nes autonomes contre l\u2019autorit\u00e9 r\u00e9pressive (Lascar), tant\u00f4t devant le lyc\u00e9e Fustel de Coulanges, tant\u00f4t devant Les Pontonniers. Jeudi 20 novembre 2025, ils sont une centaine \u00e0 bloquer leurs deux lyc\u00e9es. \u00ab\u00a0On d\u00e9nonce l\u2019inaction du gouvernement face \u00e0 la guerre au Soudan, la crise humanitaire de Gaza, la reconstruction de Mayotte ou encore la situation au Kurdistan\u00a0\u00bb, \u00e9voque un lyc\u00e9en mobilis\u00e9 devant le lyc\u00e9e Fustel de Coulanges.<\/p>\n<p>Devant leurs \u00e9tablissements, les lyc\u00e9ens mobilis\u00e9s ne sont pas seuls. Il y a quelques professeurs, surtout l\u00e0 pour s\u2019assurer de leur s\u00e9curit\u00e9 et des membres du Nouveau parti anticapitaliste (NPA), venus en soutien. <\/p>\n<p>\u00ab\u00a0On se mobilise pour tous les pays colonis\u00e9s, avance une lyc\u00e9enne mobilis\u00e9e devant Les Pontonniers. On a beaucoup d\u2019empathie pour les humains que nous voyons derri\u00e8re les images choquantes tous les jours. On est tr\u00e8s en col\u00e8re contre l\u2019inaction du gouvernement sur les questions coloniales, et contre les policiers qui nous emp\u00eachent de le montrer\u00a0\u00bb, glisse-t-elle.<\/p>\n<p>Cette \u00e9l\u00e8ve avait \u00e9t\u00e9 plac\u00e9e en garde \u00e0 vue dans le cadre des blocages du 11 septembre, suite au mouvement \u00ab\u00a0Bloquons tout\u00a0\u00bb du 10 septembre. Au moins <a href=\"https:\/\/www.rue89strasbourg.com\/repression-lyceens-bloqueurs-strasbourg-359113\" target=\"_blank\" rel=\"noopener\">cinq lyc\u00e9ens avaient \u00e9t\u00e9 arr\u00eat\u00e9s<\/a>, \u00ab\u00a0apr\u00e8s des courses-poursuites dans la ville\u00a0\u00bb, se souvient un jeune de Fustel. Il l\u2019assure\u00a0:<\/p>\n<blockquote class=\"wp-block-quote is-layout-flow wp-block-quote-is-layout-flow\">\n<p>\u00ab\u00a0On se fait gazer ou arr\u00eater \u00e0 chaque fois, mais \u00e7a ne nous dissuade pas, on continue pour montrer qu\u2019on n\u2019a pas peur.\u00a0\u00bb<\/p>\n<\/blockquote>\n<p><a href=\"https:\/\/www.rue89strasbourg.com\/user\/offrez-rue89-strasbourg\" target=\"_blank\" rel=\" noreferrer noopener\"><img loading=\"lazy\" decoding=\"async\" width=\"1940\" height=\"500\" src=\"https:\/\/www.europesays.com\/fr\/wp-content\/uploads\/2025\/11\/banner-970x250px-promo-v2-.png\" alt=\"\" class=\"wp-image-367072\" style=\"object-fit:cover;width:970px;height:250px\"  \/><\/a><\/p>\n<p>Un lyc\u00e9en en garde \u00e0 vue<\/p>\n<p>Une quinzaine de policiers sont pr\u00e9sents, jeudi 20 novembre. Apr\u00e8s sommation, ils finissent par disperser les \u00e9l\u00e8ves. En fin de matin\u00e9e, un membre des Lascar est arr\u00eat\u00e9 et plac\u00e9 en garde \u00e0 vue. Pour deux lyc\u00e9ens, \u00e2g\u00e9s respectivement de 16 et 17 ans, la r\u00e9ponse des policiers est \u00ab\u00a0excessive et disproportionn\u00e9e\u00a0\u00bb face \u00e0 un mouvement \u00ab\u00a0pacifique\u00a0\u00bb. \u00ab\u00a0On n\u2019a jamais vu un camarade attaquer un policier, mais on ne peut pas dire l\u2019inverse\u00a0\u00bb, argue l\u2019un d\u2019eux.<\/p>\n<p>Ces Lascar sont r\u00e9volt\u00e9s et n\u2019ont pas le sentiment d\u2019\u00eatre \u00e9cout\u00e9s, ni par les adultes, ni par les autres jeunes moins politis\u00e9s\u00a0: \u00ab\u00a0On se mobilise \u00e0 cause d\u2019une situation globale qui nous concerne tous, qui devrait tous \u00eatre r\u00e9volt\u00e9s, alerte un autre lyc\u00e9en sur place. On se doit d\u2019informer les autres jeunes que \u00e7a les concerne aussi.\u00a0\u00bb<\/p>\n","protected":false},"excerpt":{"rendered":"Jeudi 20 novembre, une centaine d\u2019\u00e9l\u00e8ves a bloqu\u00e9 les lyc\u00e9ens des Pontonniers et de Fustel de Coulanges pour&hellip;\n","protected":false},"author":2,"featured_media":552685,"comment_status":"","ping_status":"","sticky":false,"template":"","format":"standard","meta":{"footnotes":""},"categories":[2820],"tags":[1111,11,7551,1777,674,1011,27,775,66981,12,3518,25,640],"class_list":{"0":"post-552684","1":"post","2":"type-post","3":"status-publish","4":"format-standard","5":"has-post-thumbnail","7":"category-strasbourg","8":"tag-actu","9":"tag-actualites","10":"tag-blocage","11":"tag-eu","12":"tag-europe","13":"tag-fr","14":"tag-france","15":"tag-grand-est","16":"tag-lycee-des-pontonniers","17":"tag-news","18":"tag-palestine","19":"tag-republique-francaise","20":"tag-strasbourg"},"share_on_mastodon":{"url":"https:\/\/pubeurope.com\/@fr\/115597231135846413","error":""},"_links":{"self":[{"href":"https:\/\/www.europesays.com\/fr\/wp-json\/wp\/v2\/posts\/552684","targetHints":{"allow":["GET"]}}],"collection":[{"href":"https:\/\/www.europesays.com\/fr\/wp-json\/wp\/v2\/posts"}],"about":[{"href":"https:\/\/www.europesays.com\/fr\/wp-json\/wp\/v2\/types\/post"}],"author":[{"embeddable":true,"href":"https:\/\/www.europesays.com\/fr\/wp-json\/wp\/v2\/users\/2"}],"replies":[{"embeddable":true,"href":"https:\/\/www.europesays.com\/fr\/wp-json\/wp\/v2\/comments?post=552684"}],"version-history":[{"count":0,"href":"https:\/\/www.europesays.com\/fr\/wp-json\/wp\/v2\/posts\/552684\/revisions"}],"wp:featuredmedia":[{"embeddable":true,"href":"https:\/\/www.europesays.com\/fr\/wp-json\/wp\/v2\/media\/552685"}],"wp:attachment":[{"href":"https:\/\/www.europesays.com\/fr\/wp-json\/wp\/v2\/media?parent=552684"}],"wp:term":[{"taxonomy":"category","embeddable":true,"href":"https:\/\/www.europesays.com\/fr\/wp-json\/wp\/v2\/categories?post=552684"},{"taxonomy":"post_tag","embeddable":true,"href":"https:\/\/www.europesays.com\/fr\/wp-json\/wp\/v2\/tags?post=552684"}],"curies":[{"name":"wp","href":"https:\/\/api.w.org\/{rel}","templated":true}]}}