{"id":552694,"date":"2025-11-23T05:04:40","date_gmt":"2025-11-23T05:04:40","guid":{"rendered":"https:\/\/www.europesays.com\/fr\/552694\/"},"modified":"2025-11-23T05:04:40","modified_gmt":"2025-11-23T05:04:40","slug":"plus-de-350-personnes-rassemblees-a-nantes","status":"publish","type":"post","link":"https:\/\/www.europesays.com\/fr\/552694\/","title":{"rendered":"plus de 350 personnes rassembl\u00e9es \u00e0 Nantes"},"content":{"rendered":"<p>                    Par<br \/>\n        <strong><br \/>\n            <a href=\"https:\/\/actu.fr\/auteur\/thomas-bernard\" title=\"Consulter tous les articles de Thomas Bernard\" target=\"_blank\" rel=\"noopener\">Thomas Bernard<\/a><br \/>\n                    <\/strong><\/p>\n<p>        Publi\u00e9 le<\/p>\n<p>            22 nov. 2025 \u00e0 16h16        <\/p>\n<p>Devant le monument des 50 Otages, ils \u00e9taient <b>plus de 350 \u00e0 se rassembler dans le centre-ville de Nantes<\/b>. Une r\u00e9union pour rendre <a href=\"https:\/\/actu.fr\/provence-alpes-cote-d-azur\/marseille_13055\/meurtre-de-mehdi-kessaci-a-marseille-un-hommage-sous-haute-securite-des-milliers-de-personnes_63474714.html\" target=\"_blank\" rel=\"noopener\">hommage \u00e0 Mehdi Kessaci<\/a>, tu\u00e9 le 13\u00a0novembre 2025 \u00e0 Marseille. \u00c2g\u00e9 de 20\u00a0ans, il a \u00e9t\u00e9 assassin\u00e9 car il \u00e9tait le fr\u00e8re d\u2019Amine Kessaci, militant \u00e9cologiste, engag\u00e9 dans la lutte contre le narcobanditisme.<\/p>\n<p class=\" wall-content\">Ce samedi 22\u00a0novembre, plusieurs rassemblements et marches blanches ont \u00e9t\u00e9 organis\u00e9s en France. Des actions pour dire stop au narcotrafic.<\/p>\n<p>\u00ab\u2009Nous ne demandons pas de la charit\u00e9, nous demandons la justice\u2009\u00bb<\/p>\n<p class=\" wall-content\">\u00c0 Nantes, <a href=\"https:\/\/actu.fr\/tag\/johanna-rolland\" target=\"_blank\" rel=\"noopener\">Johanna Rolland<\/a>, maire de Nantes ou bien Jean-Marc Ayrault, ancien Premier ministre et maire de Nantes, \u00e9taient pr\u00e9sents. Des citoyens ont \u00e9galement particip\u00e9 au rassemblement.<\/p>\n<p class=\" wall-content\">\u00ab\u2009Ce drame m\u2019a beaucoup touch\u00e9. L\u2019importance du trafic de drogue dans la soci\u00e9t\u00e9 est tr\u00e8s pr\u00e9occupante\u2009\u00bb, confie Michel. Citoyens et \u00e9lus, se sont recueillis dans le silence avant d\u2019\u00e9couter un message audio d\u2019Amine Kessaci, diffus\u00e9 sur une enceinte.<\/p>\n<p class=\" wall-content\">Le militant appelle \u00e0 la \u00ab\u2009lutte\u2009\u00bb face au fl\u00e9au du trafic de drogue. \u00ab\u2009<b>Chaque recul des institutions fait monter le trafic de drogue<\/b> [\u2026] Nous ne demandons pas de la charit\u00e9, nous demandons la justice\u2009\u00bb, a expliqu\u00e9 Amine Kessaci.<\/p>\n<p class=\" wall-content\">Personnalisez votre actualit\u00e9 en ajoutant vos villes et m\u00e9dias en favori avec <a href=\"https:\/\/moncompte.actu.fr\" title=\"D\u00e9couvez Mon Actu\" rel=\"nofollow noopener\" data-trk=\"{&quot;cta&quot;:{&quot;action&quot;:&quot;https:\\\/\\\/moncompte.actu.fr&quot;,&quot;category&quot;:&quot;mon compte&quot;,&quot;from&quot;:&quot;article footer&quot;,&quot;name&quot;:&quot;Mon actu&quot;,&quot;type&quot;:&quot;cta&quot;}}\" target=\"_blank\">Mon Actu<\/a>.<\/p>\n","protected":false},"excerpt":{"rendered":"Par Thomas Bernard Publi\u00e9 le 22 nov. 2025 \u00e0 16h16 Devant le monument des 50 Otages, ils \u00e9taient&hellip;\n","protected":false},"author":2,"featured_media":552695,"comment_status":"","ping_status":"","sticky":false,"template":"","format":"standard","meta":{"footnotes":""},"categories":[2818],"tags":[1111,11,1052,1777,674,1011,27,1272,766,12,2636,25,104],"class_list":{"0":"post-552694","1":"post","2":"type-post","3":"status-publish","4":"format-standard","5":"has-post-thumbnail","7":"category-nantes","8":"tag-actu","9":"tag-actualites","10":"tag-drogue","11":"tag-eu","12":"tag-europe","13":"tag-fr","14":"tag-france","15":"tag-manifestations","16":"tag-nantes","17":"tag-news","18":"tag-pays-de-la-loire","19":"tag-republique-francaise","20":"tag-societe"},"share_on_mastodon":{"url":"https:\/\/pubeurope.com\/@fr\/115597270363410531","error":""},"_links":{"self":[{"href":"https:\/\/www.europesays.com\/fr\/wp-json\/wp\/v2\/posts\/552694","targetHints":{"allow":["GET"]}}],"collection":[{"href":"https:\/\/www.europesays.com\/fr\/wp-json\/wp\/v2\/posts"}],"about":[{"href":"https:\/\/www.europesays.com\/fr\/wp-json\/wp\/v2\/types\/post"}],"author":[{"embeddable":true,"href":"https:\/\/www.europesays.com\/fr\/wp-json\/wp\/v2\/users\/2"}],"replies":[{"embeddable":true,"href":"https:\/\/www.europesays.com\/fr\/wp-json\/wp\/v2\/comments?post=552694"}],"version-history":[{"count":0,"href":"https:\/\/www.europesays.com\/fr\/wp-json\/wp\/v2\/posts\/552694\/revisions"}],"wp:featuredmedia":[{"embeddable":true,"href":"https:\/\/www.europesays.com\/fr\/wp-json\/wp\/v2\/media\/552695"}],"wp:attachment":[{"href":"https:\/\/www.europesays.com\/fr\/wp-json\/wp\/v2\/media?parent=552694"}],"wp:term":[{"taxonomy":"category","embeddable":true,"href":"https:\/\/www.europesays.com\/fr\/wp-json\/wp\/v2\/categories?post=552694"},{"taxonomy":"post_tag","embeddable":true,"href":"https:\/\/www.europesays.com\/fr\/wp-json\/wp\/v2\/tags?post=552694"}],"curies":[{"name":"wp","href":"https:\/\/api.w.org\/{rel}","templated":true}]}}