{"id":552699,"date":"2025-11-23T05:07:28","date_gmt":"2025-11-23T05:07:28","guid":{"rendered":"https:\/\/www.europesays.com\/fr\/552699\/"},"modified":"2025-11-23T05:07:28","modified_gmt":"2025-11-23T05:07:28","slug":"on-vous-emmene-a-istanbul-la-perle-du-bosphore","status":"publish","type":"post","link":"https:\/\/www.europesays.com\/fr\/552699\/","title":{"rendered":"on vous emm\u00e8ne \u00e0 Istanbul, la perle du Bosphore"},"content":{"rendered":"<p>                    Par<br \/>\n        <strong><br \/>\n            <a href=\"https:\/\/actu.fr\/auteur\/redaction-toulouse\" title=\"Consulter tous les articles de R\u00e9daction de Toulouse\" target=\"_blank\" rel=\"noopener\">R\u00e9daction de Toulouse<\/a><br \/>\n                    <\/strong><\/p>\n<p>        Publi\u00e9 le<\/p>\n<p>            22 nov. 2025 \u00e0 17h04        <\/p>\n<p>Hub incontournable pour de nombreuses destinations lointaines, <strong>Istanbul<\/strong> ne se r\u00e9sume pas \u00e0 son a\u00e9roport (le plus important d\u2019Europe) et au Grand Bazar\u2009! On vous propose de fl\u00e2ner le long du Bosphore, de plonger dans l\u2019atmosph\u00e8re de ses quartiers anim\u00e9s, de siroter un caf\u00e9 turc et de d\u00e9couvrir l\u2019Istanbul moderne, \u00e0 travers ses mus\u00e9es. D\u00e9part depuis <a href=\"http:\/\/www.actu.fr\/toulouse\" target=\"_blank\" rel=\"noopener\">Toulouse<\/a> !\u00a0<\/p>\n<p>Les essentiels\u2009!<br \/>\n    <img   decoding=\"async\" loading=\"lazy\" src=\"https:\/\/www.europesays.com\/fr\/wp-content\/uploads\/2025\/11\/cafe-pierre-loti-credit-dorisse-pradal-960x640.jpeg\" alt=\"Le caf\u00e9 Pierre Loti. \" width=\"960\" height=\"640\"\/><br \/>\n    Le caf\u00e9 Pierre Loti. (\u00a9Dorisse Pradal \/ Actu Toulouse)<\/p>\n<p class=\" wall-content\">Commen\u00e7ons notre balade par le <strong>caf\u00e9 Pierre Loti<\/strong>, officier de marine et romancier au 19\u00e8me si\u00e8cle. Si sa maison natale vient d\u2019\u00eatre inaugur\u00e9e \u00e0 Rochefort cette ann\u00e9e. C\u2019est \u00e0 Istanbul qu\u2019il aimait se poser et passer le plus clair de son temps. Ce caf\u00e9 est install\u00e9 au milieu d\u2019un cimeti\u00e8re du XVe\u00a0si\u00e8cle, \u00ab\u2009c\u2019est le P\u00e8re Lachaise des Turcs, ici, sont enterr\u00e9s des dignitaires turcs de toutes les \u00e9poques,\u2009\u00bb explique \u00d6zlem, guide touristique.<\/p>\n<p class=\" wall-content\">\u00ab\u2009Au caf\u00e9 Pierre Loti, on mange les fameuses cr\u00eapes, les g\u00f6zleme\u00a0face au coucher de soleil sur la Corne d\u2019Or.\u2009\u00bb Depuis la terrasse, on peut compter six des sept collines d\u2019Istanbul, amusez-vous \u00e0 rep\u00e9rer les monuments embl\u00e9matiques de la ville\u2009: Sainte-Sophie, la mosqu\u00e9e S\u00fcleymaniye, le pont de Galata\u2026<\/p>\n<p class=\" wall-content\">En descendant, attardez-vous dans le quartier Balat face aux jolies maisons color\u00e9es, en bois, elles sont typiques de l\u2019architecture turque. C\u2019est le quartier id\u00e9al pour chiner et ramener de sympathiques souvenirs comme ces tasses \u00e0 th\u00e9 et soucoupes orn\u00e9es de tulipes, les ince belli (taille fine).<\/p>\n<p class=\" wall-content\">J\u2019oubliais\u2026 Les Turcs adorent les chats, vous en croiserez partout. Un mus\u00e9e leur est m\u00eame consacr\u00e9. La moiti\u00e9 des recettes sert \u00e0 soigner et \u00e0 nourrir les chats errants.<\/p>\n<p>Votre r\u00e9gion, votre actu !<\/p>\n<p>Recevez chaque jour les infos qui comptent pour vous.<\/p>\n<p>\t<a href=\"https:\/\/actu.fr\/newsletter\" class=\"ac-btn ac-btn--corner ac-btn--medium ac-btn--blue800\" target=\"_blank\" rel=\"noopener\">S&rsquo;incrire<\/a><br \/>\nByzance, la Gr\u00e8ce\u2026 \u00c7a aussi c\u2019est Istanbul\u2009!<br \/>\n    <img   decoding=\"async\" loading=\"lazy\" src=\"https:\/\/www.europesays.com\/fr\/wp-content\/uploads\/2025\/11\/istanbul-citerne-basilique-credit-dorisse-pradal-960x640.jpeg\" alt=\"La Basilique. \" width=\"960\" height=\"640\"\/><br \/>\n    La citerne Basilique. (\u00a9Dorisse Pradal \/ Actu Toulouse)<\/p>\n<p class=\" wall-content\">Le <strong>Palais de Topkapi<\/strong>, ancienne r\u00e9sidence des sultans ottomans jusqu\u2019au 19\u00e8me si\u00e8cle, La Mosqu\u00e9e bleue,<strong> Sainte-Sophie<\/strong> et son nouveau mus\u00e9e interactif racontant l\u2019histoire mouvement\u00e9e du monument class\u00e9 \u00e0 l\u2019Unesco et redevenu musulman depuis 2020, les remparts d\u2019Istanbul, l\u2019hippodrome byzantin, l\u00e0 o\u00f9 tout a commenc\u00e9\u2026 Istanbul nous interpelle. \u00c0 deux pas, \u00e0 voir absolument, la citerne Basilique. Les Byzantins y stockaient l\u2019eau jusqu\u2019au 13\u00e8me si\u00e8cle. Bons Baisers de Russie avec James Bond a d\u2019ailleurs \u00e9t\u00e9 tourn\u00e9 ici.<\/p>\n<p class=\" wall-content\">Autre citerne plus secr\u00e8te avec ses 18 colonnes de marbre, celle de <strong>Nakka\u015f<\/strong>. Elle est cach\u00e9e sous la boutique d\u2019un fabricant traditionnel de tapis. L\u2019entr\u00e9e est gratuite.<\/p>\n<p>Filons au Grand Bazar<\/p>\n<p class=\" wall-content\">Il est temps de filer au <strong>Grand bazar<\/strong>, on est loin de l\u2019image que l\u2019on se fait du souk. Ici, tout est parfaitement rang\u00e9. Qu\u2019est-ce qui est jaune et brillant\u2009? C\u2019est de l\u2019or, il y en a partout. Mais, c\u2019est dans les rues voisines, jouxtant cette \u00ab\u2009ville\u2009\u00bb pouvant recevoir 400\u2009000\u00a0visiteurs par jour que vous ferez les meilleures affaires.<\/p>\n<p class=\" wall-content\">Notre coup de c\u0153ur\u2009? Le bazar \u00e9gyptien, c\u2019est le march\u00e9 aux \u00e9pices install\u00e9 dans un b\u00e2timent magnifique de style ottoman construit par le sultan\u00a0Mehmet IV au 17\u00e8me si\u00e8cle. Les locaux viennent y chercher du safran.<\/p>\n<p>    <img   decoding=\"async\" loading=\"lazy\" src=\"https:\/\/www.europesays.com\/fr\/wp-content\/uploads\/2025\/11\/istanbul-bazar-egyptine-credit-dorise-pradal-960x640.jpeg\" alt=\"Le bazar \u00e9gyptien. \" width=\"960\" height=\"640\"\/><br \/>\n    Le bazar \u00e9gyptien. (\u00a9Dorisse Pradal \/ Actu Toulouse)La visite ne serait pas compl\u00e8te sans un bain turc\u2009!<\/p>\n<p class=\" wall-content\">Ne cherchez pas la vapeur, il n\u2019y en pas. Vous ne venez pas ici pour transpirer. Ce n\u2019est pas un bain de vapeur. En <strong>Turquie<\/strong>, on parle toutefois de hammam. Le bain turc est une v\u00e9ritable institution<strong> entre hommes, femmes ou mixte<\/strong>. Premi\u00e8re \u00e9tape, on s\u2019installe sur une plaque de marbre chauff\u00e9e, place ensuite au gommage au sel et au savon noir puis au massage dynamique. Ce sont les rituels du bain turc.<\/p>\n<p class=\" wall-content\">On peut encore voir le four \u00e0 bois qui servait \u00e0 chauffer les bains dans le hammam historique de <a href=\"http:\/\/www.cesmehamami.com\" target=\"_blank\" rel=\"noopener\">\u00c7e\u015fme<\/a> datant du 18\u00e8me si\u00e8cle.<\/p>\n<p class=\" wall-content\">Istanbul n\u2019a pas fini de nous \u00e9tonner. Que toute cette <strong>effervescence stambouliote<\/strong> colore votre rentr\u00e9e\u2009!<\/p>\n<p>Coup de c\u0153ur\u2009: Le Pera Palace, un h\u00f4tel hors du temps<br \/>\n    <img   decoding=\"async\" loading=\"lazy\" src=\"https:\/\/www.europesays.com\/fr\/wp-content\/uploads\/2025\/11\/istanbul-pera-palace-credit-dorisse-pradal-960x640.jpeg\" alt=\"Le Pera Palace. \" width=\"960\" height=\"640\"\/><br \/>\n    Le Pera Palace. (\u00a9Gabriel Kenedi \/ Actu Toulouse)<\/p>\n<p class=\" wall-content\">C\u2019est le moment de revoir Minuit au <a href=\"http:\/\/perapalace.com\" target=\"_blank\" rel=\"noopener\"><strong>Pera Palace<\/strong><\/a> diffus\u00e9 sur Netflix. Bienvenue dans le plus ancien \u00e9tablissement d\u2019Istanbul. Son histoire est intimement li\u00e9e au lancement de la ligne Paris-Istanbul de l\u2019Orient Express \u00e0 la fin du 19\u00e8me. C\u2019est <strong>le premier b\u00e2timent d\u2019Istanbul<\/strong> \u00e0 avoir mis en service un ascenseur fonctionnant \u00e0 l\u2019\u00e9lectricit\u00e9. Vous pourrez dormir dans la chambre d\u2019Alfred Hitchcock, de Greta Garbo, d\u2019Ernest Hemingway ou encore d\u2019Agatha Christie, elle a r\u00e9dig\u00e9 une grande partie du Crime de l\u2019orient Express dans la chambre 411.<\/p>\n<p class=\" wall-content\">Mustafa Kemal Atat\u00fcrk, le fondateur de la R\u00e9publique de Turquie (29\u00a0octobre 1923), a s\u00e9journ\u00e9 dans la chambre 101, transform\u00e9e depuis en mus\u00e9e o\u00f9 sont expos\u00e9s ses effets personnels. Si vous n\u2019y dormez pas, allez au moins prendre le th\u00e9 dans le grand salon. Un vrai voyage dans le temps\u2026<\/p>\n<p>Istanbul pratique<\/p>\n<p class=\" wall-content\"><strong>On y va\u2009?<\/strong><\/p>\n<p class=\" wall-content\">Vols directs quotidiens depuis Toulouse-Blagnac avec <a href=\"https:\/\/www.turkishairlines.com\" target=\"_blank\" rel=\"noopener\">Turkish Airlines<\/a>.<\/p>\n<p class=\" wall-content\">Pr\u00e9parer votre voyage sur <a href=\"https:\/\/goturkiye.com\/fr\" target=\"_blank\" rel=\"noopener\">Go Turquie<\/a>\u2009!<\/p>\n<p class=\" wall-content\"><strong>Trois exp\u00e9riences hors circuit\u2009:<\/strong><\/p>\n<p class=\" wall-content\">\u2013\u00a0Le mus\u00e9e<a href=\"https:\/\/www.istanbulmodern.org\" target=\"_blank\" rel=\"noopener\"> Istanbul Modern<\/a> sur les bords du Bosphore con\u00e7u par l\u2019architecte Renzo Piano. A voir l\u2019expo de Chiharu Shiota\u2009: Between Worlds jusqu\u2019en janvier\u00a02026.<\/p>\n<p class=\" wall-content\">\u2013\u00a0A voir le SSM ou le <a href=\"https:\/\/sakipsabancimuzesi.org\/en\" target=\"_blank\" rel=\"noopener\">Sak\u0131p Sabanc\u0131 Museum<\/a>, un lieu unique sur l\u2019art de la calligraphie et les enluminures. On y va aussi pour la vue sur le Bosphore et son restaurant-\u00e9cole qui revisite la cuisine turque.<\/p>\n<p class=\" wall-content\">\u2013\u00a0La visite du <a href=\"http:\/\/www.patriarchate.org\" target=\"_blank\" rel=\"noopener\">Patriarcat\u00a0\u0152cum\u00e9nique\u00a0d\u2019Istanbul<\/a>, le premier si\u00e8ge de l\u2019\u00c9glise Orthodoxe dans le quartier Fener. L\u2019\u00e9glise Saint-Georges est consid\u00e9r\u00e9e comme l\u2019autorit\u00e9 supr\u00eame par les 300\u00a0millions de fid\u00e8les dans le monde.<\/p>\n<p><strong>O\u00f9 manger\u2009?<\/strong><br \/>\n    <img   decoding=\"async\" loading=\"lazy\" src=\"https:\/\/www.europesays.com\/fr\/wp-content\/uploads\/2025\/11\/istanbul-ambiance-street-food-credit-dorisse-pradal-960x640.jpeg\" alt=\"Istanbul, ambiance street-food ! \" width=\"960\" height=\"640\"\/><br \/>\n    Istanbul, ambiance street-food\u2009! (\u00a9Dorisse Pradal \/ Actu Toulouse)<\/p>\n<p class=\" wall-content\">Istanbul, c\u2019est<strong> le royaume de la street food<\/strong>, ma\u00efs grill\u00e9, sandwich au poisson, d\u00f6ner kebab, Kokore\u00e7 \u00e0 base d\u2019agneau\u2026<\/p>\n<p class=\" wall-content\"><strong>Nos conseils restos\u2009:<\/strong><\/p>\n<ul class=\" wall-content\">\n<li><a href=\"https:\/\/www.divan.com.tr\" target=\"_blank\" rel=\"noopener\">Divan Brasserie Fuaye<\/a> au Centre Culturel Atat\u00fcrk face \u00e0 la place Taksim<\/li>\n<li><a href=\"https:\/\/www.eleosrestaurant.com\" target=\"_blank\" rel=\"noopener\">Eleos Reestaurant<\/a>, toute la Gr\u00e8ce sur un superbe rooftop\u2009!<\/li>\n<li><a href=\"https:\/\/www.muutto.com.tr\/en\" target=\"_blank\" rel=\"noopener\">Muuto Galataport<\/a>\u2009: tapas d\u2019Anatolie dans un quartier tr\u00e8s anim\u00e9.<\/li>\n<li><a href=\"https:\/\/cuma.cc\" target=\"_blank\" rel=\"noopener\">Cuma Restaurant<\/a> dans le quartier Cihangir\u2009: une petite adresse divine.<\/li>\n<li><a href=\"https:\/\/www.alafkurucesme.com\" target=\"_blank\" rel=\"noopener\">Alaf Kuru\u00e7e\u015fme<\/a>, une p\u00e9pite \u00e0 deux pas de la ville, face au Bosphore.<\/li>\n<\/ul>\n<p class=\" wall-content\">Ne cherchez plus la guide pour d\u00e9couvrir Istanbul autrement\u2009: \u00d6zlem Kabasakal [<a href=\"http:\/\/actu.fr\/cdn-cgi\/l\/email-protection#cba4b1a7aea6a9a4b2b8aaa78ba3a4bfa6aaa2a7e5a8a4a6\" target=\"_blank\" rel=\"noopener\">[email\u00a0protected]<\/a>]<\/p>\n<p class=\" wall-content\"><strong>Dorisse Pradal<\/strong><\/p>\n<p class=\" wall-content\">Personnalisez votre actualit\u00e9 en ajoutant vos villes et m\u00e9dias en favori avec <a href=\"https:\/\/moncompte.actu.fr\" title=\"D\u00e9couvez Mon Actu\" rel=\"nofollow noopener\" data-trk=\"{&quot;cta&quot;:{&quot;action&quot;:&quot;https:\\\/\\\/moncompte.actu.fr&quot;,&quot;category&quot;:&quot;mon compte&quot;,&quot;from&quot;:&quot;article footer&quot;,&quot;name&quot;:&quot;Mon actu&quot;,&quot;type&quot;:&quot;cta&quot;}}\" target=\"_blank\">Mon Actu<\/a>.<\/p>\n","protected":false},"excerpt":{"rendered":"Par R\u00e9daction de Toulouse Publi\u00e9 le 22 nov. 2025 \u00e0 17h04 Hub incontournable pour de nombreuses destinations lointaines,&hellip;\n","protected":false},"author":2,"featured_media":552700,"comment_status":"","ping_status":"","sticky":false,"template":"","format":"standard","meta":{"footnotes":""},"categories":[2816],"tags":[1111,11,103,1777,674,1011,27,1652,12,2680,25,2312,586],"class_list":{"0":"post-552699","1":"post","2":"type-post","3":"status-publish","4":"format-standard","5":"has-post-thumbnail","7":"category-toulouse","8":"tag-actu","9":"tag-actualites","10":"tag-aeroport-toulouse-blagnac","11":"tag-eu","12":"tag-europe","13":"tag-fr","14":"tag-france","15":"tag-loisirs-culture","16":"tag-news","17":"tag-occitanie","18":"tag-republique-francaise","19":"tag-toulouse","20":"tag-voyage"},"share_on_mastodon":{"url":"https:\/\/pubeurope.com\/@fr\/115597283084192275","error":""},"_links":{"self":[{"href":"https:\/\/www.europesays.com\/fr\/wp-json\/wp\/v2\/posts\/552699","targetHints":{"allow":["GET"]}}],"collection":[{"href":"https:\/\/www.europesays.com\/fr\/wp-json\/wp\/v2\/posts"}],"about":[{"href":"https:\/\/www.europesays.com\/fr\/wp-json\/wp\/v2\/types\/post"}],"author":[{"embeddable":true,"href":"https:\/\/www.europesays.com\/fr\/wp-json\/wp\/v2\/users\/2"}],"replies":[{"embeddable":true,"href":"https:\/\/www.europesays.com\/fr\/wp-json\/wp\/v2\/comments?post=552699"}],"version-history":[{"count":0,"href":"https:\/\/www.europesays.com\/fr\/wp-json\/wp\/v2\/posts\/552699\/revisions"}],"wp:featuredmedia":[{"embeddable":true,"href":"https:\/\/www.europesays.com\/fr\/wp-json\/wp\/v2\/media\/552700"}],"wp:attachment":[{"href":"https:\/\/www.europesays.com\/fr\/wp-json\/wp\/v2\/media?parent=552699"}],"wp:term":[{"taxonomy":"category","embeddable":true,"href":"https:\/\/www.europesays.com\/fr\/wp-json\/wp\/v2\/categories?post=552699"},{"taxonomy":"post_tag","embeddable":true,"href":"https:\/\/www.europesays.com\/fr\/wp-json\/wp\/v2\/tags?post=552699"}],"curies":[{"name":"wp","href":"https:\/\/api.w.org\/{rel}","templated":true}]}}